{"id":9199,"date":"2022-02-03T11:32:18","date_gmt":"2022-02-03T11:32:18","guid":{"rendered":"http:\/\/localhost\/cidei\/?p=9199"},"modified":"2025-08-13T15:43:23","modified_gmt":"2025-08-13T15:43:23","slug":"autocuidado-e-mindfulness-em-profissionais-do-contexto-social","status":"publish","type":"post","link":"https:\/\/events.ipv.pt\/cidei\/en\/autocuidado-e-mindfulness-em-profissionais-do-contexto-social\/","title":{"rendered":"Autocuidado e Mindfulness em profissionais do contexto social"},"content":{"rendered":"<p>Alves, A., Carra\u00e7a, B., Sargento, J., Magalh\u00e3es, C. (2022).<br \/>\nAutocuidado e Mindfulness em profissionais do contexto social.<br \/>\nIn Silva, A., Vieira, A. (Org.), <em>Ci\u00eancias humanas: Desafios metodol\u00f3gicos e resultados emp\u00edricos 2<\/em> (pp. 36-49).<br \/>\nAtena Editora. DOI: <a href=\"https:\/\/www.atenaeditora.com.br\/catalogo\/post\/autocuidado-e-mindfulness-em-profissionais-do-contexto-social\" rel=\"noopener\" target=\"_blank\">10.22533\/at.ed.0222209065<\/a><\/p>","protected":false},"excerpt":{"rendered":"<p>Alves, A., Carra\u00e7a, B., Sargento, J., Magalh\u00e3es, C. (2022). Autocuidado e Mindfulness em profissionais do contexto social. In Silva, A., Vieira, A. (Org.), Ci\u00eancias humanas: Desafios metodol\u00f3gicos e resultados emp\u00edricos 2 (pp. 36-49). Atena Editora. DOI: 10.22533\/at.ed.0222209065<\/p>","protected":false},"author":1,"featured_media":0,"comment_status":"closed","ping_status":"closed","sticky":false,"template":"","format":"standard","meta":{"site-sidebar-layout":"default","site-content-layout":"","ast-site-content-layout":"default","site-content-style":"default","site-sidebar-style":"default","ast-global-header-display":"","ast-banner-title-visibility":"","ast-main-header-display":"","ast-hfb-above-header-display":"","ast-hfb-below-header-display":"","ast-hfb-mobile-header-display":"","site-post-title":"","ast-breadcrumbs-content":"","ast-featured-img":"","footer-sml-layout":"","ast-disable-related-posts":"","theme-transparent-header-meta":"default","adv-header-id-meta":"","stick-header-meta":"","header-above-stick-meta":"","header-main-stick-meta":"","header-below-stick-meta":"","astra-migrate-meta-layouts":"set","ast-page-background-enabled":"default","ast-page-background-meta":{"desktop":{"background-color":"","background-image":"","background-repeat":"repeat","background-position":"center center","background-size":"auto","background-attachment":"scroll","background-type":"","background-media":"","overlay-type":"","overlay-color":"","overlay-opacity":"","overlay-gradient":""},"tablet":{"background-color":"","background-image":"","background-repeat":"repeat","background-position":"center center","background-size":"auto","background-attachment":"scroll","background-type":"","background-media":"","overlay-type":"","overlay-color":"","overlay-opacity":"","overlay-gradient":""},"mobile":{"background-color":"","background-image":"","background-repeat":"repeat","background-position":"center center","background-size":"auto","background-attachment":"scroll","background-type":"","background-media":"","overlay-type":"","overlay-color":"","overlay-opacity":"","overlay-gradient":""}},"ast-content-background-meta":{"desktop":{"background-color":"var(--ast-global-color-5)","background-image":"","background-repeat":"repeat","background-position":"center center","background-size":"auto","background-attachment":"scroll","background-type":"","background-media":"","overlay-type":"","overlay-color":"","overlay-opacity":"","overlay-gradient":""},"tablet":{"background-color":"var(--ast-global-color-5)","background-image":"","background-repeat":"repeat","background-position":"center center","background-size":"auto","background-attachment":"scroll","background-type":"","background-media":"","overlay-type":"","overlay-color":"","overlay-opacity":"","overlay-gradient":""},"mobile":{"background-color":"var(--ast-global-color-5)","background-image":"","background-repeat":"repeat","background-position":"center center","background-size":"auto","background-attachment":"scroll","background-type":"","background-media":"","overlay-type":"","overlay-color":"","overlay-opacity":"","overlay-gradient":""}},"footnotes":"","_links_to":"","_links_to_target":""},"categories":[38,55,35,49],"tags":[247,239],"class_list":["post-9199","post","type-post","status-publish","format-standard","hentry","category-38","category-caplivrointernacional","category-educacao-para-a-saude-e-qualidade-de-vida","category-viseu","tag-catia-magalhaes","tag-jose-antonio-sargento"],"_links":{"self":[{"href":"https:\/\/events.ipv.pt\/cidei\/en\/wp-json\/wp\/v2\/posts\/9199","targetHints":{"allow":["GET"]}}],"collection":[{"href":"https:\/\/events.ipv.pt\/cidei\/en\/wp-json\/wp\/v2\/posts"}],"about":[{"href":"https:\/\/events.ipv.pt\/cidei\/en\/wp-json\/wp\/v2\/types\/post"}],"author":[{"embeddable":true,"href":"https:\/\/events.ipv.pt\/cidei\/en\/wp-json\/wp\/v2\/users\/1"}],"replies":[{"embeddable":true,"href":"https:\/\/events.ipv.pt\/cidei\/en\/wp-json\/wp\/v2\/comments?post=9199"}],"version-history":[{"count":2,"href":"https:\/\/events.ipv.pt\/cidei\/en\/wp-json\/wp\/v2\/posts\/9199\/revisions"}],"predecessor-version":[{"id":17047,"href":"https:\/\/events.ipv.pt\/cidei\/en\/wp-json\/wp\/v2\/posts\/9199\/revisions\/17047"}],"wp:attachment":[{"href":"https:\/\/events.ipv.pt\/cidei\/en\/wp-json\/wp\/v2\/media?parent=9199"}],"wp:term":[{"taxonomy":"category","embeddable":true,"href":"https:\/\/events.ipv.pt\/cidei\/en\/wp-json\/wp\/v2\/categories?post=9199"},{"taxonomy":"post_tag","embeddable":true,"href":"https:\/\/events.ipv.pt\/cidei\/en\/wp-json\/wp\/v2\/tags?post=9199"}],"curies":[{"name":"wp","href":"https:\/\/api.w.org\/{rel}","templated":true}]}}