{"id":8998,"date":"2021-02-02T11:25:14","date_gmt":"2021-02-02T11:25:14","guid":{"rendered":"http:\/\/localhost\/cidei\/?p=8998"},"modified":"2025-08-27T13:12:51","modified_gmt":"2025-08-27T13:12:51","slug":"a-percecao-do-impacto-da-oferta-formativa-promovida-pela-associacao-de-vitimas-do-incendio-de-pedrogao-grande-na-comunidade-apos-os-incendios-florestais-de-pedrogao-grande-em-2017","status":"publish","type":"post","link":"https:\/\/events.ipv.pt\/cidei\/en\/a-percecao-do-impacto-da-oferta-formativa-promovida-pela-associacao-de-vitimas-do-incendio-de-pedrogao-grande-na-comunidade-apos-os-incendios-florestais-de-pedrogao-grande-em-2017\/","title":{"rendered":"A perce\u00e7\u00e3o do impacto da oferta formativa promovida pela Associa\u00e7\u00e3o de V\u00edtimas do Inc\u00eandio de Pedr\u00f3g\u00e3o Grande na comunidade, ap\u00f3s os Inc\u00eandios Florestais de Pedr\u00f3g\u00e3o Grande em 2017"},"content":{"rendered":"<p>A perce\u00e7\u00e3o do impacto da oferta formativa promovida pela Associa\u00e7\u00e3o de V\u00edtimas do Inc\u00eandio de Pedr\u00f3g\u00e3o Grande na comunidade, ap\u00f3s os Inc\u00eandios Florestais de Pedr\u00f3g\u00e3o Grande em 2017<br \/>\n2021 Ci\u00eancias da Educa\u00e7\u00e3o, \u00e1rea de especializa\u00e7\u00e3o em Educa\u00e7\u00e3o e Desenvolvimento Comunit\u00e1rio | Instituto Polit\u00e9cnico de Leiria Escola Superior de Educa\u00e7\u00e3o e Ci\u00eancias Sociais, Portugal<br \/>\nNuno Miguel Neves P\u00f3voa | <a href=\"http:\/\/hdl.handle.net\/10400.8\/6547\" rel=\"noopener\" target=\"_blank\">http:\/\/hdl.handle.net\/10400.8\/6547<\/a><\/p>","protected":false},"excerpt":{"rendered":"<p>A perce\u00e7\u00e3o do impacto da oferta formativa promovida pela Associa\u00e7\u00e3o de V\u00edtimas do Inc\u00eandio de Pedr\u00f3g\u00e3o Grande na comunidade, ap\u00f3s os Inc\u00eandios Florestais de Pedr\u00f3g\u00e3o Grande em 2017 2021 Ci\u00eancias da Educa\u00e7\u00e3o, \u00e1rea de especializa\u00e7\u00e3o em Educa\u00e7\u00e3o e Desenvolvimento Comunit\u00e1rio | Instituto Polit\u00e9cnico de Leiria Escola Superior de Educa\u00e7\u00e3o e Ci\u00eancias Sociais, Portugal Nuno Miguel [&hellip;]<\/p>\n","protected":false},"author":1,"featured_media":0,"comment_status":"closed","ping_status":"closed","sticky":false,"template":"","format":"standard","meta":{"site-sidebar-layout":"default","site-content-layout":"","ast-site-content-layout":"default","site-content-style":"default","site-sidebar-style":"default","ast-global-header-display":"","ast-banner-title-visibility":"","ast-main-header-display":"","ast-hfb-above-header-display":"","ast-hfb-below-header-display":"","ast-hfb-mobile-header-display":"","site-post-title":"","ast-breadcrumbs-content":"","ast-featured-img":"","footer-sml-layout":"","ast-disable-related-posts":"","theme-transparent-header-meta":"default","adv-header-id-meta":"","stick-header-meta":"","header-above-stick-meta":"","header-main-stick-meta":"","header-below-stick-meta":"","astra-migrate-meta-layouts":"set","ast-page-background-enabled":"default","ast-page-background-meta":{"desktop":{"background-color":"","background-image":"","background-repeat":"repeat","background-position":"center center","background-size":"auto","background-attachment":"scroll","background-type":"","background-media":"","overlay-type":"","overlay-color":"","overlay-opacity":"","overlay-gradient":""},"tablet":{"background-color":"","background-image":"","background-repeat":"repeat","background-position":"center center","background-size":"auto","background-attachment":"scroll","background-type":"","background-media":"","overlay-type":"","overlay-color":"","overlay-opacity":"","overlay-gradient":""},"mobile":{"background-color":"","background-image":"","background-repeat":"repeat","background-position":"center center","background-size":"auto","background-attachment":"scroll","background-type":"","background-media":"","overlay-type":"","overlay-color":"","overlay-opacity":"","overlay-gradient":""}},"ast-content-background-meta":{"desktop":{"background-color":"var(--ast-global-color-5)","background-image":"","background-repeat":"repeat","background-position":"center center","background-size":"auto","background-attachment":"scroll","background-type":"","background-media":"","overlay-type":"","overlay-color":"","overlay-opacity":"","overlay-gradient":""},"tablet":{"background-color":"var(--ast-global-color-5)","background-image":"","background-repeat":"repeat","background-position":"center center","background-size":"auto","background-attachment":"scroll","background-type":"","background-media":"","overlay-type":"","overlay-color":"","overlay-opacity":"","overlay-gradient":""},"mobile":{"background-color":"var(--ast-global-color-5)","background-image":"","background-repeat":"repeat","background-position":"center center","background-size":"auto","background-attachment":"scroll","background-type":"","background-media":"","overlay-type":"","overlay-color":"","overlay-opacity":"","overlay-gradient":""}},"footnotes":"","_links_to":"","_links_to_target":""},"categories":[39,26,51,172],"tags":[290],"class_list":["post-8998","post","type-post","status-publish","format-standard","hentry","category-39","category-educacao-para-o-empreendedorismo-e-sustentabilidade","category-leiria","category-mestrado","tag-susana-faria"],"_links":{"self":[{"href":"https:\/\/events.ipv.pt\/cidei\/en\/wp-json\/wp\/v2\/posts\/8998","targetHints":{"allow":["GET"]}}],"collection":[{"href":"https:\/\/events.ipv.pt\/cidei\/en\/wp-json\/wp\/v2\/posts"}],"about":[{"href":"https:\/\/events.ipv.pt\/cidei\/en\/wp-json\/wp\/v2\/types\/post"}],"author":[{"embeddable":true,"href":"https:\/\/events.ipv.pt\/cidei\/en\/wp-json\/wp\/v2\/users\/1"}],"replies":[{"embeddable":true,"href":"https:\/\/events.ipv.pt\/cidei\/en\/wp-json\/wp\/v2\/comments?post=8998"}],"version-history":[{"count":3,"href":"https:\/\/events.ipv.pt\/cidei\/en\/wp-json\/wp\/v2\/posts\/8998\/revisions"}],"predecessor-version":[{"id":18583,"href":"https:\/\/events.ipv.pt\/cidei\/en\/wp-json\/wp\/v2\/posts\/8998\/revisions\/18583"}],"wp:attachment":[{"href":"https:\/\/events.ipv.pt\/cidei\/en\/wp-json\/wp\/v2\/media?parent=8998"}],"wp:term":[{"taxonomy":"category","embeddable":true,"href":"https:\/\/events.ipv.pt\/cidei\/en\/wp-json\/wp\/v2\/categories?post=8998"},{"taxonomy":"post_tag","embeddable":true,"href":"https:\/\/events.ipv.pt\/cidei\/en\/wp-json\/wp\/v2\/tags?post=8998"}],"curies":[{"name":"wp","href":"https:\/\/api.w.org\/{rel}","templated":true}]}}