{"id":8454,"date":"2018-02-01T13:55:36","date_gmt":"2018-02-01T13:55:36","guid":{"rendered":"http:\/\/localhost\/cidei\/?p=8454"},"modified":"2025-08-28T15:28:27","modified_gmt":"2025-08-28T15:28:27","slug":"competencias-ortograficas-em-alunos-com-defice-na-expressao-escrita-contributos-de-um-estudo-de-caso","status":"publish","type":"post","link":"https:\/\/events.ipv.pt\/cidei\/en\/competencias-ortograficas-em-alunos-com-defice-na-expressao-escrita-contributos-de-um-estudo-de-caso\/","title":{"rendered":"Compet\u00eancias ortogr\u00e1ficas em alunos com d\u00e9fice na express\u00e3o escrita: Contributos de um estudo de caso"},"content":{"rendered":"<p>Compet\u00eancias ortogr\u00e1ficas em alunos com d\u00e9fice na express\u00e3o escrita: Contributos de um estudo de caso<br \/>\n2018 Educa\u00e7\u00e3o Especial, \u00e1rea de especializa\u00e7\u00e3o em Dom\u00ednio Cognitivo e Motor | Instituto Polit\u00e9cnico de Viseu Escola Superior de Educa\u00e7\u00e3o de Viseu, Portugal<br \/>\nIsabel Maria Br\u00e1s de Moura | <a href=\"http:\/\/hdl.handle.net\/10400.19\/6065\" rel=\"noopener\" target=\"_blank\">http:\/\/hdl.handle.net\/10400.19\/6065<\/a><\/p>","protected":false},"excerpt":{"rendered":"<p>Compet\u00eancias ortogr\u00e1ficas em alunos com d\u00e9fice na express\u00e3o escrita: Contributos de um estudo de caso 2018 Educa\u00e7\u00e3o Especial, \u00e1rea de especializa\u00e7\u00e3o em Dom\u00ednio Cognitivo e Motor | Instituto Polit\u00e9cnico de Viseu Escola Superior de Educa\u00e7\u00e3o de Viseu, Portugal Isabel Maria Br\u00e1s de Moura | http:\/\/hdl.handle.net\/10400.19\/6065<\/p>","protected":false},"author":1,"featured_media":0,"comment_status":"closed","ping_status":"closed","sticky":false,"template":"","format":"standard","meta":{"site-sidebar-layout":"default","site-content-layout":"","ast-site-content-layout":"default","site-content-style":"default","site-sidebar-style":"default","ast-global-header-display":"","ast-banner-title-visibility":"","ast-main-header-display":"","ast-hfb-above-header-display":"","ast-hfb-below-header-display":"","ast-hfb-mobile-header-display":"","site-post-title":"","ast-breadcrumbs-content":"","ast-featured-img":"","footer-sml-layout":"","ast-disable-related-posts":"","theme-transparent-header-meta":"default","adv-header-id-meta":"","stick-header-meta":"","header-above-stick-meta":"","header-main-stick-meta":"","header-below-stick-meta":"","astra-migrate-meta-layouts":"set","ast-page-background-enabled":"default","ast-page-background-meta":{"desktop":{"background-color":"","background-image":"","background-repeat":"repeat","background-position":"center center","background-size":"auto","background-attachment":"scroll","background-type":"","background-media":"","overlay-type":"","overlay-color":"","overlay-opacity":"","overlay-gradient":""},"tablet":{"background-color":"","background-image":"","background-repeat":"repeat","background-position":"center center","background-size":"auto","background-attachment":"scroll","background-type":"","background-media":"","overlay-type":"","overlay-color":"","overlay-opacity":"","overlay-gradient":""},"mobile":{"background-color":"","background-image":"","background-repeat":"repeat","background-position":"center center","background-size":"auto","background-attachment":"scroll","background-type":"","background-media":"","overlay-type":"","overlay-color":"","overlay-opacity":"","overlay-gradient":""}},"ast-content-background-meta":{"desktop":{"background-color":"var(--ast-global-color-5)","background-image":"","background-repeat":"repeat","background-position":"center center","background-size":"auto","background-attachment":"scroll","background-type":"","background-media":"","overlay-type":"","overlay-color":"","overlay-opacity":"","overlay-gradient":""},"tablet":{"background-color":"var(--ast-global-color-5)","background-image":"","background-repeat":"repeat","background-position":"center center","background-size":"auto","background-attachment":"scroll","background-type":"","background-media":"","overlay-type":"","overlay-color":"","overlay-opacity":"","overlay-gradient":""},"mobile":{"background-color":"var(--ast-global-color-5)","background-image":"","background-repeat":"repeat","background-position":"center center","background-size":"auto","background-attachment":"scroll","background-type":"","background-media":"","overlay-type":"","overlay-color":"","overlay-opacity":"","overlay-gradient":""}},"footnotes":"","_links_to":"","_links_to_target":""},"categories":[42,27,172,49],"tags":[281],"class_list":["post-8454","post","type-post","status-publish","format-standard","hentry","category-42","category-educacao-cidadania-e-inclusao","category-mestrado","category-viseu","tag-esperanca-ribeiro"],"_links":{"self":[{"href":"https:\/\/events.ipv.pt\/cidei\/en\/wp-json\/wp\/v2\/posts\/8454","targetHints":{"allow":["GET"]}}],"collection":[{"href":"https:\/\/events.ipv.pt\/cidei\/en\/wp-json\/wp\/v2\/posts"}],"about":[{"href":"https:\/\/events.ipv.pt\/cidei\/en\/wp-json\/wp\/v2\/types\/post"}],"author":[{"embeddable":true,"href":"https:\/\/events.ipv.pt\/cidei\/en\/wp-json\/wp\/v2\/users\/1"}],"replies":[{"embeddable":true,"href":"https:\/\/events.ipv.pt\/cidei\/en\/wp-json\/wp\/v2\/comments?post=8454"}],"version-history":[{"count":3,"href":"https:\/\/events.ipv.pt\/cidei\/en\/wp-json\/wp\/v2\/posts\/8454\/revisions"}],"predecessor-version":[{"id":18838,"href":"https:\/\/events.ipv.pt\/cidei\/en\/wp-json\/wp\/v2\/posts\/8454\/revisions\/18838"}],"wp:attachment":[{"href":"https:\/\/events.ipv.pt\/cidei\/en\/wp-json\/wp\/v2\/media?parent=8454"}],"wp:term":[{"taxonomy":"category","embeddable":true,"href":"https:\/\/events.ipv.pt\/cidei\/en\/wp-json\/wp\/v2\/categories?post=8454"},{"taxonomy":"post_tag","embeddable":true,"href":"https:\/\/events.ipv.pt\/cidei\/en\/wp-json\/wp\/v2\/tags?post=8454"}],"curies":[{"name":"wp","href":"https:\/\/api.w.org\/{rel}","templated":true}]}}