{"id":7402,"date":"2020-01-28T14:16:30","date_gmt":"2020-01-28T14:16:30","guid":{"rendered":"http:\/\/localhost\/cidei\/?p=7402"},"modified":"2025-08-13T14:21:36","modified_gmt":"2025-08-13T14:21:36","slug":"historias-multissensoriais-um-projeto-de-literacia-inclusiva","status":"publish","type":"post","link":"https:\/\/events.ipv.pt\/cidei\/en\/historias-multissensoriais-um-projeto-de-literacia-inclusiva\/","title":{"rendered":"Hist\u00f3rias multissensoriais: um projeto de literacia inclusiva"},"content":{"rendered":"<p>Nunes, C., Silva, E., Nobre, R., Miguel, T., Antunes, S., Rijo, R., Gr\u00e1cio, H. (2020).<br \/>\nHist\u00f3rias multissensoriais: um projeto de literacia inclusiva.<br \/>\nIn O. Sousa, P. Ferreira, A. Estrela, S. Esteves (Eds.), <em>Investiga\u00e7\u00e3o e Pr\u00e1ticas em Leitura<\/em> (pp. 9-28).<br \/>\nLisboa: CIED &#8211; Centro Interdisciplinar de Estudos Educacionais, Escola Superior de Educa\u00e7\u00e3o, Instituto Polit\u00e9cnico de Lisboa<\/p>","protected":false},"excerpt":{"rendered":"<p>Nunes, C., Silva, E., Nobre, R., Miguel, T., Antunes, S., Rijo, R., Gr\u00e1cio, H. (2020). Hist\u00f3rias multissensoriais: um projeto de literacia inclusiva. In O. Sousa, P. Ferreira, A. Estrela, S. Esteves (Eds.), Investiga\u00e7\u00e3o e Pr\u00e1ticas em Leitura (pp. 9-28). Lisboa: CIED &#8211; Centro Interdisciplinar de Estudos Educacionais, Escola Superior de Educa\u00e7\u00e3o, Instituto Polit\u00e9cnico de Lisboa<\/p>","protected":false},"author":1,"featured_media":0,"comment_status":"closed","ping_status":"closed","sticky":false,"template":"","format":"standard","meta":{"site-sidebar-layout":"default","site-content-layout":"","ast-site-content-layout":"default","site-content-style":"default","site-sidebar-style":"default","ast-global-header-display":"","ast-banner-title-visibility":"","ast-main-header-display":"","ast-hfb-above-header-display":"","ast-hfb-below-header-display":"","ast-hfb-mobile-header-display":"","site-post-title":"","ast-breadcrumbs-content":"","ast-featured-img":"","footer-sml-layout":"","ast-disable-related-posts":"","theme-transparent-header-meta":"default","adv-header-id-meta":"","stick-header-meta":"","header-above-stick-meta":"","header-main-stick-meta":"","header-below-stick-meta":"","astra-migrate-meta-layouts":"set","ast-page-background-enabled":"default","ast-page-background-meta":{"desktop":{"background-color":"","background-image":"","background-repeat":"repeat","background-position":"center center","background-size":"auto","background-attachment":"scroll","background-type":"","background-media":"","overlay-type":"","overlay-color":"","overlay-opacity":"","overlay-gradient":""},"tablet":{"background-color":"","background-image":"","background-repeat":"repeat","background-position":"center center","background-size":"auto","background-attachment":"scroll","background-type":"","background-media":"","overlay-type":"","overlay-color":"","overlay-opacity":"","overlay-gradient":""},"mobile":{"background-color":"","background-image":"","background-repeat":"repeat","background-position":"center center","background-size":"auto","background-attachment":"scroll","background-type":"","background-media":"","overlay-type":"","overlay-color":"","overlay-opacity":"","overlay-gradient":""}},"ast-content-background-meta":{"desktop":{"background-color":"var(--ast-global-color-5)","background-image":"","background-repeat":"repeat","background-position":"center center","background-size":"auto","background-attachment":"scroll","background-type":"","background-media":"","overlay-type":"","overlay-color":"","overlay-opacity":"","overlay-gradient":""},"tablet":{"background-color":"var(--ast-global-color-5)","background-image":"","background-repeat":"repeat","background-position":"center center","background-size":"auto","background-attachment":"scroll","background-type":"","background-media":"","overlay-type":"","overlay-color":"","overlay-opacity":"","overlay-gradient":""},"mobile":{"background-color":"var(--ast-global-color-5)","background-image":"","background-repeat":"repeat","background-position":"center center","background-size":"auto","background-attachment":"scroll","background-type":"","background-media":"","overlay-type":"","overlay-color":"","overlay-opacity":"","overlay-gradient":""}},"footnotes":"","_links_to":"","_links_to_target":""},"categories":[40,59,27,152],"tags":[230],"class_list":["post-7402","post","type-post","status-publish","format-standard","hentry","category-40","category-capitulos-de-livro-de-edicao-nacional","category-educacao-cidadania-e-inclusao","category-lisboa","tag-clarisse-nunes"],"_links":{"self":[{"href":"https:\/\/events.ipv.pt\/cidei\/en\/wp-json\/wp\/v2\/posts\/7402","targetHints":{"allow":["GET"]}}],"collection":[{"href":"https:\/\/events.ipv.pt\/cidei\/en\/wp-json\/wp\/v2\/posts"}],"about":[{"href":"https:\/\/events.ipv.pt\/cidei\/en\/wp-json\/wp\/v2\/types\/post"}],"author":[{"embeddable":true,"href":"https:\/\/events.ipv.pt\/cidei\/en\/wp-json\/wp\/v2\/users\/1"}],"replies":[{"embeddable":true,"href":"https:\/\/events.ipv.pt\/cidei\/en\/wp-json\/wp\/v2\/comments?post=7402"}],"version-history":[{"count":2,"href":"https:\/\/events.ipv.pt\/cidei\/en\/wp-json\/wp\/v2\/posts\/7402\/revisions"}],"predecessor-version":[{"id":16903,"href":"https:\/\/events.ipv.pt\/cidei\/en\/wp-json\/wp\/v2\/posts\/7402\/revisions\/16903"}],"wp:attachment":[{"href":"https:\/\/events.ipv.pt\/cidei\/en\/wp-json\/wp\/v2\/media?parent=7402"}],"wp:term":[{"taxonomy":"category","embeddable":true,"href":"https:\/\/events.ipv.pt\/cidei\/en\/wp-json\/wp\/v2\/categories?post=7402"},{"taxonomy":"post_tag","embeddable":true,"href":"https:\/\/events.ipv.pt\/cidei\/en\/wp-json\/wp\/v2\/tags?post=7402"}],"curies":[{"name":"wp","href":"https:\/\/api.w.org\/{rel}","templated":true}]}}