{"id":723,"date":"2017-10-25T11:15:58","date_gmt":"2017-10-25T11:15:58","guid":{"rendered":"http:\/\/localhost\/cidei\/?p=723"},"modified":"2026-02-05T17:15:05","modified_gmt":"2026-02-05T17:15:05","slug":"eco-sensors4health-eco-sensores-na-promocao-da-saude-apoiar-as-criancas-na-criacao-de-escolas-eco-saudaveis","status":"publish","type":"post","link":"https:\/\/events.ipv.pt\/cidei\/en\/eco-sensors4health-eco-sensores-na-promocao-da-saude-apoiar-as-criancas-na-criacao-de-escolas-eco-saudaveis\/","title":{"rendered":"LISBOA-01-0145-FEDER-02323 | ECO-SENSORS4HEALTH ECO-SENSORES NA PROMO\u00c7\u00c3O DA SA\u00daDE: APOIAR AS CRIAN\u00c7AS NA CRIA\u00c7\u00c3O DE ESCOLAS ECO-SAUD\u00c1VEIS"},"content":{"rendered":"<h5><span class=\"fS8\">Duration:<\/span> 2017 \u2013 2019<\/h5>\n<h5><span class=\"fS8\">Principal Researcher<\/span><br \/>\nMaria Jo\u00e3o Silva<\/h5>\n<h5><span class=\"fS8\">Team Members<\/span><br \/>\nAnabela Novais<br \/>\n<span class=\"fCinzaA fW400\">Ana Caseiro<\/span><br \/>\nBianor Valente<br \/>\nCarlos Luz<br \/>\nCl\u00e1udia Chaves<br \/>\nClarisse Nunes<br \/>\nCristina Azevedo Gomes<br \/>\nCristina Cruz<br \/>\nIsabel Abrantes<br \/>\nMaria Jo\u00e3o Silva<br \/>\nMargarida Rodrigues<br \/>\n<span class=\"fCinzaA fW400\">Nuno Melo<\/span><br \/>\nPedro Rito<\/h5>\n<h5><span class=\"fS8\">Funding<br \/>\nFCT; CENTRO2020; LISBOA2020; PORTUGAL2020; UNI\u00c3O EUROPEIA Fundo Europeu de Desenvolvimento Regional<\/span><\/h5>\n<p><a class=\"btEquipa\" href=\"https:\/\/eco-sensors4health.site\/\" rel=\"noopener noreferrer\" target=\"_blank\">more<\/a><\/p>\n<div class=\"esp20-0\" style=\"border-top: 1px solid #787b82; width: 55%;\"><\/div>\n<p>The Eco-Sensors4Health project aims to develop a collaborative platform for monitoring and action in health, well-being, and the environment, enabling eco-innovation by children and creating healthy and sustainable environments in schools using everyday technologies such as sensors. The acquisition of environmental data will be handled and presented by children and other members of the educational community through mobile devices, supporting decisions for participatory eco-innovation. The collaborative platform, the dissemination toolkit with protocols for working with children, the user guide for the collaborative platform, and collaborative document templates will support other schools in involving children in environmental health actions.<\/p>","protected":false},"excerpt":{"rendered":"<p>Dura\u00e7\u00e3o: 2017 \u2013 2019 Investigador Respons\u00e1vel Maria Jo\u00e3o Silva Membros da Equipa Anabela Novais Ana Caseiro Bianor Valente Carlos Luz Cl\u00e1udia Chaves Clarisse Nunes Cristina Azevedo Gomes Cristina Cruz Isabel Abrantes Maria Jo\u00e3o Silva Margarida Rodrigues Nuno Melo Pedro Rito Entidades Financiadoras FCT; CENTRO2020; LISBOA2020; PORTUGAL2020; UNI\u00c3O EUROPEIA Fundo Europeu de Desenvolvimento Regional mais O [&hellip;]<\/p>\n","protected":false},"author":1,"featured_media":3038,"comment_status":"closed","ping_status":"closed","sticky":false,"template":"","format":"standard","meta":{"site-sidebar-layout":"default","site-content-layout":"default","ast-site-content-layout":"normal-width-container","site-content-style":"boxed","site-sidebar-style":"default","ast-global-header-display":"","ast-banner-title-visibility":"","ast-main-header-display":"","ast-hfb-above-header-display":"","ast-hfb-below-header-display":"","ast-hfb-mobile-header-display":"","site-post-title":"","ast-breadcrumbs-content":"","ast-featured-img":"","footer-sml-layout":"","ast-disable-related-posts":"","theme-transparent-header-meta":"default","adv-header-id-meta":"","stick-header-meta":"","header-above-stick-meta":"","header-main-stick-meta":"","header-below-stick-meta":"","astra-migrate-meta-layouts":"set","ast-page-background-enabled":"default","ast-page-background-meta":{"desktop":{"background-color":"","background-image":"","background-repeat":"repeat","background-position":"center center","background-size":"auto","background-attachment":"scroll","background-type":"","background-media":"","overlay-type":"","overlay-color":"","overlay-opacity":"","overlay-gradient":""},"tablet":{"background-color":"","background-image":"","background-repeat":"repeat","background-position":"center center","background-size":"auto","background-attachment":"scroll","background-type":"","background-media":"","overlay-type":"","overlay-color":"","overlay-opacity":"","overlay-gradient":""},"mobile":{"background-color":"","background-image":"","background-repeat":"repeat","background-position":"center center","background-size":"auto","background-attachment":"scroll","background-type":"","background-media":"","overlay-type":"","overlay-color":"","overlay-opacity":"","overlay-gradient":""}},"ast-content-background-meta":{"desktop":{"background-color":"var(--ast-global-color-5)","background-image":"","background-repeat":"repeat","background-position":"center center","background-size":"auto","background-attachment":"scroll","background-type":"","background-media":"","overlay-type":"","overlay-color":"","overlay-opacity":"","overlay-gradient":""},"tablet":{"background-color":"var(--ast-global-color-5)","background-image":"","background-repeat":"repeat","background-position":"center center","background-size":"auto","background-attachment":"scroll","background-type":"","background-media":"","overlay-type":"","overlay-color":"","overlay-opacity":"","overlay-gradient":""},"mobile":{"background-color":"var(--ast-global-color-5)","background-image":"","background-repeat":"repeat","background-position":"center center","background-size":"auto","background-attachment":"scroll","background-type":"","background-media":"","overlay-type":"","overlay-color":"","overlay-opacity":"","overlay-gradient":""}},"footnotes":"","_links_to":"","_links_to_target":""},"categories":[30,5,152,741,7,33,49],"tags":[356,294,295,230,225,286,266,217,251,275],"class_list":["post-723","post","type-post","status-publish","format-standard","has-post-thumbnail","hentry","category-competitivo","category-concluido","category-lisboa","category-nacional","category-projeto","category-tic-e-multimedia-na-educacao","category-viseu","tag-2017-2019","tag-bianor-valente","tag-carlos-luz","tag-clarisse-nunes","tag-claudia-chaves","tag-cristina-azevedo-gomes","tag-cristina-cruz","tag-margarida-rodrigues","tag-maria-joao-silva","tag-pedro-rito"],"_links":{"self":[{"href":"https:\/\/events.ipv.pt\/cidei\/en\/wp-json\/wp\/v2\/posts\/723","targetHints":{"allow":["GET"]}}],"collection":[{"href":"https:\/\/events.ipv.pt\/cidei\/en\/wp-json\/wp\/v2\/posts"}],"about":[{"href":"https:\/\/events.ipv.pt\/cidei\/en\/wp-json\/wp\/v2\/types\/post"}],"author":[{"embeddable":true,"href":"https:\/\/events.ipv.pt\/cidei\/en\/wp-json\/wp\/v2\/users\/1"}],"replies":[{"embeddable":true,"href":"https:\/\/events.ipv.pt\/cidei\/en\/wp-json\/wp\/v2\/comments?post=723"}],"version-history":[{"count":16,"href":"https:\/\/events.ipv.pt\/cidei\/en\/wp-json\/wp\/v2\/posts\/723\/revisions"}],"predecessor-version":[{"id":21374,"href":"https:\/\/events.ipv.pt\/cidei\/en\/wp-json\/wp\/v2\/posts\/723\/revisions\/21374"}],"wp:featuredmedia":[{"embeddable":true,"href":"https:\/\/events.ipv.pt\/cidei\/en\/wp-json\/wp\/v2\/media\/3038"}],"wp:attachment":[{"href":"https:\/\/events.ipv.pt\/cidei\/en\/wp-json\/wp\/v2\/media?parent=723"}],"wp:term":[{"taxonomy":"category","embeddable":true,"href":"https:\/\/events.ipv.pt\/cidei\/en\/wp-json\/wp\/v2\/categories?post=723"},{"taxonomy":"post_tag","embeddable":true,"href":"https:\/\/events.ipv.pt\/cidei\/en\/wp-json\/wp\/v2\/tags?post=723"}],"curies":[{"name":"wp","href":"https:\/\/api.w.org\/{rel}","templated":true}]}}