{"id":714,"date":"2016-02-25T10:50:11","date_gmt":"2016-02-25T10:50:11","guid":{"rendered":"http:\/\/localhost\/cidei\/?p=714"},"modified":"2026-02-06T10:05:53","modified_gmt":"2026-02-06T10:05:53","slug":"ecbeiras-empreender-e-crescer-nas-beiras","status":"publish","type":"post","link":"https:\/\/events.ipv.pt\/cidei\/en\/ecbeiras-empreender-e-crescer-nas-beiras\/","title":{"rendered":"CENTRO-02-0651-FEDER-000029 | ECBEIRAS &#8211; EMPREENDER E CRESCER NAS BEIRAS"},"content":{"rendered":"<h5><span class=\"fS8\">Duration:<\/span> 2016 \u2013 2018<\/h5>\n<h5><span class=\"fS8\">Principal Researcher<\/span><br \/>\nTeresa Paiva<\/h5>\n<h5><span class=\"fS8\">Institutional and Enterprise Partners<br \/>\nComunidade Intermunicipal das Beiras e Serra da Estrela (l\u00edder)<br \/>\nNERGA \u2013 Associa\u00e7\u00e3o Empresarial<br \/>\nInstituto Polit\u00e9cnico da Guarda<br \/>\nUniversidade da Beira Interior<\/span><\/h5>\n<h5><span class=\"fS8\">Funding<br \/>\nCOMPETE2020; PORTUGAL2020; FEDER<\/span><\/h5>\n<div class=\"esp20-0\" style=\"border-top: 1px solid #787b82; width: 55%;\"><\/div>\n<p>The 'Empreender e Crescer nas Beiras' project arises from the shared perception among its promoters of the need to improve the coordination and cooperation among the various agents promoting entrepreneurship and investment attraction in the Beiras and Serra da Estrela Region, in order to enhance the creation of new, innovative, creative, and internationally scalable companies.<br \/>\nThe 'Empreender e Crescer nas Beiras' Project is the ideal instrument to seize existing opportunities for territorial development and growth, countering current trends of desertification and disconnection among territorial agents supporting and promoting entrepreneurship and investment attraction.<\/p>\n<h5>STRATEGIC OBJECTIVE<\/h5>\n<p>With the current investment project, the partners aim to promote the entrepreneurial spirit of the Beiras and Serra da Estrela territory by fostering qualified and creative entrepreneurship, aiming to establish at least 30 new companies aligned with the regional strategy of smart specialization \/ RIS3. Having defined the strategic objectives as follows:<\/p>\n<p>\u2192 Promote territorial innovation by supporting entrepreneurial business solutions.<br \/>\n\u2192 Strengthen cooperation, partnerships, and support networks for qualified and creative entrepreneurship.<br \/>\n\u2192 Support the generation of innovative ideas leading to the creation of new companies with high competitive potential and internationalization.<br \/>\n\u2192 Develop a methodology for monitoring territorial entrepreneurship; and) Strengthen the capture of knowledge, generation of qualified employment and human capital, and the establishment of new entrepreneurial companies with high added value in the region.<\/p>\n<h5>OPERATIONAL OBJECTIVES<\/h5>\n<p>The following operational objectives have been defined:<\/p>\n<p>\u2192 Energizing and coordinating the territorial agents supporting and promoting entrepreneurship and investment attraction;<br \/>\n\u2192 Collect, organize, standardize, and make existing information in the territory available;<br \/>\n\u2192 Creation of support actions and future monitoring to enhance entrepreneurship promotion and entrepreneurial spirit;<br \/>\n\u2192 Increase knowledge regarding entrepreneurship networks through benchmarking with two collaborative networks, one national and one international.<br \/>\n\u2192 Support the generation of innovative ideas leading to the creation of new companies with high competitive potential and internationalization, through the establishment of an ideas competition.<br \/>\n\u2192 Development of innovative information, support, and monitoring tools for entrepreneurial initiatives, facilitating the definition of appropriate and effective strategies for supporting entrepreneurship by territorial agents.<br \/>\n\u2192 Develop regional and national dissemination and communication campaigns<br \/>\n\u2192 Promote, disseminate, and encourage an entrepreneurial culture in the territory that generates knowledge and qualified employment.<\/p>","protected":false},"excerpt":{"rendered":"<p>Dura\u00e7\u00e3o: 2016 \u2013 2018 Investigador Respons\u00e1vel Teresa Paiva Parceiros Institucionais e Empresariais Comunidade Intermunicipal das Beiras e Serra da Estrela (l\u00edder) NERGA \u2013 Associa\u00e7\u00e3o Empresarial Instituto Polit\u00e9cnico da Guarda Universidade da Beira Interior Entidades Financiadoras COMPETE2020; PORTUGAL2020; FEDER O projeto Empreender e Crescer nas Beiras, surge, da perce\u00e7\u00e3o partilhada pelos seus promotores, da necessidade de [&hellip;]<\/p>\n","protected":false},"author":1,"featured_media":9807,"comment_status":"closed","ping_status":"closed","sticky":false,"template":"","format":"standard","meta":{"site-sidebar-layout":"default","site-content-layout":"default","ast-site-content-layout":"normal-width-container","site-content-style":"boxed","site-sidebar-style":"default","ast-global-header-display":"","ast-banner-title-visibility":"","ast-main-header-display":"","ast-hfb-above-header-display":"","ast-hfb-below-header-display":"","ast-hfb-mobile-header-display":"","site-post-title":"","ast-breadcrumbs-content":"","ast-featured-img":"","footer-sml-layout":"","ast-disable-related-posts":"","theme-transparent-header-meta":"default","adv-header-id-meta":"","stick-header-meta":"","header-above-stick-meta":"","header-main-stick-meta":"","header-below-stick-meta":"","astra-migrate-meta-layouts":"set","ast-page-background-enabled":"default","ast-page-background-meta":{"desktop":{"background-color":"","background-image":"","background-repeat":"repeat","background-position":"center center","background-size":"auto","background-attachment":"scroll","background-type":"","background-media":"","overlay-type":"","overlay-color":"","overlay-opacity":"","overlay-gradient":""},"tablet":{"background-color":"","background-image":"","background-repeat":"repeat","background-position":"center center","background-size":"auto","background-attachment":"scroll","background-type":"","background-media":"","overlay-type":"","overlay-color":"","overlay-opacity":"","overlay-gradient":""},"mobile":{"background-color":"","background-image":"","background-repeat":"repeat","background-position":"center center","background-size":"auto","background-attachment":"scroll","background-type":"","background-media":"","overlay-type":"","overlay-color":"","overlay-opacity":"","overlay-gradient":""}},"ast-content-background-meta":{"desktop":{"background-color":"var(--ast-global-color-5)","background-image":"","background-repeat":"repeat","background-position":"center center","background-size":"auto","background-attachment":"scroll","background-type":"","background-media":"","overlay-type":"","overlay-color":"","overlay-opacity":"","overlay-gradient":""},"tablet":{"background-color":"var(--ast-global-color-5)","background-image":"","background-repeat":"repeat","background-position":"center center","background-size":"auto","background-attachment":"scroll","background-type":"","background-media":"","overlay-type":"","overlay-color":"","overlay-opacity":"","overlay-gradient":""},"mobile":{"background-color":"var(--ast-global-color-5)","background-image":"","background-repeat":"repeat","background-position":"center center","background-size":"auto","background-attachment":"scroll","background-type":"","background-media":"","overlay-type":"","overlay-color":"","overlay-opacity":"","overlay-gradient":""}},"footnotes":"","_links_to":"","_links_to_target":""},"categories":[30,5,50,741,7],"tags":[360,252],"class_list":["post-714","post","type-post","status-publish","format-standard","has-post-thumbnail","hentry","category-competitivo","category-concluido","category-guarda","category-nacional","category-projeto","tag-2016-2018","tag-teresa-paiva"],"_links":{"self":[{"href":"https:\/\/events.ipv.pt\/cidei\/en\/wp-json\/wp\/v2\/posts\/714","targetHints":{"allow":["GET"]}}],"collection":[{"href":"https:\/\/events.ipv.pt\/cidei\/en\/wp-json\/wp\/v2\/posts"}],"about":[{"href":"https:\/\/events.ipv.pt\/cidei\/en\/wp-json\/wp\/v2\/types\/post"}],"author":[{"embeddable":true,"href":"https:\/\/events.ipv.pt\/cidei\/en\/wp-json\/wp\/v2\/users\/1"}],"replies":[{"embeddable":true,"href":"https:\/\/events.ipv.pt\/cidei\/en\/wp-json\/wp\/v2\/comments?post=714"}],"version-history":[{"count":12,"href":"https:\/\/events.ipv.pt\/cidei\/en\/wp-json\/wp\/v2\/posts\/714\/revisions"}],"predecessor-version":[{"id":21388,"href":"https:\/\/events.ipv.pt\/cidei\/en\/wp-json\/wp\/v2\/posts\/714\/revisions\/21388"}],"wp:featuredmedia":[{"embeddable":true,"href":"https:\/\/events.ipv.pt\/cidei\/en\/wp-json\/wp\/v2\/media\/9807"}],"wp:attachment":[{"href":"https:\/\/events.ipv.pt\/cidei\/en\/wp-json\/wp\/v2\/media?parent=714"}],"wp:term":[{"taxonomy":"category","embeddable":true,"href":"https:\/\/events.ipv.pt\/cidei\/en\/wp-json\/wp\/v2\/categories?post=714"},{"taxonomy":"post_tag","embeddable":true,"href":"https:\/\/events.ipv.pt\/cidei\/en\/wp-json\/wp\/v2\/tags?post=714"}],"curies":[{"name":"wp","href":"https:\/\/api.w.org\/{rel}","templated":true}]}}