{"id":705,"date":"2016-02-25T10:29:09","date_gmt":"2016-02-25T10:29:09","guid":{"rendered":"http:\/\/localhost\/cidei\/?p=705"},"modified":"2026-02-06T10:13:40","modified_gmt":"2026-02-06T10:13:40","slug":"pin-poli-entrepreneurship-innovation-network","status":"publish","type":"post","link":"https:\/\/events.ipv.pt\/cidei\/en\/pin-poli-entrepreneurship-innovation-network\/","title":{"rendered":"03\/SIAC\/2015 \u2013 SIAC 16177 | PIN POLI ENTREPRENEURSHIP INNOVATION NETWORK"},"content":{"rendered":"<h5><span class=\"fS8\">Duration:<\/span> 2016 \u2013 2018<\/h5>\n<h5><span class=\"fS8\">Team Members<\/span><br \/>\nTeresa Paiva<\/h5>\n<h5><span class=\"fS8\">Institutional and Enterprise Partners<br \/>\nEscola Superior de Enfermagem de Coimbra<br \/>\nInstituto Polit\u00e9cnico da Guarda<br \/>\nInstituto Polit\u00e9cnico de Beja<br \/>\nInstituto Polit\u00e9cnico de Bragan\u00e7a<br \/>\nInstituto Polit\u00e9cnico de Castelo Branco<br \/>\nInstituto Polit\u00e9cnico de Coimbra<br \/>\nInstituto Polit\u00e9cnico de Leiria<br \/>\nInstituto Polit\u00e9cnico de Portalegre<br \/>\nInstituto Polit\u00e9cnico de Tomar<br \/>\nInstituto Polit\u00e9cnico de Viana Do Castelo<br \/>\nInstituto Polit\u00e9cnico de Viseu<br \/>\nInstituto Polit\u00e9cnico do C\u00e1vado e do Ave<br \/>\nInstituto Polit\u00e9cnico Santar\u00e9m<\/span><\/h5>\n<h5><span class=\"fS8\">Funding<br \/>\nCOMPETE2020; PORTUGAL2020; FEDER<\/span><\/h5>\n<p><a class=\"btEquipa\" href=\"https:\/\/www.ipc.pt\/ipc\/id-e-inovac%cc%a7a%cc%83o\/empreendedorismo\/plataforma-pin\/\" rel=\"noopener noreferrer\" target=\"_blank\">more<\/a><\/p>\n<div class=\"esp20-0\" style=\"border-top: 1px solid #787b82; width: 55%;\"><\/div>\n<p>The PIN platform - PoliEntrepreneurship Innovation Network is a digital interface that integrates tools facilitating the processes of promoting and educating entrepreneurship and creating projects with a business vocation. It comprises three complementary components:<\/p>\n<p>\u2192 E-learning, where various educational content is made available;<br \/>\n\u2192 Management of the development of entrepreneurial projects;<br \/>\n\u2192 Management of the Poliempreende competition (regional and national phases).<\/p>\n<p>This platform is another expression of the Poliempreende network, which, since 2003, has aimed to promote the development of entrepreneurial skills with a business vocation within the context of polytechnic higher education institutions.<\/p>","protected":false},"excerpt":{"rendered":"<p>Dura\u00e7\u00e3o: 2016 \u2013 2018 Membros da Equipa Teresa Paiva Parceiros Institucionais e Empresariais Escola Superior de Enfermagem de Coimbra Instituto Polit\u00e9cnico da Guarda Instituto Polit\u00e9cnico de Beja Instituto Polit\u00e9cnico de Bragan\u00e7a Instituto Polit\u00e9cnico de Castelo Branco Instituto Polit\u00e9cnico de Coimbra Instituto Polit\u00e9cnico de Leiria Instituto Polit\u00e9cnico de Portalegre Instituto Polit\u00e9cnico de Tomar Instituto Polit\u00e9cnico de [&hellip;]<\/p>\n","protected":false},"author":1,"featured_media":9807,"comment_status":"closed","ping_status":"closed","sticky":false,"template":"","format":"standard","meta":{"site-sidebar-layout":"default","site-content-layout":"default","ast-site-content-layout":"normal-width-container","site-content-style":"boxed","site-sidebar-style":"default","ast-global-header-display":"","ast-banner-title-visibility":"","ast-main-header-display":"","ast-hfb-above-header-display":"","ast-hfb-below-header-display":"","ast-hfb-mobile-header-display":"","site-post-title":"","ast-breadcrumbs-content":"","ast-featured-img":"","footer-sml-layout":"","ast-disable-related-posts":"","theme-transparent-header-meta":"default","adv-header-id-meta":"","stick-header-meta":"","header-above-stick-meta":"","header-main-stick-meta":"","header-below-stick-meta":"","astra-migrate-meta-layouts":"set","ast-page-background-enabled":"default","ast-page-background-meta":{"desktop":{"background-color":"","background-image":"","background-repeat":"repeat","background-position":"center center","background-size":"auto","background-attachment":"scroll","background-type":"","background-media":"","overlay-type":"","overlay-color":"","overlay-opacity":"","overlay-gradient":""},"tablet":{"background-color":"","background-image":"","background-repeat":"repeat","background-position":"center center","background-size":"auto","background-attachment":"scroll","background-type":"","background-media":"","overlay-type":"","overlay-color":"","overlay-opacity":"","overlay-gradient":""},"mobile":{"background-color":"","background-image":"","background-repeat":"repeat","background-position":"center center","background-size":"auto","background-attachment":"scroll","background-type":"","background-media":"","overlay-type":"","overlay-color":"","overlay-opacity":"","overlay-gradient":""}},"ast-content-background-meta":{"desktop":{"background-color":"var(--ast-global-color-5)","background-image":"","background-repeat":"repeat","background-position":"center center","background-size":"auto","background-attachment":"scroll","background-type":"","background-media":"","overlay-type":"","overlay-color":"","overlay-opacity":"","overlay-gradient":""},"tablet":{"background-color":"var(--ast-global-color-5)","background-image":"","background-repeat":"repeat","background-position":"center center","background-size":"auto","background-attachment":"scroll","background-type":"","background-media":"","overlay-type":"","overlay-color":"","overlay-opacity":"","overlay-gradient":""},"mobile":{"background-color":"var(--ast-global-color-5)","background-image":"","background-repeat":"repeat","background-position":"center center","background-size":"auto","background-attachment":"scroll","background-type":"","background-media":"","overlay-type":"","overlay-color":"","overlay-opacity":"","overlay-gradient":""}},"footnotes":"","_links_to":"","_links_to_target":""},"categories":[30,5,50,741,7],"tags":[360,252],"class_list":["post-705","post","type-post","status-publish","format-standard","has-post-thumbnail","hentry","category-competitivo","category-concluido","category-guarda","category-nacional","category-projeto","tag-2016-2018","tag-teresa-paiva"],"_links":{"self":[{"href":"https:\/\/events.ipv.pt\/cidei\/en\/wp-json\/wp\/v2\/posts\/705","targetHints":{"allow":["GET"]}}],"collection":[{"href":"https:\/\/events.ipv.pt\/cidei\/en\/wp-json\/wp\/v2\/posts"}],"about":[{"href":"https:\/\/events.ipv.pt\/cidei\/en\/wp-json\/wp\/v2\/types\/post"}],"author":[{"embeddable":true,"href":"https:\/\/events.ipv.pt\/cidei\/en\/wp-json\/wp\/v2\/users\/1"}],"replies":[{"embeddable":true,"href":"https:\/\/events.ipv.pt\/cidei\/en\/wp-json\/wp\/v2\/comments?post=705"}],"version-history":[{"count":13,"href":"https:\/\/events.ipv.pt\/cidei\/en\/wp-json\/wp\/v2\/posts\/705\/revisions"}],"predecessor-version":[{"id":21391,"href":"https:\/\/events.ipv.pt\/cidei\/en\/wp-json\/wp\/v2\/posts\/705\/revisions\/21391"}],"wp:featuredmedia":[{"embeddable":true,"href":"https:\/\/events.ipv.pt\/cidei\/en\/wp-json\/wp\/v2\/media\/9807"}],"wp:attachment":[{"href":"https:\/\/events.ipv.pt\/cidei\/en\/wp-json\/wp\/v2\/media?parent=705"}],"wp:term":[{"taxonomy":"category","embeddable":true,"href":"https:\/\/events.ipv.pt\/cidei\/en\/wp-json\/wp\/v2\/categories?post=705"},{"taxonomy":"post_tag","embeddable":true,"href":"https:\/\/events.ipv.pt\/cidei\/en\/wp-json\/wp\/v2\/tags?post=705"}],"curies":[{"name":"wp","href":"https:\/\/api.w.org\/{rel}","templated":true}]}}