{"id":6839,"date":"2022-01-27T20:42:17","date_gmt":"2022-01-27T20:42:17","guid":{"rendered":"http:\/\/localhost\/cidei\/?p=6839"},"modified":"2025-08-13T13:16:26","modified_gmt":"2025-08-13T13:16:26","slug":"introduzindo-a-abordagem-de-projeto-na-formacao-inicial-de-professores","status":"publish","type":"post","link":"https:\/\/events.ipv.pt\/cidei\/en\/introduzindo-a-abordagem-de-projeto-na-formacao-inicial-de-professores\/","title":{"rendered":"Introduzindo a abordagem de projeto na forma\u00e7\u00e3o inicial de professores"},"content":{"rendered":"<p>Oliveira, M., Rodrigues, M., Milhano, S. (2022).<br \/>\nIntroduzindo a abordagem de projeto na forma\u00e7\u00e3o inicial de professores.<br \/>\nIn M. Oliveira, M. Rodrigues, S. Milhano (Eds.), <em>A voz e a ag\u00eancia da crian\u00e7a \u2013 Abordagem de Projeto na Forma\u00e7\u00e3o de Educadores de Inf\u00e2ncia<\/em> (pp. 15-18).<br \/>\nLeiria: Polit\u00e9cnico de Leiria<\/p>","protected":false},"excerpt":{"rendered":"<p>Oliveira, M., Rodrigues, M., Milhano, S. (2022). Introduzindo a abordagem de projeto na forma\u00e7\u00e3o inicial de professores. In M. Oliveira, M. Rodrigues, S. Milhano (Eds.), A voz e a ag\u00eancia da crian\u00e7a \u2013 Abordagem de Projeto na Forma\u00e7\u00e3o de Educadores de Inf\u00e2ncia (pp. 15-18). Leiria: Polit\u00e9cnico de Leiria<\/p>","protected":false},"author":1,"featured_media":0,"comment_status":"closed","ping_status":"closed","sticky":false,"template":"","format":"standard","meta":{"site-sidebar-layout":"default","site-content-layout":"","ast-site-content-layout":"default","site-content-style":"default","site-sidebar-style":"default","ast-global-header-display":"","ast-banner-title-visibility":"","ast-main-header-display":"","ast-hfb-above-header-display":"","ast-hfb-below-header-display":"","ast-hfb-mobile-header-display":"","site-post-title":"","ast-breadcrumbs-content":"","ast-featured-img":"","footer-sml-layout":"","ast-disable-related-posts":"","theme-transparent-header-meta":"default","adv-header-id-meta":"","stick-header-meta":"","header-above-stick-meta":"","header-main-stick-meta":"","header-below-stick-meta":"","astra-migrate-meta-layouts":"set","ast-page-background-enabled":"default","ast-page-background-meta":{"desktop":{"background-color":"","background-image":"","background-repeat":"repeat","background-position":"center center","background-size":"auto","background-attachment":"scroll","background-type":"","background-media":"","overlay-type":"","overlay-color":"","overlay-opacity":"","overlay-gradient":""},"tablet":{"background-color":"","background-image":"","background-repeat":"repeat","background-position":"center center","background-size":"auto","background-attachment":"scroll","background-type":"","background-media":"","overlay-type":"","overlay-color":"","overlay-opacity":"","overlay-gradient":""},"mobile":{"background-color":"","background-image":"","background-repeat":"repeat","background-position":"center center","background-size":"auto","background-attachment":"scroll","background-type":"","background-media":"","overlay-type":"","overlay-color":"","overlay-opacity":"","overlay-gradient":""}},"ast-content-background-meta":{"desktop":{"background-color":"var(--ast-global-color-5)","background-image":"","background-repeat":"repeat","background-position":"center center","background-size":"auto","background-attachment":"scroll","background-type":"","background-media":"","overlay-type":"","overlay-color":"","overlay-opacity":"","overlay-gradient":""},"tablet":{"background-color":"var(--ast-global-color-5)","background-image":"","background-repeat":"repeat","background-position":"center center","background-size":"auto","background-attachment":"scroll","background-type":"","background-media":"","overlay-type":"","overlay-color":"","overlay-opacity":"","overlay-gradient":""},"mobile":{"background-color":"var(--ast-global-color-5)","background-image":"","background-repeat":"repeat","background-position":"center center","background-size":"auto","background-attachment":"scroll","background-type":"","background-media":"","overlay-type":"","overlay-color":"","overlay-opacity":"","overlay-gradient":""}},"footnotes":"","_links_to":"","_links_to_target":""},"categories":[38,59,51],"tags":[227],"class_list":["post-6839","post","type-post","status-publish","format-standard","hentry","category-38","category-capitulos-de-livro-de-edicao-nacional","category-leiria","tag-sandrina-milhano"],"_links":{"self":[{"href":"https:\/\/events.ipv.pt\/cidei\/en\/wp-json\/wp\/v2\/posts\/6839","targetHints":{"allow":["GET"]}}],"collection":[{"href":"https:\/\/events.ipv.pt\/cidei\/en\/wp-json\/wp\/v2\/posts"}],"about":[{"href":"https:\/\/events.ipv.pt\/cidei\/en\/wp-json\/wp\/v2\/types\/post"}],"author":[{"embeddable":true,"href":"https:\/\/events.ipv.pt\/cidei\/en\/wp-json\/wp\/v2\/users\/1"}],"replies":[{"embeddable":true,"href":"https:\/\/events.ipv.pt\/cidei\/en\/wp-json\/wp\/v2\/comments?post=6839"}],"version-history":[{"count":2,"href":"https:\/\/events.ipv.pt\/cidei\/en\/wp-json\/wp\/v2\/posts\/6839\/revisions"}],"predecessor-version":[{"id":16792,"href":"https:\/\/events.ipv.pt\/cidei\/en\/wp-json\/wp\/v2\/posts\/6839\/revisions\/16792"}],"wp:attachment":[{"href":"https:\/\/events.ipv.pt\/cidei\/en\/wp-json\/wp\/v2\/media?parent=6839"}],"wp:term":[{"taxonomy":"category","embeddable":true,"href":"https:\/\/events.ipv.pt\/cidei\/en\/wp-json\/wp\/v2\/categories?post=6839"},{"taxonomy":"post_tag","embeddable":true,"href":"https:\/\/events.ipv.pt\/cidei\/en\/wp-json\/wp\/v2\/tags?post=6839"}],"curies":[{"name":"wp","href":"https:\/\/api.w.org\/{rel}","templated":true}]}}