{"id":6573,"date":"2021-01-27T16:37:55","date_gmt":"2021-01-27T16:37:55","guid":{"rendered":"http:\/\/localhost\/cidei\/?p=6573"},"modified":"2026-01-28T13:52:03","modified_gmt":"2026-01-28T13:52:03","slug":"trava-linguas-uma-ponte-para-reeducacao-da-pessoa-com-dislexia","status":"publish","type":"post","link":"https:\/\/events.ipv.pt\/cidei\/en\/trava-linguas-uma-ponte-para-reeducacao-da-pessoa-com-dislexia\/","title":{"rendered":"Trava-linguas: uma ponte para reeduca\u00e7\u00e3o da pessoa com dislexia"},"content":{"rendered":"<p>Ferreira, P. (2021).<br \/>\nTrava-linguas: uma ponte para reeduca\u00e7\u00e3o da pessoa com dislexia.<br \/>\nIn C. Mangas, J. Sousa &#038; C. Freire (Coord.),\u00a0<em>Percursos para uma educa\u00e7\u00e3o inclusiva<\/em> (pp. 175-190).<br \/>\nCoimbra: Edi\u00e7\u00f5es Almedina. ISBN 978-972-40-9845-6<\/p>","protected":false},"excerpt":{"rendered":"<p>Ferreira, P. (2021). Trava-linguas: uma ponte para reeduca\u00e7\u00e3o da pessoa com dislexia. In C. Mangas, J. Sousa &#038; C. Freire (Coord.),\u00a0Percursos para uma educa\u00e7\u00e3o inclusiva (pp. 175-190). Coimbra: Edi\u00e7\u00f5es Almedina. ISBN 978-972-40-9845-6<\/p>","protected":false},"author":1,"featured_media":0,"comment_status":"closed","ping_status":"closed","sticky":false,"template":"","format":"standard","meta":{"site-sidebar-layout":"default","site-content-layout":"","ast-site-content-layout":"default","site-content-style":"default","site-sidebar-style":"default","ast-global-header-display":"","ast-banner-title-visibility":"","ast-main-header-display":"","ast-hfb-above-header-display":"","ast-hfb-below-header-display":"","ast-hfb-mobile-header-display":"","site-post-title":"","ast-breadcrumbs-content":"","ast-featured-img":"","footer-sml-layout":"","ast-disable-related-posts":"","theme-transparent-header-meta":"default","adv-header-id-meta":"","stick-header-meta":"","header-above-stick-meta":"","header-main-stick-meta":"","header-below-stick-meta":"","astra-migrate-meta-layouts":"set","ast-page-background-enabled":"default","ast-page-background-meta":{"desktop":{"background-color":"","background-image":"","background-repeat":"repeat","background-position":"center center","background-size":"auto","background-attachment":"scroll","background-type":"","background-media":"","overlay-type":"","overlay-color":"","overlay-opacity":"","overlay-gradient":""},"tablet":{"background-color":"","background-image":"","background-repeat":"repeat","background-position":"center center","background-size":"auto","background-attachment":"scroll","background-type":"","background-media":"","overlay-type":"","overlay-color":"","overlay-opacity":"","overlay-gradient":""},"mobile":{"background-color":"","background-image":"","background-repeat":"repeat","background-position":"center center","background-size":"auto","background-attachment":"scroll","background-type":"","background-media":"","overlay-type":"","overlay-color":"","overlay-opacity":"","overlay-gradient":""}},"ast-content-background-meta":{"desktop":{"background-color":"var(--ast-global-color-5)","background-image":"","background-repeat":"repeat","background-position":"center center","background-size":"auto","background-attachment":"scroll","background-type":"","background-media":"","overlay-type":"","overlay-color":"","overlay-opacity":"","overlay-gradient":""},"tablet":{"background-color":"var(--ast-global-color-5)","background-image":"","background-repeat":"repeat","background-position":"center center","background-size":"auto","background-attachment":"scroll","background-type":"","background-media":"","overlay-type":"","overlay-color":"","overlay-opacity":"","overlay-gradient":""},"mobile":{"background-color":"var(--ast-global-color-5)","background-image":"","background-repeat":"repeat","background-position":"center center","background-size":"auto","background-attachment":"scroll","background-type":"","background-media":"","overlay-type":"","overlay-color":"","overlay-opacity":"","overlay-gradient":""}},"footnotes":"","_links_to":"","_links_to_target":""},"categories":[39,59,27,51],"tags":[300],"class_list":["post-6573","post","type-post","status-publish","format-standard","hentry","category-39","category-capitulos-de-livro-de-edicao-nacional","category-educacao-cidadania-e-inclusao","category-leiria","tag-paula-rodrigues"],"_links":{"self":[{"href":"https:\/\/events.ipv.pt\/cidei\/en\/wp-json\/wp\/v2\/posts\/6573","targetHints":{"allow":["GET"]}}],"collection":[{"href":"https:\/\/events.ipv.pt\/cidei\/en\/wp-json\/wp\/v2\/posts"}],"about":[{"href":"https:\/\/events.ipv.pt\/cidei\/en\/wp-json\/wp\/v2\/types\/post"}],"author":[{"embeddable":true,"href":"https:\/\/events.ipv.pt\/cidei\/en\/wp-json\/wp\/v2\/users\/1"}],"replies":[{"embeddable":true,"href":"https:\/\/events.ipv.pt\/cidei\/en\/wp-json\/wp\/v2\/comments?post=6573"}],"version-history":[{"count":2,"href":"https:\/\/events.ipv.pt\/cidei\/en\/wp-json\/wp\/v2\/posts\/6573\/revisions"}],"predecessor-version":[{"id":16875,"href":"https:\/\/events.ipv.pt\/cidei\/en\/wp-json\/wp\/v2\/posts\/6573\/revisions\/16875"}],"wp:attachment":[{"href":"https:\/\/events.ipv.pt\/cidei\/en\/wp-json\/wp\/v2\/media?parent=6573"}],"wp:term":[{"taxonomy":"category","embeddable":true,"href":"https:\/\/events.ipv.pt\/cidei\/en\/wp-json\/wp\/v2\/categories?post=6573"},{"taxonomy":"post_tag","embeddable":true,"href":"https:\/\/events.ipv.pt\/cidei\/en\/wp-json\/wp\/v2\/tags?post=6573"}],"curies":[{"name":"wp","href":"https:\/\/api.w.org\/{rel}","templated":true}]}}