{"id":5420,"date":"2021-01-24T12:12:12","date_gmt":"2021-01-24T12:12:12","guid":{"rendered":"http:\/\/localhost\/cidei\/?p=5420"},"modified":"2025-08-25T10:46:41","modified_gmt":"2025-08-25T10:46:41","slug":"utilizacao-pedagogica-da-rede-social-instagram","status":"publish","type":"post","link":"https:\/\/events.ipv.pt\/cidei\/en\/utilizacao-pedagogica-da-rede-social-instagram\/","title":{"rendered":"Utiliza\u00e7\u00e3o pedag\u00f3gica da rede social Instagram"},"content":{"rendered":"<p>Oliveira, P. P. M., Brasileiro, B. G., Rodrigues, F. L. A., Ferreira, M. E. R. (2021).<br \/>\nUtiliza\u00e7\u00e3o pedag\u00f3gica da rede social Instagram.<br \/>\n<em>Revista Cient\u00edfica Multidisciplinar N\u00facleo do Conhecimento<\/em>, 05-17.<br \/>\nDOI: <a href=\"https:\/\/www.nucleodoconhecimento.com.br\/educacao\/utilizacao-pedagogica\" rel=\"noopener\" target=\"_blank\">10.32749\/nucleodoconhecimento.com.br\/educacao\/utilizacao-pedagogica<\/a><\/p>","protected":false},"excerpt":{"rendered":"<p>Oliveira, P. P. M., Brasileiro, B. G., Rodrigues, F. L. A., Ferreira, M. E. R. (2021). Utiliza\u00e7\u00e3o pedag\u00f3gica da rede social Instagram. Revista Cient\u00edfica Multidisciplinar N\u00facleo do Conhecimento, 05-17. DOI: 10.32749\/nucleodoconhecimento.com.br\/educacao\/utilizacao-pedagogica<\/p>","protected":false},"author":1,"featured_media":0,"comment_status":"closed","ping_status":"closed","sticky":false,"template":"","format":"standard","meta":{"site-sidebar-layout":"default","site-content-layout":"","ast-site-content-layout":"default","site-content-style":"default","site-sidebar-style":"default","ast-global-header-display":"","ast-banner-title-visibility":"","ast-main-header-display":"","ast-hfb-above-header-display":"","ast-hfb-below-header-display":"","ast-hfb-mobile-header-display":"","site-post-title":"","ast-breadcrumbs-content":"","ast-featured-img":"","footer-sml-layout":"","ast-disable-related-posts":"","theme-transparent-header-meta":"default","adv-header-id-meta":"","stick-header-meta":"","header-above-stick-meta":"","header-main-stick-meta":"","header-below-stick-meta":"","astra-migrate-meta-layouts":"set","ast-page-background-enabled":"default","ast-page-background-meta":{"desktop":{"background-color":"","background-image":"","background-repeat":"repeat","background-position":"center center","background-size":"auto","background-attachment":"scroll","background-type":"","background-media":"","overlay-type":"","overlay-color":"","overlay-opacity":"","overlay-gradient":""},"tablet":{"background-color":"","background-image":"","background-repeat":"repeat","background-position":"center center","background-size":"auto","background-attachment":"scroll","background-type":"","background-media":"","overlay-type":"","overlay-color":"","overlay-opacity":"","overlay-gradient":""},"mobile":{"background-color":"","background-image":"","background-repeat":"repeat","background-position":"center center","background-size":"auto","background-attachment":"scroll","background-type":"","background-media":"","overlay-type":"","overlay-color":"","overlay-opacity":"","overlay-gradient":""}},"ast-content-background-meta":{"desktop":{"background-color":"var(--ast-global-color-5)","background-image":"","background-repeat":"repeat","background-position":"center center","background-size":"auto","background-attachment":"scroll","background-type":"","background-media":"","overlay-type":"","overlay-color":"","overlay-opacity":"","overlay-gradient":""},"tablet":{"background-color":"var(--ast-global-color-5)","background-image":"","background-repeat":"repeat","background-position":"center center","background-size":"auto","background-attachment":"scroll","background-type":"","background-media":"","overlay-type":"","overlay-color":"","overlay-opacity":"","overlay-gradient":""},"mobile":{"background-color":"var(--ast-global-color-5)","background-image":"","background-repeat":"repeat","background-position":"center center","background-size":"auto","background-attachment":"scroll","background-type":"","background-media":"","overlay-type":"","overlay-color":"","overlay-opacity":"","overlay-gradient":""}},"footnotes":"","_links_to":"","_links_to_target":""},"categories":[39,62,50,25],"tags":[248,221],"class_list":["post-5420","post","type-post","status-publish","format-standard","hentry","category-39","category-artigos-em-revistas","category-guarda","category-politicas-educativas-didaticas-e-formacao","tag-florbela-rodrigues","tag-maria-eduarda-ferreira"],"_links":{"self":[{"href":"https:\/\/events.ipv.pt\/cidei\/en\/wp-json\/wp\/v2\/posts\/5420","targetHints":{"allow":["GET"]}}],"collection":[{"href":"https:\/\/events.ipv.pt\/cidei\/en\/wp-json\/wp\/v2\/posts"}],"about":[{"href":"https:\/\/events.ipv.pt\/cidei\/en\/wp-json\/wp\/v2\/types\/post"}],"author":[{"embeddable":true,"href":"https:\/\/events.ipv.pt\/cidei\/en\/wp-json\/wp\/v2\/users\/1"}],"replies":[{"embeddable":true,"href":"https:\/\/events.ipv.pt\/cidei\/en\/wp-json\/wp\/v2\/comments?post=5420"}],"version-history":[{"count":2,"href":"https:\/\/events.ipv.pt\/cidei\/en\/wp-json\/wp\/v2\/posts\/5420\/revisions"}],"predecessor-version":[{"id":17866,"href":"https:\/\/events.ipv.pt\/cidei\/en\/wp-json\/wp\/v2\/posts\/5420\/revisions\/17866"}],"wp:attachment":[{"href":"https:\/\/events.ipv.pt\/cidei\/en\/wp-json\/wp\/v2\/media?parent=5420"}],"wp:term":[{"taxonomy":"category","embeddable":true,"href":"https:\/\/events.ipv.pt\/cidei\/en\/wp-json\/wp\/v2\/categories?post=5420"},{"taxonomy":"post_tag","embeddable":true,"href":"https:\/\/events.ipv.pt\/cidei\/en\/wp-json\/wp\/v2\/tags?post=5420"}],"curies":[{"name":"wp","href":"https:\/\/api.w.org\/{rel}","templated":true}]}}