{"id":4846,"date":"2021-01-22T12:14:36","date_gmt":"2021-01-22T12:14:36","guid":{"rendered":"http:\/\/localhost\/cidei\/?p=4846"},"modified":"2025-08-13T14:14:27","modified_gmt":"2025-08-13T14:14:27","slug":"intencao-de-abandono-escolar-nos-estudantes-do-ensino-superior-no-brasil","status":"publish","type":"post","link":"https:\/\/events.ipv.pt\/cidei\/en\/intencao-de-abandono-escolar-nos-estudantes-do-ensino-superior-no-brasil\/","title":{"rendered":"Inten\u00e7\u00e3o de abandono escolar nos estudantes do ensino superior no Brasil"},"content":{"rendered":"<p>Marinho, C., Chaves, C., Duarte, J., Ferreira, M., Campos, S., Alves, C. (2021).<br \/>\nInten\u00e7\u00e3o de abandono escolar nos estudantes do ensino superior no Brasil.<br \/>\nIn\u00a0<em>Compet\u00eancias emocionais e preven\u00e7\u00e3o do abandono no ensino superior<\/em> (pp. 152-173).<br \/>\nViseu, Portugal: Edi\u00e7\u00f5es Esgotadas.<\/p>","protected":false},"excerpt":{"rendered":"<p>Marinho, C., Chaves, C., Duarte, J., Ferreira, M., Campos, S., Alves, C. (2021). Inten\u00e7\u00e3o de abandono escolar nos estudantes do ensino superior no Brasil. In\u00a0Compet\u00eancias emocionais e preven\u00e7\u00e3o do abandono no ensino superior (pp. 152-173). Viseu, Portugal: Edi\u00e7\u00f5es Esgotadas.<\/p>","protected":false},"author":1,"featured_media":0,"comment_status":"closed","ping_status":"closed","sticky":false,"template":"","format":"standard","meta":{"site-sidebar-layout":"default","site-content-layout":"","ast-site-content-layout":"default","site-content-style":"default","site-sidebar-style":"default","ast-global-header-display":"","ast-banner-title-visibility":"","ast-main-header-display":"","ast-hfb-above-header-display":"","ast-hfb-below-header-display":"","ast-hfb-mobile-header-display":"","site-post-title":"","ast-breadcrumbs-content":"","ast-featured-img":"","footer-sml-layout":"","ast-disable-related-posts":"","theme-transparent-header-meta":"default","adv-header-id-meta":"","stick-header-meta":"","header-above-stick-meta":"","header-main-stick-meta":"","header-below-stick-meta":"","astra-migrate-meta-layouts":"set","ast-page-background-enabled":"default","ast-page-background-meta":{"desktop":{"background-color":"","background-image":"","background-repeat":"repeat","background-position":"center center","background-size":"auto","background-attachment":"scroll","background-type":"","background-media":"","overlay-type":"","overlay-color":"","overlay-opacity":"","overlay-gradient":""},"tablet":{"background-color":"","background-image":"","background-repeat":"repeat","background-position":"center center","background-size":"auto","background-attachment":"scroll","background-type":"","background-media":"","overlay-type":"","overlay-color":"","overlay-opacity":"","overlay-gradient":""},"mobile":{"background-color":"","background-image":"","background-repeat":"repeat","background-position":"center center","background-size":"auto","background-attachment":"scroll","background-type":"","background-media":"","overlay-type":"","overlay-color":"","overlay-opacity":"","overlay-gradient":""}},"ast-content-background-meta":{"desktop":{"background-color":"var(--ast-global-color-5)","background-image":"","background-repeat":"repeat","background-position":"center center","background-size":"auto","background-attachment":"scroll","background-type":"","background-media":"","overlay-type":"","overlay-color":"","overlay-opacity":"","overlay-gradient":""},"tablet":{"background-color":"var(--ast-global-color-5)","background-image":"","background-repeat":"repeat","background-position":"center center","background-size":"auto","background-attachment":"scroll","background-type":"","background-media":"","overlay-type":"","overlay-color":"","overlay-opacity":"","overlay-gradient":""},"mobile":{"background-color":"var(--ast-global-color-5)","background-image":"","background-repeat":"repeat","background-position":"center center","background-size":"auto","background-attachment":"scroll","background-type":"","background-media":"","overlay-type":"","overlay-color":"","overlay-opacity":"","overlay-gradient":""}},"footnotes":"","_links_to":"","_links_to_target":""},"categories":[39,59,25,49],"tags":[225],"class_list":["post-4846","post","type-post","status-publish","format-standard","hentry","category-39","category-capitulos-de-livro-de-edicao-nacional","category-politicas-educativas-didaticas-e-formacao","category-viseu","tag-claudia-chaves"],"_links":{"self":[{"href":"https:\/\/events.ipv.pt\/cidei\/en\/wp-json\/wp\/v2\/posts\/4846","targetHints":{"allow":["GET"]}}],"collection":[{"href":"https:\/\/events.ipv.pt\/cidei\/en\/wp-json\/wp\/v2\/posts"}],"about":[{"href":"https:\/\/events.ipv.pt\/cidei\/en\/wp-json\/wp\/v2\/types\/post"}],"author":[{"embeddable":true,"href":"https:\/\/events.ipv.pt\/cidei\/en\/wp-json\/wp\/v2\/users\/1"}],"replies":[{"embeddable":true,"href":"https:\/\/events.ipv.pt\/cidei\/en\/wp-json\/wp\/v2\/comments?post=4846"}],"version-history":[{"count":2,"href":"https:\/\/events.ipv.pt\/cidei\/en\/wp-json\/wp\/v2\/posts\/4846\/revisions"}],"predecessor-version":[{"id":16891,"href":"https:\/\/events.ipv.pt\/cidei\/en\/wp-json\/wp\/v2\/posts\/4846\/revisions\/16891"}],"wp:attachment":[{"href":"https:\/\/events.ipv.pt\/cidei\/en\/wp-json\/wp\/v2\/media?parent=4846"}],"wp:term":[{"taxonomy":"category","embeddable":true,"href":"https:\/\/events.ipv.pt\/cidei\/en\/wp-json\/wp\/v2\/categories?post=4846"},{"taxonomy":"post_tag","embeddable":true,"href":"https:\/\/events.ipv.pt\/cidei\/en\/wp-json\/wp\/v2\/tags?post=4846"}],"curies":[{"name":"wp","href":"https:\/\/api.w.org\/{rel}","templated":true}]}}