{"id":3449,"date":"2023-01-08T14:58:16","date_gmt":"2023-01-08T14:58:16","guid":{"rendered":"http:\/\/localhost\/cidei\/?p=3449"},"modified":"2025-08-14T09:56:14","modified_gmt":"2025-08-14T09:56:14","slug":"self-perception-of-dual-career-barriers-and-athletic-identity-in-student-athletes-with-disabilities-according-to-disability-type-and-level-of-professionalization","status":"publish","type":"post","link":"https:\/\/events.ipv.pt\/cidei\/en\/self-perception-of-dual-career-barriers-and-athletic-identity-in-student-athletes-with-disabilities-according-to-disability-type-and-level-of-professionalization\/","title":{"rendered":"Self-perception of dual career barriers and athletic identity in student-athletes with disabilities according to disability type and level of professionalization"},"content":{"rendered":"<p>Maci\u00e1-Andreu, M. J., Vaquero-Crist\u00f3bal, R., Mero\u00f1o, L., Abenza-Cano, L., Garc\u00eda-Roca, J. A., C\u00e1novas-\u00c1lvarez, F. J., D\u00edaz-Aroca, A., Capranica, L., Stanescu, M., Pereira, A., Doupona, M., Mendes, F., Figueiredo, A., Isidori, E., S\u00e1nchez-Pato, A., Leiva-Arcas, A. (2023).<br \/>\nSelf-perception of dual career barriers and athletic identity in student-athletes with disabilities according to disability type and level of professionalization.<br \/>\nScientific Reports, 13, 20531.<br \/>\n<a href=\"https:\/\/doi.org\/10.1038\/s41598-023-47881-4\" rel=\"noopener\" target=\"_blank\">https:\/\/doi.org\/10.1038\/s41598-023-47881-4<\/a><\/p>","protected":false},"excerpt":{"rendered":"<p>Maci\u00e1-Andreu, M. J., Vaquero-Crist\u00f3bal, R., Mero\u00f1o, L., Abenza-Cano, L., Garc\u00eda-Roca, J. A., C\u00e1novas-\u00c1lvarez, F. J., D\u00edaz-Aroca, A., Capranica, L., Stanescu, M., Pereira, A., Doupona, M., Mendes, F., Figueiredo, A., Isidori, E., S\u00e1nchez-Pato, A., Leiva-Arcas, A. (2023). Self-perception of dual career barriers and athletic identity in student-athletes with disabilities according to disability type and level of [&hellip;]<\/p>\n","protected":false},"author":1,"featured_media":0,"comment_status":"closed","ping_status":"closed","sticky":false,"template":"","format":"standard","meta":{"site-sidebar-layout":"default","site-content-layout":"","ast-site-content-layout":"default","site-content-style":"default","site-sidebar-style":"default","ast-global-header-display":"","ast-banner-title-visibility":"","ast-main-header-display":"","ast-hfb-above-header-display":"","ast-hfb-below-header-display":"","ast-hfb-mobile-header-display":"","site-post-title":"","ast-breadcrumbs-content":"","ast-featured-img":"","footer-sml-layout":"","ast-disable-related-posts":"","theme-transparent-header-meta":"default","adv-header-id-meta":"","stick-header-meta":"","header-above-stick-meta":"","header-main-stick-meta":"","header-below-stick-meta":"","astra-migrate-meta-layouts":"set","ast-page-background-enabled":"default","ast-page-background-meta":{"desktop":{"background-color":"","background-image":"","background-repeat":"repeat","background-position":"center center","background-size":"auto","background-attachment":"scroll","background-type":"","background-media":"","overlay-type":"","overlay-color":"","overlay-opacity":"","overlay-gradient":""},"tablet":{"background-color":"","background-image":"","background-repeat":"repeat","background-position":"center center","background-size":"auto","background-attachment":"scroll","background-type":"","background-media":"","overlay-type":"","overlay-color":"","overlay-opacity":"","overlay-gradient":""},"mobile":{"background-color":"","background-image":"","background-repeat":"repeat","background-position":"center center","background-size":"auto","background-attachment":"scroll","background-type":"","background-media":"","overlay-type":"","overlay-color":"","overlay-opacity":"","overlay-gradient":""}},"ast-content-background-meta":{"desktop":{"background-color":"var(--ast-global-color-5)","background-image":"","background-repeat":"repeat","background-position":"center center","background-size":"auto","background-attachment":"scroll","background-type":"","background-media":"","overlay-type":"","overlay-color":"","overlay-opacity":"","overlay-gradient":""},"tablet":{"background-color":"var(--ast-global-color-5)","background-image":"","background-repeat":"repeat","background-position":"center center","background-size":"auto","background-attachment":"scroll","background-type":"","background-media":"","overlay-type":"","overlay-color":"","overlay-opacity":"","overlay-gradient":""},"mobile":{"background-color":"var(--ast-global-color-5)","background-image":"","background-repeat":"repeat","background-position":"center center","background-size":"auto","background-attachment":"scroll","background-type":"","background-media":"","overlay-type":"","overlay-color":"","overlay-opacity":"","overlay-gradient":""}},"footnotes":"","_links_to":"","_links_to_target":""},"categories":[37,60,27,49],"tags":[52,54,53],"class_list":["post-3449","post","type-post","status-publish","format-standard","hentry","category-37","category-artigos-em-revistas-indexadas-scopus-e-ou-wos","category-educacao-cidadania-e-inclusao","category-viseu","tag-abel-figueiredo","tag-antonino-pereira","tag-francisco-mendes"],"_links":{"self":[{"href":"https:\/\/events.ipv.pt\/cidei\/en\/wp-json\/wp\/v2\/posts\/3449","targetHints":{"allow":["GET"]}}],"collection":[{"href":"https:\/\/events.ipv.pt\/cidei\/en\/wp-json\/wp\/v2\/posts"}],"about":[{"href":"https:\/\/events.ipv.pt\/cidei\/en\/wp-json\/wp\/v2\/types\/post"}],"author":[{"embeddable":true,"href":"https:\/\/events.ipv.pt\/cidei\/en\/wp-json\/wp\/v2\/users\/1"}],"replies":[{"embeddable":true,"href":"https:\/\/events.ipv.pt\/cidei\/en\/wp-json\/wp\/v2\/comments?post=3449"}],"version-history":[{"count":3,"href":"https:\/\/events.ipv.pt\/cidei\/en\/wp-json\/wp\/v2\/posts\/3449\/revisions"}],"predecessor-version":[{"id":17374,"href":"https:\/\/events.ipv.pt\/cidei\/en\/wp-json\/wp\/v2\/posts\/3449\/revisions\/17374"}],"wp:attachment":[{"href":"https:\/\/events.ipv.pt\/cidei\/en\/wp-json\/wp\/v2\/media?parent=3449"}],"wp:term":[{"taxonomy":"category","embeddable":true,"href":"https:\/\/events.ipv.pt\/cidei\/en\/wp-json\/wp\/v2\/categories?post=3449"},{"taxonomy":"post_tag","embeddable":true,"href":"https:\/\/events.ipv.pt\/cidei\/en\/wp-json\/wp\/v2\/tags?post=3449"}],"curies":[{"name":"wp","href":"https:\/\/api.w.org\/{rel}","templated":true}]}}