{"id":3051,"date":"2021-05-19T09:07:31","date_gmt":"2021-05-19T09:07:31","guid":{"rendered":"http:\/\/localhost\/cidei\/?p=3051"},"modified":"2026-02-26T13:59:28","modified_gmt":"2026-02-26T13:59:28","slug":"apoios-especiais-ipv-exploracao-de-metodologias-online-no-desenvolvimento-de-competencias-na-area-do-audiovisual","status":"publish","type":"post","link":"https:\/\/events.ipv.pt\/cidei\/en\/apoios-especiais-ipv-exploracao-de-metodologias-online-no-desenvolvimento-de-competencias-na-area-do-audiovisual\/","title":{"rendered":"[apoios especiais IPV] Explora\u00e7\u00e3o de metodologias online no desenvolvimento de compet\u00eancias na \u00e1rea do audiovisual"},"content":{"rendered":"<h5><span class=\"fS8\">Duration:<\/span> 2021 \u2013 2022<\/h5>\n<h5><span class=\"fS8\">Principal Researcher<\/span><br \/>\nS\u00f3nia Ferreira<br \/>\nTeresa Gouveia<\/h5>\n<h5><span class=\"fS8\">Team Members<\/span><br \/>\nCarla Freire<br \/>\nCatarina Mangas<br \/>\nFilomena Sobral<br \/>\nPedro Rito<br \/>\nSalom\u00e9 Morais<\/h5>\n<h5><span class=\"fS8\">Funding<br \/>\nIPV<\/span><\/h5>\n<h5><span class=\"fS8\">Research line<\/span><br \/>\nICT and Multimedia in Education<\/h5>\n<p><a class=\"btEquipa\" href=\"https:\/\/ipv.pt\/apoios-especiais\/projeto4\/\" rel=\"noopener noreferrer\" target=\"_blank\">more<\/a><\/p>\n<p><\/p>\n<div class=\"esp20-0\" style=\"border-top: 1px solid #787b82; width: 55%;\"><\/div>\n<p>The audiovisual content is an influent communication device that has supported generations for decades and which requires investment in the fields of training and education. The objective of the project is to develop teaching-learning approaches in an online context to improve skills to produce an audiovisual product. The course privileges contact with invited specialists from the business and educational segments. Therefore, methodology and support technology must be implemented to respond to training and student\u2019s needs. Technical aspects, communication flows and the interaction design will be considered in the execution of the online platform. At the beginning and end of the online training, participants will be asked to answer questionnaires, one to initially characterize participants and expectations, and, the other, to evaluate their satisfaction and perceptions about the course.<\/p>","protected":false},"excerpt":{"rendered":"<p>Dura\u00e7\u00e3o: 2021 \u2013 2022 Investigador Respons\u00e1vel S\u00f3nia Ferreira Teresa Gouveia Membros da Equipa Carla Freire Catarina Mangas Filomena Sobral Pedro Rito Salom\u00e9 Morais Entidades Financiadoras IPV Linha de investiga\u00e7\u00e3o TIC e Multim\u00e9dia na Educa\u00e7\u00e3o mais O conte\u00fado audiovisual \u00e9 uma ferramenta influente de comunica\u00e7\u00e3o que acompanha gera\u00e7\u00f5es h\u00e1 d\u00e9cadas, mas que carece de investimento no [&hellip;]<\/p>\n","protected":false},"author":1,"featured_media":12119,"comment_status":"closed","ping_status":"closed","sticky":false,"template":"","format":"standard","meta":{"site-sidebar-layout":"default","site-content-layout":"","ast-site-content-layout":"normal-width-container","site-content-style":"boxed","site-sidebar-style":"default","ast-global-header-display":"","ast-banner-title-visibility":"","ast-main-header-display":"","ast-hfb-above-header-display":"","ast-hfb-below-header-display":"","ast-hfb-mobile-header-display":"","site-post-title":"","ast-breadcrumbs-content":"","ast-featured-img":"","footer-sml-layout":"","ast-disable-related-posts":"","theme-transparent-header-meta":"default","adv-header-id-meta":"","stick-header-meta":"","header-above-stick-meta":"","header-main-stick-meta":"","header-below-stick-meta":"","astra-migrate-meta-layouts":"set","ast-page-background-enabled":"default","ast-page-background-meta":{"desktop":{"background-color":"","background-image":"","background-repeat":"repeat","background-position":"center center","background-size":"auto","background-attachment":"scroll","background-type":"","background-media":"","overlay-type":"","overlay-color":"","overlay-opacity":"","overlay-gradient":""},"tablet":{"background-color":"","background-image":"","background-repeat":"repeat","background-position":"center center","background-size":"auto","background-attachment":"scroll","background-type":"","background-media":"","overlay-type":"","overlay-color":"","overlay-opacity":"","overlay-gradient":""},"mobile":{"background-color":"","background-image":"","background-repeat":"repeat","background-position":"center center","background-size":"auto","background-attachment":"scroll","background-type":"","background-media":"","overlay-type":"","overlay-color":"","overlay-opacity":"","overlay-gradient":""}},"ast-content-background-meta":{"desktop":{"background-color":"var(--ast-global-color-5)","background-image":"","background-repeat":"repeat","background-position":"center center","background-size":"auto","background-attachment":"scroll","background-type":"","background-media":"","overlay-type":"","overlay-color":"","overlay-opacity":"","overlay-gradient":""},"tablet":{"background-color":"var(--ast-global-color-5)","background-image":"","background-repeat":"repeat","background-position":"center center","background-size":"auto","background-attachment":"scroll","background-type":"","background-media":"","overlay-type":"","overlay-color":"","overlay-opacity":"","overlay-gradient":""},"mobile":{"background-color":"var(--ast-global-color-5)","background-image":"","background-repeat":"repeat","background-position":"center center","background-size":"auto","background-attachment":"scroll","background-type":"","background-media":"","overlay-type":"","overlay-color":"","overlay-opacity":"","overlay-gradient":""}},"footnotes":"","_links_to":"","_links_to_target":""},"categories":[30,5,51,741,7,33,49],"tags":[343,246,275,756,236,288],"class_list":["post-3051","post","type-post","status-publish","format-standard","has-post-thumbnail","hentry","category-competitivo","category-concluido","category-leiria","category-nacional","category-projeto","category-tic-e-multimedia-na-educacao","category-viseu","tag-2021-2022","tag-filomena-sobral","tag-pedro-rito","tag-salome-morais","tag-sonia-ferreira","tag-teresa-gouveia"],"_links":{"self":[{"href":"https:\/\/events.ipv.pt\/cidei\/en\/wp-json\/wp\/v2\/posts\/3051","targetHints":{"allow":["GET"]}}],"collection":[{"href":"https:\/\/events.ipv.pt\/cidei\/en\/wp-json\/wp\/v2\/posts"}],"about":[{"href":"https:\/\/events.ipv.pt\/cidei\/en\/wp-json\/wp\/v2\/types\/post"}],"author":[{"embeddable":true,"href":"https:\/\/events.ipv.pt\/cidei\/en\/wp-json\/wp\/v2\/users\/1"}],"replies":[{"embeddable":true,"href":"https:\/\/events.ipv.pt\/cidei\/en\/wp-json\/wp\/v2\/comments?post=3051"}],"version-history":[{"count":6,"href":"https:\/\/events.ipv.pt\/cidei\/en\/wp-json\/wp\/v2\/posts\/3051\/revisions"}],"predecessor-version":[{"id":21734,"href":"https:\/\/events.ipv.pt\/cidei\/en\/wp-json\/wp\/v2\/posts\/3051\/revisions\/21734"}],"wp:featuredmedia":[{"embeddable":true,"href":"https:\/\/events.ipv.pt\/cidei\/en\/wp-json\/wp\/v2\/media\/12119"}],"wp:attachment":[{"href":"https:\/\/events.ipv.pt\/cidei\/en\/wp-json\/wp\/v2\/media?parent=3051"}],"wp:term":[{"taxonomy":"category","embeddable":true,"href":"https:\/\/events.ipv.pt\/cidei\/en\/wp-json\/wp\/v2\/categories?post=3051"},{"taxonomy":"post_tag","embeddable":true,"href":"https:\/\/events.ipv.pt\/cidei\/en\/wp-json\/wp\/v2\/tags?post=3051"}],"curies":[{"name":"wp","href":"https:\/\/api.w.org\/{rel}","templated":true}]}}