{"id":2326,"date":"2022-06-27T16:02:52","date_gmt":"2022-06-27T16:02:52","guid":{"rendered":"http:\/\/localhost\/cidei\/?p=2326"},"modified":"2026-01-29T14:55:03","modified_gmt":"2026-01-29T14:55:03","slug":"proj-idi-cidei-004-o-caminho-para-as-medalhas-olimpicas-padroes-de-treinamento-e-psicossociaismembros-do-cidei-antonino-pereira-ir","status":"publish","type":"post","link":"https:\/\/events.ipv.pt\/cidei\/en\/proj-idi-cidei-004-o-caminho-para-as-medalhas-olimpicas-padroes-de-treinamento-e-psicossociaismembros-do-cidei-antonino-pereira-ir\/","title":{"rendered":"PROJ\/I&#038;DI\/CI&#038;DEI\/004 | O CAMINHO PARA AS MEDALHAS OL\u00cdMPICAS &#8211; PADR\u00d5ES DE TREINAMENTO E PSICOSSOCIAIS"},"content":{"rendered":"<h5><span class=\"fS8\">Duration:<\/span> 2022 \u2013 2025<\/h5>\n<h5><span class=\"fS8\">Principal Researcher<\/span><br \/>\nAntonino Pereira<\/h5>\n<h5><span class=\"fS8\">Team Members<\/span><br \/>\n<span class=\"fCinzaA fW400\">Hugo Borges Sarmento<br \/>\nArtur Jorge Santos<br \/>\nDuarte Ara\u00fajo<\/span><\/h5>\n<div class=\"esp20-0\" style=\"border-top: 1px solid #787b82; width: 55%;\"><\/div>\n<p>The athlete development until achieving an excellence level is a long and complex process. This is dependent of individual characteristics but also from contextual ones, such has, family, living place,\nsport context. There is a clear interest to understand how to improve the athlete development, namely, the elite ones.<br \/>\nMoreover, we reached to a point of interest about transition phase for sport retirement as athlete, and the gender issues associated to the athlete development. The Olympic medallists are by excellence a good example of talented athletes.<\/p>\n<p>The present study aims to:<br \/>\na) describe (training and psychosocial patterns) and document the process the lead the athletes to achieve an Olympic medal, namely, the living Olympic medallists\u2019 Portuguese athletes;<br \/>\nb) understand the development process of the athletes until reach the maximum recognition that is the Olympic medal;<br \/>\nc) analyse the different transitions phases, including the post-athletic phase.<\/p>\n<p>The project methodology will have 4 phases:<br \/>\n1st - systematic review about the thematic, so we can have a deeply understanding about the research\nevaluation related to Olympic athletes\u2019 development. For this we will use the PRISMA procedures.<br \/>\n2\u00aa &#8211; coleta de dados para caracterizar a trajet\u00f3ria dos atletas at\u00e9 a conquista da Olimp\u00edada Medalha &#8211; atrav\u00e9s de v\u00eddeos, relat\u00f3rios oficiais, entrevistas \/ not\u00edcias de jornais, entre outros dados disponibilizados pela Comit\u00ea Ol\u00edmpico.<br \/>\n3rd - consists in interviewing the medallist athletes, namely, the Portuguese ones (5 gold, 7 silver, 9 bronze \u2013 21 in total \u2013 representing the all the Portuguese medallists still alive). The interview (semi-structured) will be organised in four parts: 1) demographic data, 2) analysis of the development of psychosocial and training patterns, 3) analyse of the transition phase characterized by the end of the sports career, 4) analyse of relevant aspects. The data collected from the interviews, specifically, those related to theoretical models will be analysed through the technical content analysis, with a priori and posteriori categorial system. For that we will use the Nvivo Software.<br \/>\n4th - Elaborate and apply semi-structured interview script for managers responsible by the Olympic<\/p>\n<p>Mission and Preparation.<br \/>\nFor the 3rd and 4th data analysis, we will also recur to a quantitative data analyse of the six development activities and training pattern variables and of the six psychosocial variables will be also assessed. This data will be analysed recurring to SPSS software.<\/p>","protected":false},"excerpt":{"rendered":"<p>Dura\u00e7\u00e3o: 2022 \u2013 2025 Investigador Respons\u00e1vel Antonino Pereira Membros da Equipa Hugo Borges Sarmento Artur Jorge Santos Duarte Ara\u00fajo O desenvolvimento do atleta at\u00e9 atingir ao patamar de excel\u00eancia \u00e9 um processo longo e complexo. O processo \u00e9 dependente de caracter\u00edsticas individuais, mas tamb\u00e9m de caracter\u00edsticas contextuais, tais como, fam\u00edlia, local de resid\u00eancia e contexto [&hellip;]<\/p>\n","protected":false},"author":1,"featured_media":0,"comment_status":"closed","ping_status":"closed","sticky":false,"template":"","format":"standard","meta":{"site-sidebar-layout":"default","site-content-layout":"default","ast-site-content-layout":"normal-width-container","site-content-style":"boxed","site-sidebar-style":"default","ast-global-header-display":"","ast-banner-title-visibility":"","ast-main-header-display":"","ast-hfb-above-header-display":"","ast-hfb-below-header-display":"","ast-hfb-mobile-header-display":"","site-post-title":"","ast-breadcrumbs-content":"","ast-featured-img":"","footer-sml-layout":"","ast-disable-related-posts":"","theme-transparent-header-meta":"default","adv-header-id-meta":"","stick-header-meta":"","header-above-stick-meta":"","header-main-stick-meta":"","header-below-stick-meta":"","astra-migrate-meta-layouts":"set","ast-page-background-enabled":"default","ast-page-background-meta":{"desktop":{"background-color":"","background-image":"","background-repeat":"repeat","background-position":"center center","background-size":"auto","background-attachment":"scroll","background-type":"","background-media":"","overlay-type":"","overlay-color":"","overlay-opacity":"","overlay-gradient":""},"tablet":{"background-color":"","background-image":"","background-repeat":"repeat","background-position":"center center","background-size":"auto","background-attachment":"scroll","background-type":"","background-media":"","overlay-type":"","overlay-color":"","overlay-opacity":"","overlay-gradient":""},"mobile":{"background-color":"","background-image":"","background-repeat":"repeat","background-position":"center center","background-size":"auto","background-attachment":"scroll","background-type":"","background-media":"","overlay-type":"","overlay-color":"","overlay-opacity":"","overlay-gradient":""}},"ast-content-background-meta":{"desktop":{"background-color":"var(--ast-global-color-5)","background-image":"","background-repeat":"repeat","background-position":"center center","background-size":"auto","background-attachment":"scroll","background-type":"","background-media":"","overlay-type":"","overlay-color":"","overlay-opacity":"","overlay-gradient":""},"tablet":{"background-color":"var(--ast-global-color-5)","background-image":"","background-repeat":"repeat","background-position":"center center","background-size":"auto","background-attachment":"scroll","background-type":"","background-media":"","overlay-type":"","overlay-color":"","overlay-opacity":"","overlay-gradient":""},"mobile":{"background-color":"var(--ast-global-color-5)","background-image":"","background-repeat":"repeat","background-position":"center center","background-size":"auto","background-attachment":"scroll","background-type":"","background-media":"","overlay-type":"","overlay-color":"","overlay-opacity":"","overlay-gradient":""}},"footnotes":"","_links_to":"","_links_to_target":""},"categories":[5,741,15,49],"tags":[342,54],"class_list":["post-2326","post","type-post","status-publish","format-standard","hentry","category-concluido","category-nacional","category-projeto-interno","category-viseu","tag-2022-2025","tag-antonino-pereira"],"_links":{"self":[{"href":"https:\/\/events.ipv.pt\/cidei\/en\/wp-json\/wp\/v2\/posts\/2326","targetHints":{"allow":["GET"]}}],"collection":[{"href":"https:\/\/events.ipv.pt\/cidei\/en\/wp-json\/wp\/v2\/posts"}],"about":[{"href":"https:\/\/events.ipv.pt\/cidei\/en\/wp-json\/wp\/v2\/types\/post"}],"author":[{"embeddable":true,"href":"https:\/\/events.ipv.pt\/cidei\/en\/wp-json\/wp\/v2\/users\/1"}],"replies":[{"embeddable":true,"href":"https:\/\/events.ipv.pt\/cidei\/en\/wp-json\/wp\/v2\/comments?post=2326"}],"version-history":[{"count":16,"href":"https:\/\/events.ipv.pt\/cidei\/en\/wp-json\/wp\/v2\/posts\/2326\/revisions"}],"predecessor-version":[{"id":21177,"href":"https:\/\/events.ipv.pt\/cidei\/en\/wp-json\/wp\/v2\/posts\/2326\/revisions\/21177"}],"wp:attachment":[{"href":"https:\/\/events.ipv.pt\/cidei\/en\/wp-json\/wp\/v2\/media?parent=2326"}],"wp:term":[{"taxonomy":"category","embeddable":true,"href":"https:\/\/events.ipv.pt\/cidei\/en\/wp-json\/wp\/v2\/categories?post=2326"},{"taxonomy":"post_tag","embeddable":true,"href":"https:\/\/events.ipv.pt\/cidei\/en\/wp-json\/wp\/v2\/tags?post=2326"}],"curies":[{"name":"wp","href":"https:\/\/api.w.org\/{rel}","templated":true}]}}