{"id":15634,"date":"2025-04-14T08:51:47","date_gmt":"2025-04-14T08:51:47","guid":{"rendered":"http:\/\/localhost\/cidei\/?p=15634"},"modified":"2025-09-10T11:24:55","modified_gmt":"2025-09-10T11:24:55","slug":"educacao-democratica-e-o-direito-a-inclusao-evolucao-das-politicas-educativas-e-curriculares-para-a-inclusao-em-portugal-e-no-brasil06-05-25","status":"publish","type":"post","link":"https:\/\/events.ipv.pt\/cidei\/en\/educacao-democratica-e-o-direito-a-inclusao-evolucao-das-politicas-educativas-e-curriculares-para-a-inclusao-em-portugal-e-no-brasil06-05-25\/","title":{"rendered":"EDUCA\u00c7\u00c3O  DEMOCR\u00c1TICA E O DIREITO \u00c0 INCLUS\u00c3O: Evolu\u00e7\u00e3o das pol\u00edticas educativas e curriculares para a inclus\u00e3o em  Portugal e no Brasil [06.05.25]"},"content":{"rendered":"<h6>14:30 \u2013 16:00<br \/>\n[H\u00cdBRIDO]<\/h6>\n<p><strong>Presencial<\/strong> Escola Superior de Sa\u00fade do Polit\u00e9cnico de Leiria<br \/>\n<strong>Online<\/strong> Plataforma ZOOM (enviado por email aos inscritos)<\/p>\n<p><a class=\"bt-redondo\" href=\"https:\/\/forms.office.com\/e\/476knbeFPX\" target=\"_blank\">inscreve-te<\/a><\/p>\n<h5>Preletores<\/h5>\n<p>Salom\u00e3o Barros Ximenes &#8211; Universidade de S\u00e3o Paulo (USP), Brasil<br \/>\nClarisse Nunes &#8211; Instituto Polit\u00e9cnico de Lisboa (IPL), Portugal<\/p>\n<h5>Comiss\u00e3o Organizadora<\/h5>\n<p>H\u00e9lia Pinto<br \/>\nHenrique Ramalho<br \/>\nMaria Jo\u00e3o Silva<br \/>\nPedro Tadeu<br \/>\nSalom\u00e9 Morais<br \/>\nTiago Almeida<br \/>\nC\u00e1tia Magalh\u00e3es<br \/>\nAntonino Pereira<\/p>\n<p><img loading=\"lazy\" decoding=\"async\" src=\"\/cidei\/wp-content\/uploads\/2025\/04\/seminarioEducacaoDemocratica1.avif\" alt=\"\" width=\"1000\" height=\"1779\" class=\"alignnone size-full wp-image-15674\" srcset=\"https:\/\/events.ipv.pt\/cidei\/wp-content\/uploads\/2025\/04\/seminarioEducacaoDemocratica1.avif 1000w, https:\/\/events.ipv.pt\/cidei\/wp-content\/uploads\/2025\/04\/seminarioEducacaoDemocratica1-169x300.avif 169w, https:\/\/events.ipv.pt\/cidei\/wp-content\/uploads\/2025\/04\/seminarioEducacaoDemocratica1-576x1024.avif 576w, https:\/\/events.ipv.pt\/cidei\/wp-content\/uploads\/2025\/04\/seminarioEducacaoDemocratica1-768x1366.avif 768w, https:\/\/events.ipv.pt\/cidei\/wp-content\/uploads\/2025\/04\/seminarioEducacaoDemocratica1-863x1536.avif 863w, https:\/\/events.ipv.pt\/cidei\/wp-content\/uploads\/2025\/04\/seminarioEducacaoDemocratica1-7x12.avif 7w\" sizes=\"auto, (max-width: 1000px) 100vw, 1000px\" \/><\/p>\n","protected":false},"excerpt":{"rendered":"<p>14:30 \u2013 16:00 [H\u00cdBRIDO] Presencial Escola Superior de Sa\u00fade do Polit\u00e9cnico de Leiria Online Plataforma ZOOM (enviado por email aos inscritos) inscreve-te Preletores Salom\u00e3o Barros Ximenes &#8211; Universidade de S\u00e3o Paulo (USP), Brasil Clarisse Nunes &#8211; Instituto Polit\u00e9cnico de Lisboa (IPL), Portugal Comiss\u00e3o Organizadora H\u00e9lia Pinto Henrique Ramalho Maria Jo\u00e3o Silva Pedro Tadeu Salom\u00e9 Morais [&hellip;]<\/p>\n","protected":false},"author":1,"featured_media":15675,"comment_status":"closed","ping_status":"closed","sticky":false,"template":"","format":"standard","meta":{"site-sidebar-layout":"default","site-content-layout":"","ast-site-content-layout":"narrow-width-container","site-content-style":"boxed","site-sidebar-style":"default","ast-global-header-display":"","ast-banner-title-visibility":"","ast-main-header-display":"","ast-hfb-above-header-display":"","ast-hfb-below-header-display":"","ast-hfb-mobile-header-display":"","site-post-title":"","ast-breadcrumbs-content":"","ast-featured-img":"","footer-sml-layout":"","ast-disable-related-posts":"","theme-transparent-header-meta":"default","adv-header-id-meta":"","stick-header-meta":"","header-above-stick-meta":"","header-main-stick-meta":"","header-below-stick-meta":"","astra-migrate-meta-layouts":"set","ast-page-background-enabled":"default","ast-page-background-meta":{"desktop":{"background-color":"","background-image":"","background-repeat":"repeat","background-position":"center center","background-size":"auto","background-attachment":"scroll","background-type":"","background-media":"","overlay-type":"","overlay-color":"","overlay-opacity":"","overlay-gradient":""},"tablet":{"background-color":"","background-image":"","background-repeat":"repeat","background-position":"center center","background-size":"auto","background-attachment":"scroll","background-type":"","background-media":"","overlay-type":"","overlay-color":"","overlay-opacity":"","overlay-gradient":""},"mobile":{"background-color":"","background-image":"","background-repeat":"repeat","background-position":"center center","background-size":"auto","background-attachment":"scroll","background-type":"","background-media":"","overlay-type":"","overlay-color":"","overlay-opacity":"","overlay-gradient":""}},"ast-content-background-meta":{"desktop":{"background-color":"var(--ast-global-color-5)","background-image":"","background-repeat":"repeat","background-position":"center center","background-size":"auto","background-attachment":"scroll","background-type":"","background-media":"","overlay-type":"","overlay-color":"","overlay-opacity":"","overlay-gradient":""},"tablet":{"background-color":"var(--ast-global-color-5)","background-image":"","background-repeat":"repeat","background-position":"center center","background-size":"auto","background-attachment":"scroll","background-type":"","background-media":"","overlay-type":"","overlay-color":"","overlay-opacity":"","overlay-gradient":""},"mobile":{"background-color":"var(--ast-global-color-5)","background-image":"","background-repeat":"repeat","background-position":"center center","background-size":"auto","background-attachment":"scroll","background-type":"","background-media":"","overlay-type":"","overlay-color":"","overlay-opacity":"","overlay-gradient":""}},"footnotes":"","_links_to":"","_links_to_target":""},"categories":[730,3,729],"tags":[],"class_list":["post-15634","post","type-post","status-publish","format-standard","has-post-thumbnail","hentry","category-cidei-evento","category-eventos-eventos","category-seminario-evento"],"_links":{"self":[{"href":"https:\/\/events.ipv.pt\/cidei\/en\/wp-json\/wp\/v2\/posts\/15634","targetHints":{"allow":["GET"]}}],"collection":[{"href":"https:\/\/events.ipv.pt\/cidei\/en\/wp-json\/wp\/v2\/posts"}],"about":[{"href":"https:\/\/events.ipv.pt\/cidei\/en\/wp-json\/wp\/v2\/types\/post"}],"author":[{"embeddable":true,"href":"https:\/\/events.ipv.pt\/cidei\/en\/wp-json\/wp\/v2\/users\/1"}],"replies":[{"embeddable":true,"href":"https:\/\/events.ipv.pt\/cidei\/en\/wp-json\/wp\/v2\/comments?post=15634"}],"version-history":[{"count":9,"href":"https:\/\/events.ipv.pt\/cidei\/en\/wp-json\/wp\/v2\/posts\/15634\/revisions"}],"predecessor-version":[{"id":18930,"href":"https:\/\/events.ipv.pt\/cidei\/en\/wp-json\/wp\/v2\/posts\/15634\/revisions\/18930"}],"wp:featuredmedia":[{"embeddable":true,"href":"https:\/\/events.ipv.pt\/cidei\/en\/wp-json\/wp\/v2\/media\/15675"}],"wp:attachment":[{"href":"https:\/\/events.ipv.pt\/cidei\/en\/wp-json\/wp\/v2\/media?parent=15634"}],"wp:term":[{"taxonomy":"category","embeddable":true,"href":"https:\/\/events.ipv.pt\/cidei\/en\/wp-json\/wp\/v2\/categories?post=15634"},{"taxonomy":"post_tag","embeddable":true,"href":"https:\/\/events.ipv.pt\/cidei\/en\/wp-json\/wp\/v2\/tags?post=15634"}],"curies":[{"name":"wp","href":"https:\/\/api.w.org\/{rel}","templated":true}]}}