{"id":11929,"date":"2023-01-06T09:58:22","date_gmt":"2023-01-06T09:58:22","guid":{"rendered":"http:\/\/localhost\/cidei\/?p=11929"},"modified":"2025-08-13T12:56:41","modified_gmt":"2025-08-13T12:56:41","slug":"topicidades-da-concecao-reformista-do-regime-da-educacao-inclusiva-uma-abordagem-sociologica","status":"publish","type":"post","link":"https:\/\/events.ipv.pt\/cidei\/en\/topicidades-da-concecao-reformista-do-regime-da-educacao-inclusiva-uma-abordagem-sociologica\/","title":{"rendered":"Topicidades da conce\u00e7\u00e3o reformista do regime da educa\u00e7\u00e3o inclusiva: uma abordagem sociol\u00f3gica"},"content":{"rendered":"<p>Ramalho, H., Ara\u00fajo, F. (2023).<br \/>\nTopicidades da conce\u00e7\u00e3o reformista do regime da educa\u00e7\u00e3o inclusiva: uma abordagem sociol\u00f3gica.<br \/>\nIn S. Felizardo, E. Ribeiro, E. Martins &#038; R. Fernandes (Eds.), <em>Apontamentos de Educa\u00e7\u00e3o Especial e Inclusiva @ 2023<\/em> (pp. 23-37).<br \/>\nPortugal: Escola Superior de Educa\u00e7\u00e3o de Viseu<\/p>","protected":false},"excerpt":{"rendered":"<p>Ramalho, H., Ara\u00fajo, F. (2023). Topicidades da conce\u00e7\u00e3o reformista do regime da educa\u00e7\u00e3o inclusiva: uma abordagem sociol\u00f3gica. In S. Felizardo, E. Ribeiro, E. Martins &#038; R. Fernandes (Eds.), Apontamentos de Educa\u00e7\u00e3o Especial e Inclusiva @ 2023 (pp. 23-37). Portugal: Escola Superior de Educa\u00e7\u00e3o de Viseu<\/p>","protected":false},"author":1,"featured_media":0,"comment_status":"closed","ping_status":"closed","sticky":false,"template":"","format":"standard","meta":{"site-sidebar-layout":"default","site-content-layout":"","ast-site-content-layout":"default","site-content-style":"default","site-sidebar-style":"default","ast-global-header-display":"","ast-banner-title-visibility":"","ast-main-header-display":"","ast-hfb-above-header-display":"","ast-hfb-below-header-display":"","ast-hfb-mobile-header-display":"","site-post-title":"","ast-breadcrumbs-content":"","ast-featured-img":"","footer-sml-layout":"","ast-disable-related-posts":"","theme-transparent-header-meta":"default","adv-header-id-meta":"","stick-header-meta":"","header-above-stick-meta":"","header-main-stick-meta":"","header-below-stick-meta":"","astra-migrate-meta-layouts":"set","ast-page-background-enabled":"default","ast-page-background-meta":{"desktop":{"background-color":"","background-image":"","background-repeat":"repeat","background-position":"center center","background-size":"auto","background-attachment":"scroll","background-type":"","background-media":"","overlay-type":"","overlay-color":"","overlay-opacity":"","overlay-gradient":""},"tablet":{"background-color":"","background-image":"","background-repeat":"repeat","background-position":"center center","background-size":"auto","background-attachment":"scroll","background-type":"","background-media":"","overlay-type":"","overlay-color":"","overlay-opacity":"","overlay-gradient":""},"mobile":{"background-color":"","background-image":"","background-repeat":"repeat","background-position":"center center","background-size":"auto","background-attachment":"scroll","background-type":"","background-media":"","overlay-type":"","overlay-color":"","overlay-opacity":"","overlay-gradient":""}},"ast-content-background-meta":{"desktop":{"background-color":"var(--ast-global-color-5)","background-image":"","background-repeat":"repeat","background-position":"center center","background-size":"auto","background-attachment":"scroll","background-type":"","background-media":"","overlay-type":"","overlay-color":"","overlay-opacity":"","overlay-gradient":""},"tablet":{"background-color":"var(--ast-global-color-5)","background-image":"","background-repeat":"repeat","background-position":"center center","background-size":"auto","background-attachment":"scroll","background-type":"","background-media":"","overlay-type":"","overlay-color":"","overlay-opacity":"","overlay-gradient":""},"mobile":{"background-color":"var(--ast-global-color-5)","background-image":"","background-repeat":"repeat","background-position":"center center","background-size":"auto","background-attachment":"scroll","background-type":"","background-media":"","overlay-type":"","overlay-color":"","overlay-opacity":"","overlay-gradient":""}},"footnotes":"","_links_to":"","_links_to_target":""},"categories":[37,59,25,49],"tags":[301],"class_list":["post-11929","post","type-post","status-publish","format-standard","hentry","category-37","category-capitulos-de-livro-de-edicao-nacional","category-politicas-educativas-didaticas-e-formacao","category-viseu","tag-henrique-ramalho"],"_links":{"self":[{"href":"https:\/\/events.ipv.pt\/cidei\/en\/wp-json\/wp\/v2\/posts\/11929","targetHints":{"allow":["GET"]}}],"collection":[{"href":"https:\/\/events.ipv.pt\/cidei\/en\/wp-json\/wp\/v2\/posts"}],"about":[{"href":"https:\/\/events.ipv.pt\/cidei\/en\/wp-json\/wp\/v2\/types\/post"}],"author":[{"embeddable":true,"href":"https:\/\/events.ipv.pt\/cidei\/en\/wp-json\/wp\/v2\/users\/1"}],"replies":[{"embeddable":true,"href":"https:\/\/events.ipv.pt\/cidei\/en\/wp-json\/wp\/v2\/comments?post=11929"}],"version-history":[{"count":2,"href":"https:\/\/events.ipv.pt\/cidei\/en\/wp-json\/wp\/v2\/posts\/11929\/revisions"}],"predecessor-version":[{"id":16750,"href":"https:\/\/events.ipv.pt\/cidei\/en\/wp-json\/wp\/v2\/posts\/11929\/revisions\/16750"}],"wp:attachment":[{"href":"https:\/\/events.ipv.pt\/cidei\/en\/wp-json\/wp\/v2\/media?parent=11929"}],"wp:term":[{"taxonomy":"category","embeddable":true,"href":"https:\/\/events.ipv.pt\/cidei\/en\/wp-json\/wp\/v2\/categories?post=11929"},{"taxonomy":"post_tag","embeddable":true,"href":"https:\/\/events.ipv.pt\/cidei\/en\/wp-json\/wp\/v2\/tags?post=11929"}],"curies":[{"name":"wp","href":"https:\/\/api.w.org\/{rel}","templated":true}]}}