{"id":10462,"date":"2024-03-15T14:09:38","date_gmt":"2024-03-15T14:09:38","guid":{"rendered":"http:\/\/localhost\/cidei\/?p=10462"},"modified":"2025-12-05T09:19:04","modified_gmt":"2025-12-05T09:19:04","slug":"paula-cristina-ferreira","status":"publish","type":"post","link":"https:\/\/events.ipv.pt\/cidei\/en\/paula-cristina-ferreira\/","title":{"rendered":"Paula Cristina Ferreira"},"content":{"rendered":"<div class=\"bnEquipa\">\n<div class=\"rw padTB300\">\n<div>\n<h2>Paula Cristina Ferreira<\/h2>\n<h4>Paula Cristina Cinza Santos Leal Ferreira<\/h4>\n<h6>INSTITUTO POLIT\u00c9CNICO DE LEIRIA<\/h6>\n<\/div>\n<div class=\"btRow\">\n<a href=\"https:\/\/orcid.org\/0000-0002-7258-6616\" target=\"_blank\">ORCID \u2022 0000-0002-7258-6616<\/a><br \/>\n<a href=\"https:\/\/cienciavitae.pt\/0000-0002-7258-6616\" target=\"_blank\">CI\u00caNCIAVITAE \u2022 0000-0002-7258-6616<\/a>\n<\/div>\n<\/div>\n<\/div>\n<div class=\"bn bgCinzaEscuro\">\n<div class=\"dqEquipa2 bgCinzaEscuro\">\n<div class=\"dqContainer\">\n<div class=\"rwCl pad20\">\n<div>\n<h6 class=\"fBranco pad20\"><span class=\"fLaranja\">\u279d<\/span> INTERNACIONAIS<\/h6>\n<div class=\"btRowRed btRowRedBranco\">\n<button class=\"tablinks\" data-group=\"grupo101\" data-target=\"LI\">livros<\/button><br \/>\n<button class=\"tablinks\" data-group=\"grupo101\" data-target=\"CLI\">cap\u00edtulos de livro<\/button>\n<\/div>\n<\/div>\n<div>\n<h6 class=\"fBranco pad20\"><span class=\"fLaranja\">\u279d<\/span> NACIONAIS<\/h6>\n<div class=\"btRowRed btRowRedBranco\">\n<button class=\"tablinks\" data-group=\"grupo101\" data-target=\"LN\">livros<\/button><br \/>\n<button class=\"tablinks\" data-group=\"grupo101\" data-target=\"CLN\">cap\u00edtulos de livro<\/button>\n<\/div>\n<\/div>\n<div>\n<h6 class=\"fBranco pad20\"><span class=\"fLaranja\">\u279d<\/span> ARTIGOS<\/h6>\n<div class=\"btRowRed\">\n<button class=\"tablinks btHLr\" data-group=\"grupo101\" data-target=\"ARI\">SCOPUS e\/ou WoS<\/button><br \/>\n<button class=\"tablinks btHLr\" data-group=\"grupo101\" data-target=\"AR\">outras bases de indexa\u00e7\u00e3o<\/button>\n<\/div>\n<\/div>\n<div>\n<div class=\"btRowAll\">\n<button class=\"toggleGroup btHCz\" data-group=\"grupo101\">abrir todos<\/button>\n<\/div>\n<\/div>\n<\/div>\n<\/div>\n<\/div>\n<\/div>\n<div class=\"dqEquipa\">\n<div class=\"dqContainer\">\n<div id=\"LI\" class=\"tabcontentR\" data-group=\"grupo101\">\n[internacionais] livros<br \/>\n<div class=\"pt-cv-wrapper\"><div class=\"pt-cv-view pt-cv-grid pt-cv-colsys\" id=\"pt-cv-view-21ab6af3na\"><div data-id=\"pt-cv-page-1\" class=\"pt-cv-page cv-npf\" data-cvc=\"1\"><div class=\"col-md-12 col-sm-12 col-xs-12 pt-cv-content-item pt-cv-1-col\" ><div class='pt-cv-ifield'><div class=\"pt-cv-no-post\">No posts found.<\/div><\/div><\/div><\/div><\/div><\/div>\n<\/div>\n<div id=\"CLI\" class=\"tabcontentR\" data-group=\"grupo101\">\n[internacionais] cap\u00edtulos de livro<br \/>\n<div class=\"pt-cv-wrapper\"><div class=\"pt-cv-view pt-cv-grid pt-cv-colsys\" id=\"pt-cv-view-9e6746b4xd\"><div data-id=\"pt-cv-page-1\" class=\"pt-cv-page cv-npf\" data-cvc=\"1\"><div class=\"col-md-12 col-sm-12 col-xs-12 pt-cv-content-item pt-cv-1-col\" ><div class='pt-cv-ifield'><div class=\"pt-cv-no-post\">No posts found.<\/div><\/div><\/div><\/div><\/div><\/div>\n<\/div>\n<div id=\"LN\" class=\"tabcontentR\" data-group=\"grupo101\">\n[nacionais] livros<br \/>\n<div class=\"pt-cv-wrapper\"><div class=\"pt-cv-view pt-cv-grid pt-cv-colsys\" id=\"pt-cv-view-46cabede70\"><div data-id=\"pt-cv-page-1\" class=\"pt-cv-page\" data-cvc=\"1\"><div class=\"col-md-12 col-sm-12 col-xs-12 pt-cv-content-item pt-cv-1-col\" ><div class='pt-cv-ifield'><div class=\"pt-cv-content\"><p>Ferreira, P. (2023).<br \/>\nSons Tagarelas \u2013 exerc\u00edcios de consci\u00eancia fonol\u00f3gica.<br \/>\nLeiria, Portugal: ESECS.<br \/>\nRetrieved from <a href=\"https:\/\/boaleitura.com\/livro\/186143\" rel=\"noopener\" target=\"_blank\">https:\/\/boaleitura.com\/livro\/186143<\/a><\/p>\n<\/div>\n<div class=\"pt-cv-meta-fields\"><span class=\"terms\"> <a href='https:\/\/events.ipv.pt\/cidei\/en\/category\/2023\/' title='2023' class='pt-cv-tax-2023'>2023<\/a>, <a href='https:\/\/events.ipv.pt\/cidei\/en\/category\/nucleo\/leiria\/' title='Leiria' class='pt-cv-tax-leiria'>Leiria<\/a>, <a href='https:\/\/events.ipv.pt\/cidei\/en\/category\/producao-cientifica\/livros-de-edicao-nacional\/' title='Livros de Edi\u00e7\u00e3o Nacional' class='pt-cv-tax-livros-de-edicao-nacional'>Livros de Edi\u00e7\u00e3o Nacional<\/a>, <a href='https:\/\/events.ipv.pt\/cidei\/en\/tag\/paula-cristina-ferreira\/' title='Paula Cristina Ferreira' class='pt-cv-tax-paula-cristina-ferreira'>Paula Cristina Ferreira<\/a>, <a href='https:\/\/events.ipv.pt\/cidei\/en\/category\/linha-investigacao\/politicas-educativas-didaticas-e-formacao\/' title='Pol\u00edticas Educativas Did\u00e1ticas e Forma\u00e7\u00e3o' class='pt-cv-tax-politicas-educativas-didaticas-e-formacao'>Pol\u00edticas Educativas Did\u00e1ticas e Forma\u00e7\u00e3o<\/a><\/span><\/div><\/div><\/div>\n<div class=\"col-md-12 col-sm-12 col-xs-12 pt-cv-content-item pt-cv-1-col\" ><div class='pt-cv-ifield'><div class=\"pt-cv-content\"><p>Ferreira, P. C., Estrela, M. F. (2023).<br \/>\nDISLEXIA &#8211; Percursos de Leitura e Interven\u00e7\u00e3o.<br \/>\nLeiria, Portugal: Hora de Ler. ISBN: 9789899128231.<br \/>\nRetrieved from <a href=\"https:\/\/boaleitura.com\/livro\/185031\" target=\"_blank\">https:\/\/boaleitura.com\/livro\/185031<\/a><\/p>\n<\/div>\n<div class=\"pt-cv-meta-fields\"><span class=\"terms\"> <a href='https:\/\/events.ipv.pt\/cidei\/en\/category\/2023\/' title='2023' class='pt-cv-tax-2023'>2023<\/a>, <a href='https:\/\/events.ipv.pt\/cidei\/en\/category\/linha-investigacao\/educacao-para-a-saude-e-qualidade-de-vida\/' title='Educa\u00e7\u00e3o para a Sa\u00fade e Qualidade de Vida' class='pt-cv-tax-educacao-para-a-saude-e-qualidade-de-vida'>Educa\u00e7\u00e3o para a Sa\u00fade e Qualidade de Vida<\/a>, <a href='https:\/\/events.ipv.pt\/cidei\/en\/category\/nucleo\/leiria\/' title='Leiria' class='pt-cv-tax-leiria'>Leiria<\/a>, <a href='https:\/\/events.ipv.pt\/cidei\/en\/category\/producao-cientifica\/livros-de-edicao-nacional\/' title='Livros de Edi\u00e7\u00e3o Nacional' class='pt-cv-tax-livros-de-edicao-nacional'>Livros de Edi\u00e7\u00e3o Nacional<\/a>, <a href='https:\/\/events.ipv.pt\/cidei\/en\/tag\/paula-cristina-ferreira\/' title='Paula Cristina Ferreira' class='pt-cv-tax-paula-cristina-ferreira'>Paula Cristina Ferreira<\/a><\/span><\/div><\/div><\/div>\n<div class=\"col-md-12 col-sm-12 col-xs-12 pt-cv-content-item pt-cv-1-col\" ><div class='pt-cv-ifield'><div class=\"pt-cv-content\"><p>Ferreira, P. (2022).<br \/>\nRoberto, o lince inquieto.<br \/>\nLisboa: Cordel de Prata. ISBN: 9789899144484<\/p>\n<\/div>\n<div class=\"pt-cv-meta-fields\"><span class=\"terms\"> <a href='https:\/\/events.ipv.pt\/cidei\/en\/category\/2022\/' title='2022' class='pt-cv-tax-2022'>2022<\/a>, <a href='https:\/\/events.ipv.pt\/cidei\/en\/category\/nucleo\/leiria\/' title='Leiria' class='pt-cv-tax-leiria'>Leiria<\/a>, <a href='https:\/\/events.ipv.pt\/cidei\/en\/category\/producao-cientifica\/livros-de-edicao-nacional\/' title='Livros de Edi\u00e7\u00e3o Nacional' class='pt-cv-tax-livros-de-edicao-nacional'>Livros de Edi\u00e7\u00e3o Nacional<\/a>, <a href='https:\/\/events.ipv.pt\/cidei\/en\/tag\/paula-cristina-ferreira\/' title='Paula Cristina Ferreira' class='pt-cv-tax-paula-cristina-ferreira'>Paula Cristina Ferreira<\/a><\/span><\/div><\/div><\/div>\n<div class=\"col-md-12 col-sm-12 col-xs-12 pt-cv-content-item pt-cv-1-col\" ><div class='pt-cv-ifield'><div class=\"pt-cv-content\"><p>Ferreira, P. (2018).<br \/>\n<em>Hist\u00f3rias reais fant\u00e1sticas: mote Os Lus\u00edadas, de Lu\u00eds Vaz de Cam\u00f5es<\/em>.<br \/>\nBenedita-Alcoba\u00e7a, Portugal: INSE. ISBN: 978-972-9171-93-2<\/p>\n<\/div>\n<div class=\"pt-cv-meta-fields\"><span class=\"terms\"> <a href='https:\/\/events.ipv.pt\/cidei\/en\/category\/2018\/' title='2018' class='pt-cv-tax-2018'>2018<\/a>, <a href='https:\/\/events.ipv.pt\/cidei\/en\/category\/nucleo\/leiria\/' title='Leiria' class='pt-cv-tax-leiria'>Leiria<\/a>, <a href='https:\/\/events.ipv.pt\/cidei\/en\/category\/producao-cientifica\/livros-de-edicao-nacional\/' title='Livros de Edi\u00e7\u00e3o Nacional' class='pt-cv-tax-livros-de-edicao-nacional'>Livros de Edi\u00e7\u00e3o Nacional<\/a>, <a href='https:\/\/events.ipv.pt\/cidei\/en\/tag\/paula-cristina-ferreira\/' title='Paula Cristina Ferreira' class='pt-cv-tax-paula-cristina-ferreira'>Paula Cristina Ferreira<\/a><\/span><\/div><\/div><\/div><\/div><\/div><\/div>\n<\/div>\n<div id=\"CLN\" class=\"tabcontentR\" data-group=\"grupo101\">\n[nacionais] cap\u00edtulos de livro<br \/>\n<div class=\"pt-cv-wrapper\"><div class=\"pt-cv-view pt-cv-grid pt-cv-colsys\" id=\"pt-cv-view-efef9cdgu9\"><div data-id=\"pt-cv-page-1\" class=\"pt-cv-page\" data-cvc=\"1\"><div class=\"col-md-12 col-sm-12 col-xs-12 pt-cv-content-item pt-cv-1-col\" ><div class='pt-cv-ifield'><div class=\"pt-cv-content\"><p>Ferreira, P. C. (2025).<br \/>\nNovo Livro Aberto, bloco inclus\u00e3o 6.\u00ba ano.<br \/>\nPorto: Porto Editora.<\/p>\n<\/div>\n<div class=\"pt-cv-meta-fields\"><span class=\"terms\"> <a href='https:\/\/events.ipv.pt\/cidei\/en\/category\/2025\/' title='2025' class='pt-cv-tax-2025'>2025<\/a>, <a href='https:\/\/events.ipv.pt\/cidei\/en\/category\/producao-cientifica\/capitulos-de-livro-de-edicao-nacional\/' title='Cap\u00edtulos de Livro de Edi\u00e7\u00e3o Nacional' class='pt-cv-tax-capitulos-de-livro-de-edicao-nacional'>Cap\u00edtulos de Livro de Edi\u00e7\u00e3o Nacional<\/a>, <a href='https:\/\/events.ipv.pt\/cidei\/en\/category\/linha-investigacao\/educacao-cidadania-e-inclusao\/' title='Educa\u00e7\u00e3o Cidadania e Inclus\u00e3o' class='pt-cv-tax-educacao-cidadania-e-inclusao'>Educa\u00e7\u00e3o Cidadania e Inclus\u00e3o<\/a>, <a href='https:\/\/events.ipv.pt\/cidei\/en\/category\/nucleo\/leiria\/' title='Leiria' class='pt-cv-tax-leiria'>Leiria<\/a>, <a href='https:\/\/events.ipv.pt\/cidei\/en\/tag\/paula-cristina-ferreira\/' title='Paula Cristina Ferreira' class='pt-cv-tax-paula-cristina-ferreira'>Paula Cristina Ferreira<\/a><\/span><\/div><\/div><\/div>\n<div class=\"col-md-12 col-sm-12 col-xs-12 pt-cv-content-item pt-cv-1-col\" ><div class='pt-cv-ifield'><div class=\"pt-cv-content\"><p>Ferreira, P. C. (2024).<br \/>\nNovo Livro Aberto, bloco inclus\u00e3o 5.\u00ba ano.<br \/>\nPorto: Porto Editora<\/p>\n<\/div>\n<div class=\"pt-cv-meta-fields\"><span class=\"terms\"> <a href='https:\/\/events.ipv.pt\/cidei\/en\/category\/2024\/' title='2024' class='pt-cv-tax-2024'>2024<\/a>, <a href='https:\/\/events.ipv.pt\/cidei\/en\/category\/producao-cientifica\/capitulos-de-livro-de-edicao-nacional\/' title='Cap\u00edtulos de Livro de Edi\u00e7\u00e3o Nacional' class='pt-cv-tax-capitulos-de-livro-de-edicao-nacional'>Cap\u00edtulos de Livro de Edi\u00e7\u00e3o Nacional<\/a>, <a href='https:\/\/events.ipv.pt\/cidei\/en\/category\/linha-investigacao\/educacao-cidadania-e-inclusao\/' title='Educa\u00e7\u00e3o Cidadania e Inclus\u00e3o' class='pt-cv-tax-educacao-cidadania-e-inclusao'>Educa\u00e7\u00e3o Cidadania e Inclus\u00e3o<\/a>, <a href='https:\/\/events.ipv.pt\/cidei\/en\/category\/nucleo\/leiria\/' title='Leiria' class='pt-cv-tax-leiria'>Leiria<\/a>, <a href='https:\/\/events.ipv.pt\/cidei\/en\/tag\/paula-cristina-ferreira\/' title='Paula Cristina Ferreira' class='pt-cv-tax-paula-cristina-ferreira'>Paula Cristina Ferreira<\/a><\/span><\/div><\/div><\/div>\n<div class=\"col-md-12 col-sm-12 col-xs-12 pt-cv-content-item pt-cv-1-col\" ><div class='pt-cv-ifield'><div class=\"pt-cv-content\"><p>Ferreira, P. C. (2024).<br \/>\nCaderno Di\u00e1rio vs Di\u00e1rio de Aprendizagem &#8211; um instrumento pedag\u00f3gico em Rela\u00e7\u00f5es Humanas e Comunica\u00e7\u00e3o Organizacional.<br \/>\nIn S. M. Lopes, S. Faria, S. S. Monteiro, A. Barreto, A. Mour\u00e3o (Coords.), <em>Metodologias e Pr\u00e1ticas Educativas no Ensino Superior, Vis\u00f5es multidisciplinares<\/em>, (pp. 155-167).<br \/>\nCoimbra: Edi\u00e7\u00f5es Almedina S.A<\/p>\n<\/div>\n<div class=\"pt-cv-meta-fields\"><span class=\"terms\"> <a href='https:\/\/events.ipv.pt\/cidei\/en\/category\/2024\/' title='2024' class='pt-cv-tax-2024'>2024<\/a>, <a href='https:\/\/events.ipv.pt\/cidei\/en\/category\/producao-cientifica\/capitulos-de-livro-de-edicao-nacional\/' title='Cap\u00edtulos de Livro de Edi\u00e7\u00e3o Nacional' class='pt-cv-tax-capitulos-de-livro-de-edicao-nacional'>Cap\u00edtulos de Livro de Edi\u00e7\u00e3o Nacional<\/a>, <a href='https:\/\/events.ipv.pt\/cidei\/en\/category\/nucleo\/leiria\/' title='Leiria' class='pt-cv-tax-leiria'>Leiria<\/a>, <a href='https:\/\/events.ipv.pt\/cidei\/en\/tag\/paula-cristina-ferreira\/' title='Paula Cristina Ferreira' class='pt-cv-tax-paula-cristina-ferreira'>Paula Cristina Ferreira<\/a>, <a href='https:\/\/events.ipv.pt\/cidei\/en\/category\/linha-investigacao\/politicas-educativas-didaticas-e-formacao\/' title='Pol\u00edticas Educativas Did\u00e1ticas e Forma\u00e7\u00e3o' class='pt-cv-tax-politicas-educativas-didaticas-e-formacao'>Pol\u00edticas Educativas Did\u00e1ticas e Forma\u00e7\u00e3o<\/a><\/span><\/div><\/div><\/div>\n<div class=\"col-md-12 col-sm-12 col-xs-12 pt-cv-content-item pt-cv-1-col\" ><div class='pt-cv-ifield'><div class=\"pt-cv-content\"><p>Ferreira, P. C., Fonseca, M. (2023).<br \/>\nA escrita que (in)flui: um caderno para o 3.\u00ba ano do ensino b\u00e1sico.<br \/>\nIn J. Sousa, M. J. Santos, L. G. Magueta, M. S. P. Lopes, L. Brites (Coords), <em>Emo\u00e7\u00f5es, Artes e Interven\u00e7\u00e3o: crian\u00e7as e jovens em risco<\/em> (pp.83-100).<br \/>\nCoimbra, Portugal: Edi\u00e7\u00f5es Almedina, S.A.<br \/>\nRetrieved from <a href=\"https:\/\/iconline.ipleiria.pt\/bitstream\/10400.8\/8457\/1\/Livro_Emo%c3%a7%c3%b5es%2c%20Artes%20e%20Interven%c3%a7%c3%a3o%20-%20Crian%c3%a7as%20e%20Jovens%20em%20risco_DL.pdf\" rel=\"noopener\" target=\"_blank\">here<\/a><\/p>\n<\/div>\n<div class=\"pt-cv-meta-fields\"><span class=\"terms\"> <a href='https:\/\/events.ipv.pt\/cidei\/en\/category\/2023\/' title='2023' class='pt-cv-tax-2023'>2023<\/a>, <a href='https:\/\/events.ipv.pt\/cidei\/en\/category\/producao-cientifica\/capitulos-de-livro-de-edicao-nacional\/' title='Cap\u00edtulos de Livro de Edi\u00e7\u00e3o Nacional' class='pt-cv-tax-capitulos-de-livro-de-edicao-nacional'>Cap\u00edtulos de Livro de Edi\u00e7\u00e3o Nacional<\/a>, <a href='https:\/\/events.ipv.pt\/cidei\/en\/category\/linha-investigacao\/educacao-cidadania-e-inclusao\/' title='Educa\u00e7\u00e3o Cidadania e Inclus\u00e3o' class='pt-cv-tax-educacao-cidadania-e-inclusao'>Educa\u00e7\u00e3o Cidadania e Inclus\u00e3o<\/a>, <a href='https:\/\/events.ipv.pt\/cidei\/en\/category\/nucleo\/leiria\/' title='Leiria' class='pt-cv-tax-leiria'>Leiria<\/a>, <a href='https:\/\/events.ipv.pt\/cidei\/en\/tag\/marta-fonseca\/' title='Marta Fonseca' class='pt-cv-tax-marta-fonseca'>Marta Fonseca<\/a>, <a href='https:\/\/events.ipv.pt\/cidei\/en\/tag\/paula-cristina-ferreira\/' title='Paula Cristina Ferreira' class='pt-cv-tax-paula-cristina-ferreira'>Paula Cristina Ferreira<\/a><\/span><\/div><\/div><\/div>\n<div class=\"col-md-12 col-sm-12 col-xs-12 pt-cv-content-item pt-cv-1-col\" ><div class='pt-cv-ifield'><div class=\"pt-cv-content\"><p>Ferreira, P. C., Jorge, N. (2023).<br \/>\nDo esclarecimento da d\u00favida \u00e0 escrita acad\u00e9mica.<br \/>\nIn P. N. Silva, A. G. Pinto, C. Marques (Orgs.), <em>Discurso Acad\u00e9mico: Conhecimento disciplinar e apropria\u00e7\u00e3o did\u00e1tica<\/em> (pp. 18).<br \/>\nCoimbra: Gr\u00e1cio Editor.<br \/>\nRetrieved from <a href=\"https:\/\/livraria.ruigracio.com\/produto\/discurso-academico-conhecimento-disciplinar-e-apropriacao-didatica\/\" target=\"_blank\">here\/<\/a><\/p>\n<\/div>\n<div class=\"pt-cv-meta-fields\"><span class=\"terms\"> <a href='https:\/\/events.ipv.pt\/cidei\/en\/category\/2023\/' title='2023' class='pt-cv-tax-2023'>2023<\/a>, <a href='https:\/\/events.ipv.pt\/cidei\/en\/category\/producao-cientifica\/capitulos-de-livro-de-edicao-nacional\/' title='Cap\u00edtulos de Livro de Edi\u00e7\u00e3o Nacional' class='pt-cv-tax-capitulos-de-livro-de-edicao-nacional'>Cap\u00edtulos de Livro de Edi\u00e7\u00e3o Nacional<\/a>, <a href='https:\/\/events.ipv.pt\/cidei\/en\/category\/nucleo\/leiria\/' title='Leiria' class='pt-cv-tax-leiria'>Leiria<\/a>, <a href='https:\/\/events.ipv.pt\/cidei\/en\/tag\/paula-cristina-ferreira\/' title='Paula Cristina Ferreira' class='pt-cv-tax-paula-cristina-ferreira'>Paula Cristina Ferreira<\/a>, <a href='https:\/\/events.ipv.pt\/cidei\/en\/category\/linha-investigacao\/politicas-educativas-didaticas-e-formacao\/' title='Pol\u00edticas Educativas Did\u00e1ticas e Forma\u00e7\u00e3o' class='pt-cv-tax-politicas-educativas-didaticas-e-formacao'>Pol\u00edticas Educativas Did\u00e1ticas e Forma\u00e7\u00e3o<\/a><\/span><\/div><\/div><\/div>\n<div class=\"col-md-12 col-sm-12 col-xs-12 pt-cv-content-item pt-cv-1-col\" ><div class='pt-cv-ifield'><div class=\"pt-cv-content\"><p>Ferreira, P. C. (2022).<br \/>\nMindset de crescimento e a educa\u00e7\u00e3o inclusiva.<br \/>\nIn C. Mangas, J. Sousa (Coords.), <em>Educa\u00e7\u00e3o inclusiva e acess\u00edvel: Oportunidades e sinergias<\/em> (pp. 45-56).<br \/>\nCoimbra: Almedina. Retrieved from <a href=\"https:\/\/iconline.ipleiria.pt\/bitstream\/10400.8\/8193\/1\/Educa%C3%A7%C3%A3o%20Inclusiva%20e%20Acess%C3%ADvel.pdf\" rel=\"noopener\" target=\"_blank\">here<\/a><\/p>\n<\/div>\n<div class=\"pt-cv-meta-fields\"><span class=\"terms\"> <a href='https:\/\/events.ipv.pt\/cidei\/en\/category\/2022\/' title='2022' class='pt-cv-tax-2022'>2022<\/a>, <a href='https:\/\/events.ipv.pt\/cidei\/en\/category\/producao-cientifica\/capitulos-de-livro-de-edicao-nacional\/' title='Cap\u00edtulos de Livro de Edi\u00e7\u00e3o Nacional' class='pt-cv-tax-capitulos-de-livro-de-edicao-nacional'>Cap\u00edtulos de Livro de Edi\u00e7\u00e3o Nacional<\/a>, <a href='https:\/\/events.ipv.pt\/cidei\/en\/category\/linha-investigacao\/educacao-cidadania-e-inclusao\/' title='Educa\u00e7\u00e3o Cidadania e Inclus\u00e3o' class='pt-cv-tax-educacao-cidadania-e-inclusao'>Educa\u00e7\u00e3o Cidadania e Inclus\u00e3o<\/a>, <a href='https:\/\/events.ipv.pt\/cidei\/en\/category\/nucleo\/leiria\/' title='Leiria' class='pt-cv-tax-leiria'>Leiria<\/a>, <a href='https:\/\/events.ipv.pt\/cidei\/en\/tag\/paula-cristina-ferreira\/' title='Paula Cristina Ferreira' class='pt-cv-tax-paula-cristina-ferreira'>Paula Cristina Ferreira<\/a><\/span><\/div><\/div><\/div>\n<div class=\"col-md-12 col-sm-12 col-xs-12 pt-cv-content-item pt-cv-1-col\" ><div class='pt-cv-ifield'><div class=\"pt-cv-content\"><p>Ferreira, P., Mangas, C., Mendes, S. (2021).<br \/>\nComo \u00e9 que os alunos aprendem? Proposta de interven\u00e7\u00e3o para uma escola mais inclusiva.<br \/>\nIn C. Mangas, J. Sousa &#038; C. Freire (Coord.),\u00a0<em>Percursos para uma educa\u00e7\u00e3o inclusiva<\/em> (pp. 11-29).<br \/>\nCoimbra: Edi\u00e7\u00f5es Almedina. ISBN 978-972-40-9845-6<\/p>\n<\/div>\n<div class=\"pt-cv-meta-fields\"><span class=\"terms\"> <a href='https:\/\/events.ipv.pt\/cidei\/en\/category\/2021\/' title='2021' class='pt-cv-tax-2021'>2021<\/a>, <a href='https:\/\/events.ipv.pt\/cidei\/en\/category\/producao-cientifica\/capitulos-de-livro-de-edicao-nacional\/' title='Cap\u00edtulos de Livro de Edi\u00e7\u00e3o Nacional' class='pt-cv-tax-capitulos-de-livro-de-edicao-nacional'>Cap\u00edtulos de Livro de Edi\u00e7\u00e3o Nacional<\/a>, <a href='https:\/\/events.ipv.pt\/cidei\/en\/category\/nucleo\/leiria\/' title='Leiria' class='pt-cv-tax-leiria'>Leiria<\/a>, <a href='https:\/\/events.ipv.pt\/cidei\/en\/tag\/paula-cristina-ferreira\/' title='Paula Cristina Ferreira' class='pt-cv-tax-paula-cristina-ferreira'>Paula Cristina Ferreira<\/a>, <a href='https:\/\/events.ipv.pt\/cidei\/en\/category\/linha-investigacao\/politicas-educativas-didaticas-e-formacao\/' title='Pol\u00edticas Educativas Did\u00e1ticas e Forma\u00e7\u00e3o' class='pt-cv-tax-politicas-educativas-didaticas-e-formacao'>Pol\u00edticas Educativas Did\u00e1ticas e Forma\u00e7\u00e3o<\/a><\/span><\/div><\/div><\/div><\/div><\/div><\/div>\n<\/div>\n<div id=\"ARI\" class=\"tabcontentR\" data-group=\"grupo101\">\n[artigos] SCOPUS e\/ou WoS<br \/>\n<div class=\"pt-cv-wrapper\"><div class=\"pt-cv-view pt-cv-grid pt-cv-colsys\" id=\"pt-cv-view-9ff76722h9\"><div data-id=\"pt-cv-page-1\" class=\"pt-cv-page\" data-cvc=\"1\"><div class=\"col-md-12 col-sm-12 col-xs-12 pt-cv-content-item pt-cv-1-col\" ><div class='pt-cv-ifield'><div class=\"pt-cv-content\"><p>Camacho, A., Alves, R. A., Silva, M., Ferreira, P., Correia, N., Daniel, J. R. (2023).<br \/>\nThe impact of combining SRSD instruction with a brief growth mindset intervention on sixth graders\u2019 writing motivation and performance.<br \/>\n<em>Contemporary Educational Psychology, 72<\/em>, 102127.<br \/>\nDOI: <a href=\"http:\/\/dx.doi.org\/10.1016\/j.cedpsych.2022.102127\" rel=\"noopener\" target=\"_blank\">http:\/\/dx.doi.org\/10.1016\/j.cedpsych.2022.102127<\/a><\/p>\n<\/div>\n<div class=\"pt-cv-meta-fields\"><span class=\"terms\"> <a href='https:\/\/events.ipv.pt\/cidei\/en\/category\/2023\/' title='2023' class='pt-cv-tax-2023'>2023<\/a>, <a href='https:\/\/events.ipv.pt\/cidei\/en\/category\/producao-cientifica\/artigos-em-revistas-indexadas-scopus-e-ou-wos\/' title='Artigos em Revistas Indexadas | Scopus e\/ou WoS' class='pt-cv-tax-artigos-em-revistas-indexadas-scopus-e-ou-wos'>Artigos em Revistas Indexadas | Scopus e\/ou WoS<\/a>, <a href='https:\/\/events.ipv.pt\/cidei\/en\/category\/linha-investigacao\/educacao-para-a-saude-e-qualidade-de-vida\/' title='Educa\u00e7\u00e3o para a Sa\u00fade e Qualidade de Vida' class='pt-cv-tax-educacao-para-a-saude-e-qualidade-de-vida'>Educa\u00e7\u00e3o para a Sa\u00fade e Qualidade de Vida<\/a>, <a href='https:\/\/events.ipv.pt\/cidei\/en\/category\/nucleo\/leiria\/' title='Leiria' class='pt-cv-tax-leiria'>Leiria<\/a>, <a href='https:\/\/events.ipv.pt\/cidei\/en\/tag\/paula-cristina-ferreira\/' title='Paula Cristina Ferreira' class='pt-cv-tax-paula-cristina-ferreira'>Paula Cristina Ferreira<\/a><\/span><\/div><\/div><\/div>\n<div class=\"col-md-12 col-sm-12 col-xs-12 pt-cv-content-item pt-cv-1-col\" ><div class='pt-cv-ifield'><div class=\"pt-cv-content\"><p>Mangas, C., Lopes, S., Ferreira, P., Beato, I. (2019).<br \/>\nAccessing higher education after 23 years old: Opportunities and motivations.<br \/>\n<em>Cadernos de Pesquisa, 49<\/em>(172), 36-52.<br \/>\nDOI: <a href=\"https:\/\/doi.org\/10.1590\/198053145943\" rel=\"noopener\" target=\"_blank\">https:\/\/doi.org\/10.1590\/198053145943<\/a><\/p>\n<\/div>\n<div class=\"pt-cv-meta-fields\"><span class=\"terms\"> <a href='https:\/\/events.ipv.pt\/cidei\/en\/category\/2019\/' title='2019' class='pt-cv-tax-2019'>2019<\/a>, <a href='https:\/\/events.ipv.pt\/cidei\/en\/category\/producao-cientifica\/artigos-em-revistas-indexadas-scopus-e-ou-wos\/' title='Artigos em Revistas Indexadas | Scopus e\/ou WoS' class='pt-cv-tax-artigos-em-revistas-indexadas-scopus-e-ou-wos'>Artigos em Revistas Indexadas | Scopus e\/ou WoS<\/a>, <a href='https:\/\/events.ipv.pt\/cidei\/en\/category\/linha-investigacao\/educacao-cidadania-e-inclusao\/' title='Educa\u00e7\u00e3o Cidadania e Inclus\u00e3o' class='pt-cv-tax-educacao-cidadania-e-inclusao'>Educa\u00e7\u00e3o Cidadania e Inclus\u00e3o<\/a>, <a href='https:\/\/events.ipv.pt\/cidei\/en\/category\/nucleo\/leiria\/' title='Leiria' class='pt-cv-tax-leiria'>Leiria<\/a>, <a href='https:\/\/events.ipv.pt\/cidei\/en\/tag\/paula-cristina-ferreira\/' title='Paula Cristina Ferreira' class='pt-cv-tax-paula-cristina-ferreira'>Paula Cristina Ferreira<\/a>, <a href='https:\/\/events.ipv.pt\/cidei\/en\/tag\/sara-lopes\/' title='Sara Lopes' class='pt-cv-tax-sara-lopes'>Sara Lopes<\/a><\/span><\/div><\/div><\/div><\/div><\/div><\/div>\n<\/div>\n<div id=\"AR\" class=\"tabcontentR\" data-group=\"grupo101\">\n[artigos] outras bases de indexa\u00e7\u00e3o<br \/>\n<div class=\"pt-cv-wrapper\"><div class=\"pt-cv-view pt-cv-grid pt-cv-colsys\" id=\"pt-cv-view-9c6e334lkd\"><div data-id=\"pt-cv-page-1\" class=\"pt-cv-page\" data-cvc=\"1\"><div class=\"col-md-12 col-sm-12 col-xs-12 pt-cv-content-item pt-cv-1-col\" ><div class='pt-cv-ifield'><div class=\"pt-cv-content\"><p>Ferreira, P. (2023).<br \/>\nO professor-mentor e o feedback, promotores da aprendizagem consciente da escrita.<br \/>\n<em>Egitania Sciencia<\/em>, 177\u2013191.<br \/>\nDOI: <a href=\"https:\/\/doi.org\/10.46691\/es.vi.78\" rel=\"noopener\" target=\"_blank\">https:\/\/doi.org\/10.46691\/es.vi.78<\/a><\/p>\n<\/div>\n<div class=\"pt-cv-meta-fields\"><span class=\"terms\"> <a href='https:\/\/events.ipv.pt\/cidei\/en\/category\/2023\/' title='2023' class='pt-cv-tax-2023'>2023<\/a>, <a href='https:\/\/events.ipv.pt\/cidei\/en\/category\/producao-cientifica\/artigos-em-revistas\/' title='Artigos em Revistas' class='pt-cv-tax-artigos-em-revistas'>Artigos em Revistas<\/a>, <a href='https:\/\/events.ipv.pt\/cidei\/en\/category\/nucleo\/leiria\/' title='Leiria' class='pt-cv-tax-leiria'>Leiria<\/a>, <a href='https:\/\/events.ipv.pt\/cidei\/en\/tag\/paula-cristina-ferreira\/' title='Paula Cristina Ferreira' class='pt-cv-tax-paula-cristina-ferreira'>Paula Cristina Ferreira<\/a><\/span><\/div><\/div><\/div>\n<div class=\"col-md-12 col-sm-12 col-xs-12 pt-cv-content-item pt-cv-1-col\" ><div class='pt-cv-ifield'><div class=\"pt-cv-content\"><p>Ferreira, P., Barbeiro, L., &#038; Alves, R. (2021).<br \/>\nA escrita exige determina\u00e7\u00e3o ao aluno com dislexia?.<br \/>\n<em>Indagatio Didactica, 13<\/em>(2), 25-42.<br \/>\nDOI: <a href=\"https:\/\/doi.org\/10.34624\/id.v13i2.25091\" rel=\"noopener\" target=\"_blank\">https:\/\/doi.org\/10.34624\/id.v13i2.25091<\/a><\/p>\n<\/div>\n<div class=\"pt-cv-meta-fields\"><span class=\"terms\"> <a href='https:\/\/events.ipv.pt\/cidei\/en\/category\/2021\/' title='2021' class='pt-cv-tax-2021'>2021<\/a>, <a href='https:\/\/events.ipv.pt\/cidei\/en\/category\/producao-cientifica\/artigos-em-revistas\/' title='Artigos em Revistas' class='pt-cv-tax-artigos-em-revistas'>Artigos em Revistas<\/a>, <a href='https:\/\/events.ipv.pt\/cidei\/en\/category\/nucleo\/leiria\/' title='Leiria' class='pt-cv-tax-leiria'>Leiria<\/a>, <a href='https:\/\/events.ipv.pt\/cidei\/en\/tag\/paula-cristina-ferreira\/' title='Paula Cristina Ferreira' class='pt-cv-tax-paula-cristina-ferreira'>Paula Cristina Ferreira<\/a><\/span><\/div><\/div><\/div>\n<div class=\"col-md-12 col-sm-12 col-xs-12 pt-cv-content-item pt-cv-1-col\" ><div class='pt-cv-ifield'><div class=\"pt-cv-content\"><p>Beato, I., Ferreira, P., Lopes, S. M., Mangas, C. (2020).<br \/>\nEnsino Superior depois dos 23 anos: capacita\u00e7\u00e3o pessoal, social e profissional.<br \/>\n<em>Revista Contempor\u00e2nea de Educa\u00e7\u00e3o. 15<\/em>(33), 236-255.<br \/>\nDOI: <a href=\"https:\/\/doi.org\/10.20500\/v15i33.30195\" rel=\"noopener\" target=\"_blank\">https:\/\/doi.org\/10.20500\/v15i33.30195<\/a><\/p>\n<\/div>\n<div class=\"pt-cv-meta-fields\"><span class=\"terms\"> <a href='https:\/\/events.ipv.pt\/cidei\/en\/category\/2020\/' title='2020' class='pt-cv-tax-2020'>2020<\/a>, <a href='https:\/\/events.ipv.pt\/cidei\/en\/category\/producao-cientifica\/artigos-em-revistas\/' title='Artigos em Revistas' class='pt-cv-tax-artigos-em-revistas'>Artigos em Revistas<\/a>, <a href='https:\/\/events.ipv.pt\/cidei\/en\/category\/linha-investigacao\/educacao-cidadania-e-inclusao\/' title='Educa\u00e7\u00e3o Cidadania e Inclus\u00e3o' class='pt-cv-tax-educacao-cidadania-e-inclusao'>Educa\u00e7\u00e3o Cidadania e Inclus\u00e3o<\/a>, <a href='https:\/\/events.ipv.pt\/cidei\/en\/category\/nucleo\/leiria\/' title='Leiria' class='pt-cv-tax-leiria'>Leiria<\/a>, <a href='https:\/\/events.ipv.pt\/cidei\/en\/tag\/paula-cristina-ferreira\/' title='Paula Cristina Ferreira' class='pt-cv-tax-paula-cristina-ferreira'>Paula Cristina Ferreira<\/a>, <a href='https:\/\/events.ipv.pt\/cidei\/en\/tag\/sara-lopes\/' title='Sara Lopes' class='pt-cv-tax-sara-lopes'>Sara Lopes<\/a><\/span><\/div><\/div><\/div>\n<div class=\"col-md-12 col-sm-12 col-xs-12 pt-cv-content-item pt-cv-1-col\" ><div class='pt-cv-ifield'><div class=\"pt-cv-content\"><p>Ferreira, P. C. (2019).<br \/>\nPoesia entre saberes: Uma proposta para o 1.\u00ba CEB.<br \/>\n<em>EXEDRA<\/em>, 209-219.<br \/>\nRetrieved from <a href=\"http:\/\/exedra.esec.pt\/wp-content\/uploads\/2020\/01\/15-EIPE2019.pdf\" rel=\"noopener\" target=\"_blank\">http:\/\/exedra.esec.pt\/wp-content\/uploads\/2020\/01\/15-EIPE2019.pdf<\/a><\/p>\n<\/div>\n<div class=\"pt-cv-meta-fields\"><span class=\"terms\"> <a href='https:\/\/events.ipv.pt\/cidei\/en\/category\/2019\/' title='2019' class='pt-cv-tax-2019'>2019<\/a>, <a href='https:\/\/events.ipv.pt\/cidei\/en\/category\/producao-cientifica\/artigos-em-revistas\/' title='Artigos em Revistas' class='pt-cv-tax-artigos-em-revistas'>Artigos em Revistas<\/a>, <a href='https:\/\/events.ipv.pt\/cidei\/en\/category\/nucleo\/leiria\/' title='Leiria' class='pt-cv-tax-leiria'>Leiria<\/a>, <a href='https:\/\/events.ipv.pt\/cidei\/en\/tag\/paula-cristina-ferreira\/' title='Paula Cristina Ferreira' class='pt-cv-tax-paula-cristina-ferreira'>Paula Cristina Ferreira<\/a>, <a href='https:\/\/events.ipv.pt\/cidei\/en\/category\/linha-investigacao\/politicas-educativas-didaticas-e-formacao\/' title='Pol\u00edticas Educativas Did\u00e1ticas e Forma\u00e7\u00e3o' class='pt-cv-tax-politicas-educativas-didaticas-e-formacao'>Pol\u00edticas Educativas Did\u00e1ticas e Forma\u00e7\u00e3o<\/a><\/span><\/div><\/div><\/div><\/div><\/div><\/div>\n<\/div>\n<h4>PROJETOS<\/h4>\n<h6>competitivos<\/h6>\n<div class=\"pt-cv-wrapper\"><div class=\"pt-cv-view pt-cv-blockgrid iscvblock iscvhybrid grid1 layout1\" id=\"pt-cv-view-a237070gwb\"><div data-id=\"pt-cv-page-1\" class=\"pt-cv-page\" data-cvc=\"4\"><div class=\" pt-cv-content-item pt-cv-1-col\" ><div class=\"pt-cv-thumb-wrapper  \"><a href=\"https:\/\/quill.pixel-online.org\/index.php\" class=\"_self pt-cv-href-thumbnail pt-cv-thumb-default\" target=\"_self\" ><img loading=\"lazy\" decoding=\"async\" width=\"800\" height=\"450\" src=\"https:\/\/events.ipv.pt\/cidei\/wp-content\/uploads\/2025\/03\/quill.avif\" class=\"pt-cv-thumbnail\" alt=\"\" \/><\/a><\/div>\n<p class=\"pt-cv-title\"><a href=\"https:\/\/quill.pixel-online.org\/index.php\" class=\"_self\" target=\"_self\" >2020-1-PT01-KA226-HE-094809 [QuILL] Quality in Language Learning<\/a><\/p>\n<div class=\"pt-cv-meta-fields\"><span class=\"terms\"> <a href='https:\/\/events.ipv.pt\/cidei\/en\/tag\/2021-2023\/' title='2021-2023' class='pt-cv-tax-2021-2023'>2021-2023<\/a>, <a href='https:\/\/events.ipv.pt\/cidei\/en\/category\/projeto\/competitivo\/' title='competitivo' class='pt-cv-tax-competitivo'>competitivo<\/a>, <a href='https:\/\/events.ipv.pt\/cidei\/en\/category\/estado\/concluido\/' title='concluido' class='pt-cv-tax-concluido'>concluido<\/a>, <a href='https:\/\/events.ipv.pt\/cidei\/en\/category\/projeto\/internacional\/' title='internacional' class='pt-cv-tax-internacional'>internacional<\/a>, <a href='https:\/\/events.ipv.pt\/cidei\/en\/tag\/paula-cristina-ferreira\/' title='Paula Cristina Ferreira' class='pt-cv-tax-paula-cristina-ferreira'>Paula Cristina Ferreira<\/a>, <a href='https:\/\/events.ipv.pt\/cidei\/en\/category\/projeto\/' title='projeto' class='pt-cv-tax-projeto'>projeto<\/a>, <a href='https:\/\/events.ipv.pt\/cidei\/en\/category\/nucleo\/viseu\/' title='Viseu' class='pt-cv-tax-viseu'>Viseu<\/a><\/span><\/div><\/div><\/div><\/div><\/div>\t\t\t<style type=\"text\/css\" id=\"pt-cv-inline-style-143c1acc2g\">\n#pt-cv-view-a237070gwb .pt-cv-thumb-wrapper:not(.miniwrap) {  }#pt-cv-view-a237070gwb .pt-cv-thumbnail:not(.pt-cv-thumbnailsm) { height: 18vh; }#pt-cv-view-a237070gwb > .pt-cv-page {grid-template-columns: repeat(4, 1fr);grid-gap: 15px;}\n@media all and (max-width: 1024px) { \n#pt-cv-view-a237070gwb > .pt-cv-page {grid-template-columns: repeat(1, 1fr);}\n} \n@media all and (max-width: 767px) { \n#pt-cv-view-a237070gwb > .pt-cv-page {grid-template-columns: repeat(1, 1fr);}\n} <\/style>\r\n\t\t\t\n<h6 class=\"pad20\">internos<\/h6>\n<div class=\"pt-cv-wrapper\"><div class=\"pt-cv-view pt-cv-blockgrid iscvblock iscvhybrid grid1 layout1\" id=\"pt-cv-view-50576c9dno\"><div data-id=\"pt-cv-page-1\" class=\"pt-cv-page\" data-cvc=\"4\"><div class=\" pt-cv-content-item pt-cv-1-col\" ><p class=\"pt-cv-title\"><a href=\"https:\/\/events.ipv.pt\/cidei\/en\/proj-idi-cidei-012-rabisco-me-a-escrita-que-influimembros-do-cidei-paula-cristina-ferreira-ir-marta-fonseca\/\" class=\"_self\" target=\"_self\" >PROJ\/I&#038;DI\/CI&#038;DEI\/012 | RABISCO-ME \u2013 A ESCRITA QUE (IN)FLUI<\/a><\/p>\n<div class=\"pt-cv-meta-fields\"><span class=\"terms\"> <a href='https:\/\/events.ipv.pt\/cidei\/en\/tag\/2023-2025\/' title='2023-2025' class='pt-cv-tax-2023-2025'>2023-2025<\/a>, <a href='https:\/\/events.ipv.pt\/cidei\/en\/category\/estado\/concluido\/' title='concluido' class='pt-cv-tax-concluido'>concluido<\/a>, <a href='https:\/\/events.ipv.pt\/cidei\/en\/category\/nucleo\/leiria\/' title='Leiria' class='pt-cv-tax-leiria'>Leiria<\/a>, <a href='https:\/\/events.ipv.pt\/cidei\/en\/tag\/marta-fonseca\/' title='Marta Fonseca' class='pt-cv-tax-marta-fonseca'>Marta Fonseca<\/a>, <a href='https:\/\/events.ipv.pt\/cidei\/en\/category\/projeto\/nacional\/' title='nacional' class='pt-cv-tax-nacional'>nacional<\/a>, <a href='https:\/\/events.ipv.pt\/cidei\/en\/tag\/paula-cristina-ferreira\/' title='Paula Cristina Ferreira' class='pt-cv-tax-paula-cristina-ferreira'>Paula Cristina Ferreira<\/a>, <a href='https:\/\/events.ipv.pt\/cidei\/en\/category\/linha-investigacao\/politicas-educativas-didaticas-e-formacao\/' title='Pol\u00edticas Educativas Did\u00e1ticas e Forma\u00e7\u00e3o' class='pt-cv-tax-politicas-educativas-didaticas-e-formacao'>Pol\u00edticas Educativas Did\u00e1ticas e Forma\u00e7\u00e3o<\/a>, <a href='https:\/\/events.ipv.pt\/cidei\/en\/category\/projeto-interno\/' title='projetos internos' class='pt-cv-tax-projeto-interno'>projetos internos<\/a><\/span><\/div><\/div><\/div><\/div><\/div>\t\t\t<style type=\"text\/css\" id=\"pt-cv-inline-style-b8aa8d3tq8\">\n#pt-cv-view-50576c9dno .pt-cv-thumb-wrapper:not(.miniwrap) {  }#pt-cv-view-50576c9dno .pt-cv-thumbnail:not(.pt-cv-thumbnailsm) { height: 250px; }#pt-cv-view-50576c9dno > .pt-cv-page {grid-template-columns: repeat(4, 1fr);grid-gap: 15px;}\n@media all and (max-width: 1024px) { \n#pt-cv-view-50576c9dno > .pt-cv-page {grid-template-columns: repeat(1, 1fr);}\n} \n@media all and (max-width: 767px) { \n#pt-cv-view-50576c9dno > .pt-cv-page {grid-template-columns: repeat(1, 1fr);}\n} <\/style>\r\n\t\t\t\n<\/div>\n<\/div>\n","protected":false},"excerpt":{"rendered":"<p>Paula Cristina Ferreira Paula Cristina Cinza Santos Leal Ferreira INSTITUTO POLIT\u00c9CNICO DE LEIRIA ORCID \u2022 0000-0002-7258-6616 CI\u00caNCIAVITAE \u2022 0000-0002-7258-6616 \u279d INTERNACIONAIS livros cap\u00edtulos de livro \u279d NACIONAIS livros cap\u00edtulos de livro \u279d ARTIGOS SCOPUS e\/ou WoS outras bases de indexa\u00e7\u00e3o abrir todos [internacionais] livros [internacionais] cap\u00edtulos de livro [nacionais] livros [nacionais] cap\u00edtulos de livro [artigos] [&hellip;]<\/p>\n","protected":false},"author":1,"featured_media":0,"comment_status":"closed","ping_status":"closed","sticky":false,"template":"","format":"standard","meta":{"site-sidebar-layout":"default","site-content-layout":"","ast-site-content-layout":"full-width-container","site-content-style":"default","site-sidebar-style":"default","ast-global-header-display":"","ast-banner-title-visibility":"","ast-main-header-display":"","ast-hfb-above-header-display":"","ast-hfb-below-header-display":"","ast-hfb-mobile-header-display":"","site-post-title":"disabled","ast-breadcrumbs-content":"","ast-featured-img":"","footer-sml-layout":"","ast-disable-related-posts":"","theme-transparent-header-meta":"default","adv-header-id-meta":"","stick-header-meta":"","header-above-stick-meta":"","header-main-stick-meta":"","header-below-stick-meta":"","astra-migrate-meta-layouts":"set","ast-page-background-enabled":"default","ast-page-background-meta":{"desktop":{"background-color":"","background-image":"","background-repeat":"repeat","background-position":"center center","background-size":"auto","background-attachment":"scroll","background-type":"","background-media":"","overlay-type":"","overlay-color":"","overlay-opacity":"","overlay-gradient":""},"tablet":{"background-color":"","background-image":"","background-repeat":"repeat","background-position":"center center","background-size":"auto","background-attachment":"scroll","background-type":"","background-media":"","overlay-type":"","overlay-color":"","overlay-opacity":"","overlay-gradient":""},"mobile":{"background-color":"","background-image":"","background-repeat":"repeat","background-position":"center center","background-size":"auto","background-attachment":"scroll","background-type":"","background-media":"","overlay-type":"","overlay-color":"","overlay-opacity":"","overlay-gradient":""}},"ast-content-background-meta":{"desktop":{"background-color":"var(--ast-global-color-5)","background-image":"","background-repeat":"repeat","background-position":"center center","background-size":"auto","background-attachment":"scroll","background-type":"","background-media":"","overlay-type":"","overlay-color":"","overlay-opacity":"","overlay-gradient":""},"tablet":{"background-color":"var(--ast-global-color-5)","background-image":"","background-repeat":"repeat","background-position":"center center","background-size":"auto","background-attachment":"scroll","background-type":"","background-media":"","overlay-type":"","overlay-color":"","overlay-opacity":"","overlay-gradient":""},"mobile":{"background-color":"var(--ast-global-color-5)","background-image":"","background-repeat":"repeat","background-position":"center center","background-size":"auto","background-attachment":"scroll","background-type":"","background-media":"","overlay-type":"","overlay-color":"","overlay-opacity":"","overlay-gradient":""}},"footnotes":"","_links_to":"","_links_to_target":""},"categories":[380],"tags":[],"class_list":["post-10462","post","type-post","status-publish","format-standard","hentry","category-uncategorized-pt"],"_links":{"self":[{"href":"https:\/\/events.ipv.pt\/cidei\/en\/wp-json\/wp\/v2\/posts\/10462","targetHints":{"allow":["GET"]}}],"collection":[{"href":"https:\/\/events.ipv.pt\/cidei\/en\/wp-json\/wp\/v2\/posts"}],"about":[{"href":"https:\/\/events.ipv.pt\/cidei\/en\/wp-json\/wp\/v2\/types\/post"}],"author":[{"embeddable":true,"href":"https:\/\/events.ipv.pt\/cidei\/en\/wp-json\/wp\/v2\/users\/1"}],"replies":[{"embeddable":true,"href":"https:\/\/events.ipv.pt\/cidei\/en\/wp-json\/wp\/v2\/comments?post=10462"}],"version-history":[{"count":7,"href":"https:\/\/events.ipv.pt\/cidei\/en\/wp-json\/wp\/v2\/posts\/10462\/revisions"}],"predecessor-version":[{"id":20142,"href":"https:\/\/events.ipv.pt\/cidei\/en\/wp-json\/wp\/v2\/posts\/10462\/revisions\/20142"}],"wp:attachment":[{"href":"https:\/\/events.ipv.pt\/cidei\/en\/wp-json\/wp\/v2\/media?parent=10462"}],"wp:term":[{"taxonomy":"category","embeddable":true,"href":"https:\/\/events.ipv.pt\/cidei\/en\/wp-json\/wp\/v2\/categories?post=10462"},{"taxonomy":"post_tag","embeddable":true,"href":"https:\/\/events.ipv.pt\/cidei\/en\/wp-json\/wp\/v2\/tags?post=10462"}],"curies":[{"name":"wp","href":"https:\/\/api.w.org\/{rel}","templated":true}]}}