{"id":10460,"date":"2024-03-15T14:08:41","date_gmt":"2024-03-15T14:08:41","guid":{"rendered":"http:\/\/localhost\/cidei\/?p=10460"},"modified":"2026-02-04T14:17:15","modified_gmt":"2026-02-04T14:17:15","slug":"paula-rodrigues","status":"publish","type":"post","link":"https:\/\/events.ipv.pt\/cidei\/en\/paula-rodrigues\/","title":{"rendered":"Paula Rodrigues"},"content":{"rendered":"<div class=\"panel70 bannerEquipa bgBranco espCont\">\n<div class=\"rw\">\n<div>\n<h2>Paula Rodrigues<\/h2>\n<h4>Paula Azevedo Rodrigues<\/h4>\n<h6>INSTITUTO POLIT\u00c9CNICO DE VISEU<br \/>\nEscola Superior de Educa\u00e7\u00e3o<\/h6>\n<\/div>\n<div class=\"bRow\">\n<a href=\"https:\/\/orcid.org\/0000-0002-3307-0254\" target=\"_blank\">ORCID \u2022 0000-0002-3307-0254<\/a><br \/>\n<a href=\"https:\/\/cienciavitae.pt\/2F1D-E73D-F505\" target=\"_blank\">CI\u00caNCIAVITAE \u2022 2F1D-E73D-F505<\/a>\n<\/div>\n<\/div>\n<\/div>\n<div class=\"panel bgCinzaEscuro auto-height\">\n<div class=\"dtq bgCinzaEscuro esp20\">\n<div class=\"dtqContainer esp100 fBranco espCont\">\n<div class=\"rwE\">\n<div>\n<p class=\"esp0-20\">internacionais<\/p>\n<div class=\"bRowRed bRowRedBranco\">\n<button class=\"tablinks\" data-group=\"grupo101\" data-target=\"LI\">livros<\/button><br \/>\n<button class=\"tablinks\" data-group=\"grupo101\" data-target=\"CLI\">cap\u00edtulos de livro<\/button>\n<\/div>\n<\/div>\n<div>\n<p class=\"esp0-20 espMob\">nacionais<\/p>\n<div class=\"bRowRed bRowRedBranco\">\n<button class=\"tablinks\" data-group=\"grupo101\" data-target=\"LN\">livros<\/button><br \/>\n<button class=\"tablinks\" data-group=\"grupo101\" data-target=\"CLN\">cap\u00edtulos de livro<\/button>\n<\/div>\n<\/div>\n<div>\n<p class=\"esp0-20 espMob fBranco\">artigos<\/p>\n<div class=\"bRowRed bRowRedBranco\">\n<button class=\"tablinks\" data-group=\"grupo101\" data-target=\"ARI\">SCOPUS e\/ou WoS<\/button><br \/>\n<button class=\"tablinks\" data-group=\"grupo101\" data-target=\"AR\">outras bases de indexa\u00e7\u00e3o<\/button>\n<\/div>\n<\/div>\n<\/div>\n<div style=\"margin-top: 30px;\">\n<button class=\"toggleGroup bHCz\" data-group=\"grupo101\">abrir todos<\/button>\n<\/div>\n<\/div>\n<div class=\"pad-R-100\">\n<div class=\"fCinza\">\n<div id=\"LI\" class=\"contentEquipa bgBranco esp50\" data-group=\"grupo101\">\n[internacionais] livros<br \/>\n<div class=\"pt-cv-wrapper\"><div class=\"pt-cv-view pt-cv-grid pt-cv-colsys\" id=\"pt-cv-view-a4975281mz\"><div data-id=\"pt-cv-page-1\" class=\"pt-cv-page cv-npf\" data-cvc=\"1\"><div class=\"col-md-12 col-sm-12 col-xs-12 pt-cv-content-item pt-cv-1-col\" ><div class='pt-cv-ifield'><div class=\"pt-cv-no-post\">No posts found.<\/div><\/div><\/div><\/div><\/div><\/div>\n<\/div>\n<div id=\"CLI\" class=\"contentEquipa bgBranco esp50\" data-group=\"grupo101\">\n[internacionais] cap\u00edtulos de livro<br \/>\n<div class=\"pt-cv-wrapper\"><div class=\"pt-cv-view pt-cv-grid pt-cv-colsys\" id=\"pt-cv-view-0f77223osx\"><div data-id=\"pt-cv-page-1\" class=\"pt-cv-page cv-npf\" data-cvc=\"1\"><div class=\"col-md-12 col-sm-12 col-xs-12 pt-cv-content-item pt-cv-1-col\" ><div class='pt-cv-ifield'><div class=\"pt-cv-no-post\">No posts found.<\/div><\/div><\/div><\/div><\/div><\/div>\n<\/div>\n<div id=\"LN\" class=\"contentEquipa bgBranco esp50\" data-group=\"grupo101\">\n[nacionais] livros<br \/>\n<div class=\"pt-cv-wrapper\"><div class=\"pt-cv-view pt-cv-grid pt-cv-colsys\" id=\"pt-cv-view-2be8df8vnw\"><div data-id=\"pt-cv-page-1\" class=\"pt-cv-page cv-npf\" data-cvc=\"1\"><div class=\"col-md-12 col-sm-12 col-xs-12 pt-cv-content-item pt-cv-1-col\" ><div class='pt-cv-ifield'><div class=\"pt-cv-no-post\">No posts found.<\/div><\/div><\/div><\/div><\/div><\/div>\n<\/div>\n<div id=\"CLN\" class=\"contentEquipa bgBranco esp50\" data-group=\"grupo101\">\n[nacionais] cap\u00edtulos de livro<br \/>\n<div class=\"pt-cv-wrapper\"><div class=\"pt-cv-view pt-cv-grid pt-cv-colsys\" id=\"pt-cv-view-6f01483pho\"><div data-id=\"pt-cv-page-1\" class=\"pt-cv-page\" data-cvc=\"1\"><div class=\"col-md-12 col-sm-12 col-xs-12 pt-cv-content-item pt-cv-1-col\" ><div class='pt-cv-ifield'><div class=\"pt-cv-content\"><p>Queir\u00f3s, I., Paz, R., Melo, A. S., Rodrigues, P. (2023).<br \/>\nArte e Mente.<br \/>\nIn A. S. Melo, C. C. Sousa, J. Pereira, M. Figueiredo, N. Gon\u00e7alves, N. S. Morais, P. A. Rodrigues, P. Coutinho, P. N. Rito, S. A. Ferreira, S. Figueiredo (Eds.), <em>IPVerso, Educa\u00e7\u00e3o e Cocria\u00e7\u00e3o<\/em>, (pp. 100-109).<br \/>\nInstituto Polit\u00e9cnico de Viseu.<\/p>\n<\/div>\n<div class=\"pt-cv-meta-fields\"><span class=\"terms\"> <a href='https:\/\/events.ipv.pt\/cidei\/en\/category\/2023\/' title='2023' class='pt-cv-tax-2023'>2023<\/a>, <a href='https:\/\/events.ipv.pt\/cidei\/en\/tag\/ana-souto-e-melo\/' title='Ana Souto e Melo' class='pt-cv-tax-ana-souto-e-melo'>Ana Souto e Melo<\/a>, <a href='https:\/\/events.ipv.pt\/cidei\/en\/category\/producao-cientifica\/capitulos-de-livro-de-edicao-nacional\/' title='Cap\u00edtulos de Livro de Edi\u00e7\u00e3o Nacional' class='pt-cv-tax-capitulos-de-livro-de-edicao-nacional'>Cap\u00edtulos de Livro de Edi\u00e7\u00e3o Nacional<\/a>, <a href='https:\/\/events.ipv.pt\/cidei\/en\/tag\/paula-rodrigues\/' title='Paula Rodrigues' class='pt-cv-tax-paula-rodrigues'>Paula Rodrigues<\/a>, <a href='https:\/\/events.ipv.pt\/cidei\/en\/category\/linha-investigacao\/tic-e-multimedia-na-educacao\/' title='TIC e Multim\u00e9dia na Educa\u00e7\u00e3o' class='pt-cv-tax-tic-e-multimedia-na-educacao'>TIC e Multim\u00e9dia na Educa\u00e7\u00e3o<\/a>, <a href='https:\/\/events.ipv.pt\/cidei\/en\/category\/nucleo\/viseu\/' title='Viseu' class='pt-cv-tax-viseu'>Viseu<\/a><\/span><\/div><\/div><\/div>\n<div class=\"col-md-12 col-sm-12 col-xs-12 pt-cv-content-item pt-cv-1-col\" ><div class='pt-cv-ifield'><div class=\"pt-cv-content\"><p>Sousa, C., Azevedo, P. (2023).<br \/>\nAfinal o que \u00e9 o IPVerso?.<br \/>\nIn A. S. Melo, C. C. Sousa, J. Pereira, M. Figueiredo, N. Gon\u00e7alves, N. S. Morais, P. A. Rodrigues, P. Coutinho, P. N. Rito, S. A. Ferreira, S. Figueiredo (Eds.), <em>IPVerso, Educa\u00e7\u00e3o e Cocria\u00e7\u00e3o<\/em>, (pp. 6-17).<br \/>\nInstituto Polit\u00e9cnico de Viseu.<\/p>\n<\/div>\n<div class=\"pt-cv-meta-fields\"><span class=\"terms\"> <a href='https:\/\/events.ipv.pt\/cidei\/en\/category\/2023\/' title='2023' class='pt-cv-tax-2023'>2023<\/a>, <a href='https:\/\/events.ipv.pt\/cidei\/en\/category\/producao-cientifica\/capitulos-de-livro-de-edicao-nacional\/' title='Cap\u00edtulos de Livro de Edi\u00e7\u00e3o Nacional' class='pt-cv-tax-capitulos-de-livro-de-edicao-nacional'>Cap\u00edtulos de Livro de Edi\u00e7\u00e3o Nacional<\/a>, <a href='https:\/\/events.ipv.pt\/cidei\/en\/tag\/catarina-sousa\/' title='Catarina Sousa' class='pt-cv-tax-catarina-sousa'>Catarina Sousa<\/a>, <a href='https:\/\/events.ipv.pt\/cidei\/en\/tag\/paula-rodrigues\/' title='Paula Rodrigues' class='pt-cv-tax-paula-rodrigues'>Paula Rodrigues<\/a>, <a href='https:\/\/events.ipv.pt\/cidei\/en\/category\/linha-investigacao\/tic-e-multimedia-na-educacao\/' title='TIC e Multim\u00e9dia na Educa\u00e7\u00e3o' class='pt-cv-tax-tic-e-multimedia-na-educacao'>TIC e Multim\u00e9dia na Educa\u00e7\u00e3o<\/a>, <a href='https:\/\/events.ipv.pt\/cidei\/en\/category\/nucleo\/viseu\/' title='Viseu' class='pt-cv-tax-viseu'>Viseu<\/a><\/span><\/div><\/div><\/div>\n<div class=\"col-md-12 col-sm-12 col-xs-12 pt-cv-content-item pt-cv-1-col\" ><div class='pt-cv-ifield'><div class=\"pt-cv-content\"><p>Azevedo, P. (2022).<br \/>\nDesign de Comunica\u00e7\u00e3o no Ensino Superior, uma experi\u00eancia pedag\u00f3gica.<br \/>\nIn Figueiredo, M. P., Franco, A. (Coords.), <em>Pedagogia no Ensino Superior: Concretiza\u00e7\u00f5es e inquieta\u00e7\u00f5es no Instituto Polit\u00e9cnico de Viseu<\/em> (pp. 185-199).<br \/>\nViseu, Portugal: Escola Superior de Educa\u00e7\u00e3o de Viseu. ISBN: 978-972-789-682-0<br \/>\nDOI: <a href=\"https:\/\/doi.org\/10.34633\/978-989-53495-2-4\" rel=\"noopener\" target=\"_blank\">https:\/\/doi.org\/10.34633\/978-989-53495-2-4<\/a><\/p>\n<\/div>\n<div class=\"pt-cv-meta-fields\"><span class=\"terms\"> <a href='https:\/\/events.ipv.pt\/cidei\/en\/category\/2022\/' title='2022' class='pt-cv-tax-2022'>2022<\/a>, <a href='https:\/\/events.ipv.pt\/cidei\/en\/category\/producao-cientifica\/capitulos-de-livro-de-edicao-nacional\/' title='Cap\u00edtulos de Livro de Edi\u00e7\u00e3o Nacional' class='pt-cv-tax-capitulos-de-livro-de-edicao-nacional'>Cap\u00edtulos de Livro de Edi\u00e7\u00e3o Nacional<\/a>, <a href='https:\/\/events.ipv.pt\/cidei\/en\/tag\/paula-rodrigues\/' title='Paula Rodrigues' class='pt-cv-tax-paula-rodrigues'>Paula Rodrigues<\/a>, <a href='https:\/\/events.ipv.pt\/cidei\/en\/category\/linha-investigacao\/politicas-educativas-didaticas-e-formacao\/' title='Pol\u00edticas Educativas Did\u00e1ticas e Forma\u00e7\u00e3o' class='pt-cv-tax-politicas-educativas-didaticas-e-formacao'>Pol\u00edticas Educativas Did\u00e1ticas e Forma\u00e7\u00e3o<\/a>, <a href='https:\/\/events.ipv.pt\/cidei\/en\/category\/nucleo\/viseu\/' title='Viseu' class='pt-cv-tax-viseu'>Viseu<\/a><\/span><\/div><\/div><\/div>\n<div class=\"col-md-12 col-sm-12 col-xs-12 pt-cv-content-item pt-cv-1-col\" ><div class='pt-cv-ifield'><div class=\"pt-cv-content\"><p>Azevedo, P. (2022).<br \/>\nDesign de Comunica\u00e7\u00e3o no Ensino Superior, uma experi\u00eancia pedag\u00f3gica.<br \/>\nIn M. P. Figueiredo, A. Franco (Coords.), <em>Pedagogia no Ensino Superior: Concretiza\u00e7\u00f5es e inquieta\u00e7\u00f5es no Instituto Polit\u00e9cnico de Viseu<\/em> (pp. 185-199).<br \/>\nViseu, Portugal: Escola Superior de Educa\u00e7\u00e3o de Viseu. ISBN: 978-972-789-682-0<br \/>\nDOI: <a href=\"https:\/\/doi.org\/10.34633\/978-989-53495-2-4\" rel=\"noopener\" target=\"_blank\">https:\/\/doi.org\/10.34633\/978-989-53495-2-4<\/a><\/p>\n<\/div>\n<div class=\"pt-cv-meta-fields\"><span class=\"terms\"> <a href='https:\/\/events.ipv.pt\/cidei\/en\/category\/2022\/' title='2022' class='pt-cv-tax-2022'>2022<\/a>, <a href='https:\/\/events.ipv.pt\/cidei\/en\/category\/producao-cientifica\/capitulos-de-livro-de-edicao-nacional\/' title='Cap\u00edtulos de Livro de Edi\u00e7\u00e3o Nacional' class='pt-cv-tax-capitulos-de-livro-de-edicao-nacional'>Cap\u00edtulos de Livro de Edi\u00e7\u00e3o Nacional<\/a>, <a href='https:\/\/events.ipv.pt\/cidei\/en\/tag\/paula-rodrigues\/' title='Paula Rodrigues' class='pt-cv-tax-paula-rodrigues'>Paula Rodrigues<\/a>, <a href='https:\/\/events.ipv.pt\/cidei\/en\/category\/linha-investigacao\/politicas-educativas-didaticas-e-formacao\/' title='Pol\u00edticas Educativas Did\u00e1ticas e Forma\u00e7\u00e3o' class='pt-cv-tax-politicas-educativas-didaticas-e-formacao'>Pol\u00edticas Educativas Did\u00e1ticas e Forma\u00e7\u00e3o<\/a>, <a href='https:\/\/events.ipv.pt\/cidei\/en\/category\/nucleo\/viseu\/' title='Viseu' class='pt-cv-tax-viseu'>Viseu<\/a><\/span><\/div><\/div><\/div>\n<div class=\"col-md-12 col-sm-12 col-xs-12 pt-cv-content-item pt-cv-1-col\" ><div class='pt-cv-ifield'><div class=\"pt-cv-content\"><p>Azevedo, P. (2022).<br \/>\nArte e G\u00e9nero, Mulheres e Cria\u00e7\u00e3o Art\u00edstica.<br \/>\nIn <em>Um projetista da Academia: vinte e cinco anos de design gr\u00e1fico para a Universidade de Lisboa<\/em> (pp. 260-279).<br \/>\nLisboa, Portugal: Centro de Investiga\u00e7\u00e3o e de Estudos em Belas Artes, Faculdade de Belas-Artes, Universidade de Lisboa.<br \/>\nRetrieved from <a href=\"http:\/\/hdl.handle.net\/10451\/58475\" rel=\"noopener\" target=\"_blank\">http:\/\/hdl.handle.net\/10451\/58475<\/a><\/p>\n<\/div>\n<div class=\"pt-cv-meta-fields\"><span class=\"terms\"> <a href='https:\/\/events.ipv.pt\/cidei\/en\/category\/2022\/' title='2022' class='pt-cv-tax-2022'>2022<\/a>, <a href='https:\/\/events.ipv.pt\/cidei\/en\/category\/producao-cientifica\/capitulos-de-livro-de-edicao-nacional\/' title='Cap\u00edtulos de Livro de Edi\u00e7\u00e3o Nacional' class='pt-cv-tax-capitulos-de-livro-de-edicao-nacional'>Cap\u00edtulos de Livro de Edi\u00e7\u00e3o Nacional<\/a>, <a href='https:\/\/events.ipv.pt\/cidei\/en\/category\/outra\/' title='outra' class='pt-cv-tax-outra'>outra<\/a>, <a href='https:\/\/events.ipv.pt\/cidei\/en\/tag\/paula-rodrigues\/' title='Paula Rodrigues' class='pt-cv-tax-paula-rodrigues'>Paula Rodrigues<\/a>, <a href='https:\/\/events.ipv.pt\/cidei\/en\/category\/nucleo\/viseu\/' title='Viseu' class='pt-cv-tax-viseu'>Viseu<\/a><\/span><\/div><\/div><\/div>\n<div class=\"col-md-12 col-sm-12 col-xs-12 pt-cv-content-item pt-cv-1-col\" ><div class='pt-cv-ifield'><div class=\"pt-cv-content\"><p>Azevedo, P. (2022).<br \/>\nArte e G\u00e9nero. Mulheres e Cria\u00e7\u00e3o Art\u00edstica.<br \/>\nIn J. Reis (Coord.), <em>Vinte e Cinco Anos de Design Gr\u00e1fico Para a Universidade de Lisboa: 25 Obras<\/em> (pp.260-279).<br \/>\nLisboa, Portugal: Imprensa da Universidade de Lisboa<\/p>\n<\/div>\n<div class=\"pt-cv-meta-fields\"><span class=\"terms\"> <a href='https:\/\/events.ipv.pt\/cidei\/en\/category\/2022\/' title='2022' class='pt-cv-tax-2022'>2022<\/a>, <a href='https:\/\/events.ipv.pt\/cidei\/en\/category\/producao-cientifica\/capitulos-de-livro-de-edicao-nacional\/' title='Cap\u00edtulos de Livro de Edi\u00e7\u00e3o Nacional' class='pt-cv-tax-capitulos-de-livro-de-edicao-nacional'>Cap\u00edtulos de Livro de Edi\u00e7\u00e3o Nacional<\/a>, <a href='https:\/\/events.ipv.pt\/cidei\/en\/tag\/paula-rodrigues\/' title='Paula Rodrigues' class='pt-cv-tax-paula-rodrigues'>Paula Rodrigues<\/a>, <a href='https:\/\/events.ipv.pt\/cidei\/en\/category\/nucleo\/viseu\/' title='Viseu' class='pt-cv-tax-viseu'>Viseu<\/a><\/span><\/div><\/div><\/div>\n<div class=\"col-md-12 col-sm-12 col-xs-12 pt-cv-content-item pt-cv-1-col\" ><div class='pt-cv-ifield'><div class=\"pt-cv-content\"><p>Ferreira, P. (2021).<br \/>\nTrava-linguas: uma ponte para reeduca\u00e7\u00e3o da pessoa com dislexia.<br \/>\nIn C. Mangas, J. Sousa &#038; C. Freire (Coord.),\u00a0<em>Percursos para uma educa\u00e7\u00e3o inclusiva<\/em> (pp. 175-190).<br \/>\nCoimbra: Edi\u00e7\u00f5es Almedina. ISBN 978-972-40-9845-6<\/p>\n<\/div>\n<div class=\"pt-cv-meta-fields\"><span class=\"terms\"> <a href='https:\/\/events.ipv.pt\/cidei\/en\/category\/2021\/' title='2021' class='pt-cv-tax-2021'>2021<\/a>, <a href='https:\/\/events.ipv.pt\/cidei\/en\/category\/producao-cientifica\/capitulos-de-livro-de-edicao-nacional\/' title='Cap\u00edtulos de Livro de Edi\u00e7\u00e3o Nacional' class='pt-cv-tax-capitulos-de-livro-de-edicao-nacional'>Cap\u00edtulos de Livro de Edi\u00e7\u00e3o Nacional<\/a>, <a href='https:\/\/events.ipv.pt\/cidei\/en\/category\/linha-investigacao\/educacao-cidadania-e-inclusao\/' title='Educa\u00e7\u00e3o Cidadania e Inclus\u00e3o' class='pt-cv-tax-educacao-cidadania-e-inclusao'>Educa\u00e7\u00e3o Cidadania e Inclus\u00e3o<\/a>, <a href='https:\/\/events.ipv.pt\/cidei\/en\/category\/nucleo\/leiria\/' title='Leiria' class='pt-cv-tax-leiria'>Leiria<\/a>, <a href='https:\/\/events.ipv.pt\/cidei\/en\/tag\/paula-rodrigues\/' title='Paula Rodrigues' class='pt-cv-tax-paula-rodrigues'>Paula Rodrigues<\/a><\/span><\/div><\/div><\/div><\/div><\/div><\/div>\n<\/div>\n<div id=\"ARI\" class=\"contentEquipa bgBranco esp50\" data-group=\"grupo101\">\n[artigos] SCOPUS e\/ou WoS<br \/>\n<div class=\"pt-cv-wrapper\"><div class=\"pt-cv-view pt-cv-grid pt-cv-colsys\" id=\"pt-cv-view-30e70c08sf\"><div data-id=\"pt-cv-page-1\" class=\"pt-cv-page cv-npf\" data-cvc=\"1\"><div class=\"col-md-12 col-sm-12 col-xs-12 pt-cv-content-item pt-cv-1-col\" ><div class='pt-cv-ifield'><div class=\"pt-cv-no-post\">No posts found.<\/div><\/div><\/div><\/div><\/div><\/div>\n<\/div>\n<div id=\"AR\" class=\"contentEquipa bgBranco esp50\" data-group=\"grupo101\">\n[artigos] outras bases de indexa\u00e7\u00e3o<br \/>\n<div class=\"pt-cv-wrapper\"><div class=\"pt-cv-view pt-cv-grid pt-cv-colsys\" id=\"pt-cv-view-48189a0loc\"><div data-id=\"pt-cv-page-1\" class=\"pt-cv-page\" data-cvc=\"1\"><div class=\"col-md-12 col-sm-12 col-xs-12 pt-cv-content-item pt-cv-1-col\" ><div class='pt-cv-ifield'><div class=\"pt-cv-content\"><p>Sousa, C. C., Rodrigues, P. A., Rito, P., Figueiredo, S. (2022).<br \/>\nEducac\u0327a\u0303o e cocriac\u0327a\u0303o no metaverso numa abordagem mista.<br \/>\n<em>APEduC Revista, 4<\/em>(2), 123-145.<br \/>\nDOI: <a href=\"https:\/\/doi.org\/10.58152\/ApeducJournal.475\" rel=\"noopener\" target=\"_blank\">https:\/\/doi.org\/10.58152\/ApeducJournal.475<\/a><\/p>\n<\/div>\n<div class=\"pt-cv-meta-fields\"><span class=\"terms\"> <a href='https:\/\/events.ipv.pt\/cidei\/en\/category\/2022\/' title='2022' class='pt-cv-tax-2022'>2022<\/a>, <a href='https:\/\/events.ipv.pt\/cidei\/en\/category\/producao-cientifica\/artigos-em-revistas\/' title='Artigos em Revistas' class='pt-cv-tax-artigos-em-revistas'>Artigos em Revistas<\/a>, <a href='https:\/\/events.ipv.pt\/cidei\/en\/tag\/catarina-sousa\/' title='Catarina Sousa' class='pt-cv-tax-catarina-sousa'>Catarina Sousa<\/a>, <a href='https:\/\/events.ipv.pt\/cidei\/en\/tag\/paula-rodrigues\/' title='Paula Rodrigues' class='pt-cv-tax-paula-rodrigues'>Paula Rodrigues<\/a>, <a href='https:\/\/events.ipv.pt\/cidei\/en\/tag\/pedro-rito\/' title='Pedro Rito' class='pt-cv-tax-pedro-rito'>Pedro Rito<\/a>, <a href='https:\/\/events.ipv.pt\/cidei\/en\/category\/linha-investigacao\/tic-e-multimedia-na-educacao\/' title='TIC e Multim\u00e9dia na Educa\u00e7\u00e3o' class='pt-cv-tax-tic-e-multimedia-na-educacao'>TIC e Multim\u00e9dia na Educa\u00e7\u00e3o<\/a>, <a href='https:\/\/events.ipv.pt\/cidei\/en\/category\/nucleo\/viseu\/' title='Viseu' class='pt-cv-tax-viseu'>Viseu<\/a><\/span><\/div><\/div><\/div>\n<div class=\"col-md-12 col-sm-12 col-xs-12 pt-cv-content-item pt-cv-1-col\" ><div class='pt-cv-ifield'><div class=\"pt-cv-content\"><p>Cardoso, A. P., Felizardo, S., Pereira, J., Rodrigues, P., Proen\u00e7a, J. (2019).<br \/>\nUse of artistic-expressive agents in individuals with Autism Spectrum Disorder.<br \/>\n<em>Revista de Estudios e Investigaci\u00f3n en Psicolog\u00eda y Educaci\u00f3n, 6<\/em>(2), 126-136.<br \/>\nDOI: <a href=\"https:\/\/doi.org\/10.17979\/reipe.2019.6.2.5744\" rel=\"noopener\" target=\"_blank\">https:\/\/doi.org\/10.17979\/reipe.2019.6.2.5744<\/a><\/p>\n<\/div>\n<div class=\"pt-cv-meta-fields\"><span class=\"terms\"> <a href='https:\/\/events.ipv.pt\/cidei\/en\/category\/2019\/' title='2019' class='pt-cv-tax-2019'>2019<\/a>, <a href='https:\/\/events.ipv.pt\/cidei\/en\/tag\/ana-paula-cardoso\/' title='Ana Paula Cardoso' class='pt-cv-tax-ana-paula-cardoso'>Ana Paula Cardoso<\/a>, <a href='https:\/\/events.ipv.pt\/cidei\/en\/category\/producao-cientifica\/artigos-em-revistas\/' title='Artigos em Revistas' class='pt-cv-tax-artigos-em-revistas'>Artigos em Revistas<\/a>, <a href='https:\/\/events.ipv.pt\/cidei\/en\/category\/linha-investigacao\/educacao-cidadania-e-inclusao\/' title='Educa\u00e7\u00e3o Cidadania e Inclus\u00e3o' class='pt-cv-tax-educacao-cidadania-e-inclusao'>Educa\u00e7\u00e3o Cidadania e Inclus\u00e3o<\/a>, <a href='https:\/\/events.ipv.pt\/cidei\/en\/tag\/jose-pereira\/' title='Jos\u00e9 Pereira' class='pt-cv-tax-jose-pereira'>Jos\u00e9 Pereira<\/a>, <a href='https:\/\/events.ipv.pt\/cidei\/en\/tag\/paula-rodrigues\/' title='Paula Rodrigues' class='pt-cv-tax-paula-rodrigues'>Paula Rodrigues<\/a>, <a href='https:\/\/events.ipv.pt\/cidei\/en\/tag\/sara-felizardo\/' title='Sara Felizardo' class='pt-cv-tax-sara-felizardo'>Sara Felizardo<\/a>, <a href='https:\/\/events.ipv.pt\/cidei\/en\/category\/nucleo\/viseu\/' title='Viseu' class='pt-cv-tax-viseu'>Viseu<\/a><\/span><\/div><\/div><\/div><\/div><\/div><\/div>\n<\/div>\n<\/div>\n<\/div>\n<\/div>\n<\/div>\n<div class=\"panel auto-height bgBranco espCont\">\n<div class=\"ast-container esp100-0\">\n<h4>PROJETOS<\/h4>\n<h6>competitivos<\/h6>\n<div class=\"pt-cv-wrapper\"><div class=\"pt-cv-view pt-cv-blockgrid iscvblock iscvhybrid grid1 layout1\" id=\"pt-cv-view-d3374cfah5\"><div data-id=\"pt-cv-page-1\" class=\"pt-cv-page\" data-cvc=\"4\"><div class=\" pt-cv-content-item pt-cv-1-col\" ><div class=\"pt-cv-thumb-wrapper  \"><a href=\"https:\/\/events.ipv.pt\/cidei\/en\/poch-02-53i2-fse-000014-a6-educacao-e-cocriacao-no-metaverso-numa-abordagem-mista\/\" class=\"_self pt-cv-href-thumbnail pt-cv-thumb-default\" target=\"_self\" ><img loading=\"lazy\" decoding=\"async\" width=\"800\" height=\"450\" src=\"https:\/\/events.ipv.pt\/cidei\/wp-content\/uploads\/2023\/12\/inova.jpg\" class=\"pt-cv-thumbnail\" alt=\"\" srcset=\"https:\/\/events.ipv.pt\/cidei\/wp-content\/uploads\/2023\/12\/inova.jpg 800w, https:\/\/events.ipv.pt\/cidei\/wp-content\/uploads\/2023\/12\/inova-300x169.jpg 300w, https:\/\/events.ipv.pt\/cidei\/wp-content\/uploads\/2023\/12\/inova-768x432.jpg 768w, https:\/\/events.ipv.pt\/cidei\/wp-content\/uploads\/2023\/12\/inova-18x10.jpg 18w\" sizes=\"auto, (max-width: 800px) 100vw, 800px\" \/><\/a><\/div>\n<p class=\"pt-cv-title\"><a href=\"https:\/\/events.ipv.pt\/cidei\/en\/poch-02-53i2-fse-000014-a6-educacao-e-cocriacao-no-metaverso-numa-abordagem-mista\/\" class=\"_self\" target=\"_self\" >POCH-02-53I2-FSE-000014 | [A6] Educa\u00e7\u00e3o e Cocria\u00e7\u00e3o no Metaverso numa abordagem mista<\/a><\/p>\n<div class=\"pt-cv-meta-fields\"><span class=\"terms\"> <a href='https:\/\/events.ipv.pt\/cidei\/en\/tag\/2022-2023\/' title='2022-2023' class='pt-cv-tax-2022-2023'>2022-2023<\/a>, <a href='https:\/\/events.ipv.pt\/cidei\/en\/tag\/ana-souto-e-melo\/' title='Ana Souto e Melo' class='pt-cv-tax-ana-souto-e-melo'>Ana Souto e Melo<\/a>, <a href='https:\/\/events.ipv.pt\/cidei\/en\/tag\/catarina-sousa\/' title='Catarina Sousa' class='pt-cv-tax-catarina-sousa'>Catarina Sousa<\/a>, <a href='https:\/\/events.ipv.pt\/cidei\/en\/category\/projeto\/competitivo\/' title='competitivo' class='pt-cv-tax-competitivo'>competitivo<\/a>, <a href='https:\/\/events.ipv.pt\/cidei\/en\/category\/estado\/concluido\/' title='concluido' class='pt-cv-tax-concluido'>concluido<\/a>, <a href='https:\/\/events.ipv.pt\/cidei\/en\/tag\/jose-pereira\/' title='Jos\u00e9 Pereira' class='pt-cv-tax-jose-pereira'>Jos\u00e9 Pereira<\/a>, <a href='https:\/\/events.ipv.pt\/cidei\/en\/tag\/maria-pacheco-figueiredo\/' title='Maria Pacheco Figueiredo' class='pt-cv-tax-maria-pacheco-figueiredo'>Maria Pacheco Figueiredo<\/a>, <a href='https:\/\/events.ipv.pt\/cidei\/en\/category\/projeto\/nacional\/' title='nacional' class='pt-cv-tax-nacional'>nacional<\/a>, <a href='https:\/\/events.ipv.pt\/cidei\/en\/tag\/paula-rodrigues\/' title='Paula Rodrigues' class='pt-cv-tax-paula-rodrigues'>Paula Rodrigues<\/a>, <a href='https:\/\/events.ipv.pt\/cidei\/en\/tag\/pedro-rito\/' title='Pedro Rito' class='pt-cv-tax-pedro-rito'>Pedro Rito<\/a>, <a href='https:\/\/events.ipv.pt\/cidei\/en\/category\/projeto\/' title='projeto' class='pt-cv-tax-projeto'>projeto<\/a>, <a href='https:\/\/events.ipv.pt\/cidei\/en\/tag\/salome-morais\/' title='Salom\u00e9 Morais' class='pt-cv-tax-salome-morais'>Salom\u00e9 Morais<\/a>, <a href='https:\/\/events.ipv.pt\/cidei\/en\/tag\/sonia-ferreira\/' title='S\u00f3nia Ferreira' class='pt-cv-tax-sonia-ferreira'>S\u00f3nia Ferreira<\/a>, <a href='https:\/\/events.ipv.pt\/cidei\/en\/category\/linha-investigacao\/tic-e-multimedia-na-educacao\/' title='TIC e Multim\u00e9dia na Educa\u00e7\u00e3o' class='pt-cv-tax-tic-e-multimedia-na-educacao'>TIC e Multim\u00e9dia na Educa\u00e7\u00e3o<\/a>, <a href='https:\/\/events.ipv.pt\/cidei\/en\/category\/nucleo\/viseu\/' title='Viseu' class='pt-cv-tax-viseu'>Viseu<\/a><\/span><\/div><\/div>\n<div class=\" pt-cv-content-item pt-cv-1-col\" ><div class=\"pt-cv-thumb-wrapper  \"><a href=\"https:\/\/events.ipv.pt\/cidei\/en\/like-a-bird-projeto-de-intervencao-artistica\/\" class=\"_self pt-cv-href-thumbnail pt-cv-thumb-default\" target=\"_self\" ><img loading=\"lazy\" decoding=\"async\" width=\"1323\" height=\"638\" src=\"https:\/\/events.ipv.pt\/cidei\/wp-content\/uploads\/2025\/01\/brand8_pt-png.avif\" class=\"pt-cv-thumbnail\" alt=\"\" srcset=\"https:\/\/events.ipv.pt\/cidei\/wp-content\/uploads\/2025\/01\/brand8_pt-png.avif 1323w, https:\/\/events.ipv.pt\/cidei\/wp-content\/uploads\/2025\/01\/brand8_pt-300x145.avif 300w, https:\/\/events.ipv.pt\/cidei\/wp-content\/uploads\/2025\/01\/brand8_pt-1024x494.avif 1024w, https:\/\/events.ipv.pt\/cidei\/wp-content\/uploads\/2025\/01\/brand8_pt-768x370.avif 768w, https:\/\/events.ipv.pt\/cidei\/wp-content\/uploads\/2025\/01\/brand8_pt-18x9.avif 18w\" sizes=\"auto, (max-width: 1323px) 100vw, 1323px\" \/><\/a><\/div>\n<p class=\"pt-cv-title\"><a href=\"https:\/\/events.ipv.pt\/cidei\/en\/like-a-bird-projeto-de-intervencao-artistica\/\" class=\"_self\" target=\"_self\" >Like a bird\u2026 Projeto de Interven\u00e7\u00e3o Art\u00edstica<\/a><\/p>\n<div class=\"pt-cv-meta-fields\"><span class=\"terms\"> <a href='https:\/\/events.ipv.pt\/cidei\/en\/tag\/2021-2022\/' title='2021-2022' class='pt-cv-tax-2021-2022'>2021-2022<\/a>, <a href='https:\/\/events.ipv.pt\/cidei\/en\/tag\/ana-souto-e-melo\/' title='Ana Souto e Melo' class='pt-cv-tax-ana-souto-e-melo'>Ana Souto e Melo<\/a>, <a href='https:\/\/events.ipv.pt\/cidei\/en\/tag\/catarina-sousa\/' title='Catarina Sousa' class='pt-cv-tax-catarina-sousa'>Catarina Sousa<\/a>, <a href='https:\/\/events.ipv.pt\/cidei\/en\/category\/projeto\/competitivo\/' title='competitivo' class='pt-cv-tax-competitivo'>competitivo<\/a>, <a href='https:\/\/events.ipv.pt\/cidei\/en\/category\/estado\/concluido\/' title='concluido' class='pt-cv-tax-concluido'>concluido<\/a>, <a href='https:\/\/events.ipv.pt\/cidei\/en\/tag\/jose-pereira\/' title='Jos\u00e9 Pereira' class='pt-cv-tax-jose-pereira'>Jos\u00e9 Pereira<\/a>, <a href='https:\/\/events.ipv.pt\/cidei\/en\/category\/projeto\/nacional\/' title='nacional' class='pt-cv-tax-nacional'>nacional<\/a>, <a href='https:\/\/events.ipv.pt\/cidei\/en\/tag\/paula-rodrigues\/' title='Paula Rodrigues' class='pt-cv-tax-paula-rodrigues'>Paula Rodrigues<\/a>, <a href='https:\/\/events.ipv.pt\/cidei\/en\/category\/projeto\/' title='projeto' class='pt-cv-tax-projeto'>projeto<\/a>, <a href='https:\/\/events.ipv.pt\/cidei\/en\/category\/nucleo\/viseu\/' title='Viseu' class='pt-cv-tax-viseu'>Viseu<\/a><\/span><\/div><\/div><\/div><\/div><\/div>\t\t\t<style type=\"text\/css\" id=\"pt-cv-inline-style-aa8ce57chq\">\n#pt-cv-view-d3374cfah5 .pt-cv-thumb-wrapper:not(.miniwrap) {  }#pt-cv-view-d3374cfah5 .pt-cv-thumbnail:not(.pt-cv-thumbnailsm) { height: 18vh; }#pt-cv-view-d3374cfah5 > .pt-cv-page {grid-template-columns: repeat(4, 1fr);grid-gap: 15px;}\n@media all and (max-width: 1024px) { \n#pt-cv-view-d3374cfah5 > .pt-cv-page {grid-template-columns: repeat(1, 1fr);}\n} \n@media all and (max-width: 767px) { \n#pt-cv-view-d3374cfah5 > .pt-cv-page {grid-template-columns: repeat(1, 1fr);}\n} <\/style>\r\n\t\t\t\n<h6  class=\"esp20-0\">internos<\/h6>\n<div class=\"pt-cv-wrapper\"><div class=\"pt-cv-view pt-cv-blockgrid iscvblock iscvhybrid grid1 layout1\" id=\"pt-cv-view-2f585fdc9g\"><div data-id=\"pt-cv-page-1\" class=\"pt-cv-page cv-npf\" data-cvc=\"4\"><div class=\" pt-cv-content-item pt-cv-1-col\" ><div class=\"pt-cv-no-post\">No posts found.<\/div><\/div><\/div><\/div><\/div>\t\t\t<style type=\"text\/css\" id=\"pt-cv-inline-style-ae9dde1azl\">\n#pt-cv-view-2f585fdc9g .pt-cv-thumb-wrapper:not(.miniwrap) {  }#pt-cv-view-2f585fdc9g .pt-cv-thumbnail:not(.pt-cv-thumbnailsm) { height: 250px; }#pt-cv-view-2f585fdc9g > .pt-cv-page {grid-template-columns: repeat(4, 1fr);grid-gap: 15px;}\n@media all and (max-width: 1024px) { \n#pt-cv-view-2f585fdc9g > .pt-cv-page {grid-template-columns: repeat(1, 1fr);}\n} \n@media all and (max-width: 767px) { \n#pt-cv-view-2f585fdc9g > .pt-cv-page {grid-template-columns: repeat(1, 1fr);}\n} <\/style>\r\n\t\t\t\n<\/div>\n<\/div>\n","protected":false},"excerpt":{"rendered":"<p>Paula Rodrigues Paula Azevedo Rodrigues INSTITUTO POLIT\u00c9CNICO DE VISEU Escola Superior de Educa\u00e7\u00e3o ORCID \u2022 0000-0002-3307-0254 CI\u00caNCIAVITAE \u2022 2F1D-E73D-F505 internacionais livros cap\u00edtulos de livro nacionais livros cap\u00edtulos de livro artigos SCOPUS e\/ou WoS outras bases de indexa\u00e7\u00e3o abrir todos [internacionais] livros [internacionais] cap\u00edtulos de livro [nacionais] livros [nacionais] cap\u00edtulos de livro [artigos] SCOPUS e\/ou WoS [&hellip;]<\/p>\n","protected":false},"author":1,"featured_media":0,"comment_status":"closed","ping_status":"closed","sticky":false,"template":"","format":"standard","meta":{"site-sidebar-layout":"default","site-content-layout":"","ast-site-content-layout":"full-width-container","site-content-style":"default","site-sidebar-style":"default","ast-global-header-display":"","ast-banner-title-visibility":"","ast-main-header-display":"","ast-hfb-above-header-display":"","ast-hfb-below-header-display":"","ast-hfb-mobile-header-display":"","site-post-title":"disabled","ast-breadcrumbs-content":"","ast-featured-img":"","footer-sml-layout":"","ast-disable-related-posts":"","theme-transparent-header-meta":"default","adv-header-id-meta":"","stick-header-meta":"","header-above-stick-meta":"","header-main-stick-meta":"","header-below-stick-meta":"","astra-migrate-meta-layouts":"set","ast-page-background-enabled":"default","ast-page-background-meta":{"desktop":{"background-color":"","background-image":"","background-repeat":"repeat","background-position":"center center","background-size":"auto","background-attachment":"scroll","background-type":"","background-media":"","overlay-type":"","overlay-color":"","overlay-opacity":"","overlay-gradient":""},"tablet":{"background-color":"","background-image":"","background-repeat":"repeat","background-position":"center center","background-size":"auto","background-attachment":"scroll","background-type":"","background-media":"","overlay-type":"","overlay-color":"","overlay-opacity":"","overlay-gradient":""},"mobile":{"background-color":"","background-image":"","background-repeat":"repeat","background-position":"center center","background-size":"auto","background-attachment":"scroll","background-type":"","background-media":"","overlay-type":"","overlay-color":"","overlay-opacity":"","overlay-gradient":""}},"ast-content-background-meta":{"desktop":{"background-color":"var(--ast-global-color-5)","background-image":"","background-repeat":"repeat","background-position":"center center","background-size":"auto","background-attachment":"scroll","background-type":"","background-media":"","overlay-type":"","overlay-color":"","overlay-opacity":"","overlay-gradient":""},"tablet":{"background-color":"var(--ast-global-color-5)","background-image":"","background-repeat":"repeat","background-position":"center center","background-size":"auto","background-attachment":"scroll","background-type":"","background-media":"","overlay-type":"","overlay-color":"","overlay-opacity":"","overlay-gradient":""},"mobile":{"background-color":"var(--ast-global-color-5)","background-image":"","background-repeat":"repeat","background-position":"center center","background-size":"auto","background-attachment":"scroll","background-type":"","background-media":"","overlay-type":"","overlay-color":"","overlay-opacity":"","overlay-gradient":""}},"footnotes":"","_links_to":"","_links_to_target":""},"categories":[380],"tags":[],"class_list":["post-10460","post","type-post","status-publish","format-standard","hentry","category-uncategorized-pt"],"_links":{"self":[{"href":"https:\/\/events.ipv.pt\/cidei\/en\/wp-json\/wp\/v2\/posts\/10460","targetHints":{"allow":["GET"]}}],"collection":[{"href":"https:\/\/events.ipv.pt\/cidei\/en\/wp-json\/wp\/v2\/posts"}],"about":[{"href":"https:\/\/events.ipv.pt\/cidei\/en\/wp-json\/wp\/v2\/types\/post"}],"author":[{"embeddable":true,"href":"https:\/\/events.ipv.pt\/cidei\/en\/wp-json\/wp\/v2\/users\/1"}],"replies":[{"embeddable":true,"href":"https:\/\/events.ipv.pt\/cidei\/en\/wp-json\/wp\/v2\/comments?post=10460"}],"version-history":[{"count":8,"href":"https:\/\/events.ipv.pt\/cidei\/en\/wp-json\/wp\/v2\/posts\/10460\/revisions"}],"predecessor-version":[{"id":20925,"href":"https:\/\/events.ipv.pt\/cidei\/en\/wp-json\/wp\/v2\/posts\/10460\/revisions\/20925"}],"wp:attachment":[{"href":"https:\/\/events.ipv.pt\/cidei\/en\/wp-json\/wp\/v2\/media?parent=10460"}],"wp:term":[{"taxonomy":"category","embeddable":true,"href":"https:\/\/events.ipv.pt\/cidei\/en\/wp-json\/wp\/v2\/categories?post=10460"},{"taxonomy":"post_tag","embeddable":true,"href":"https:\/\/events.ipv.pt\/cidei\/en\/wp-json\/wp\/v2\/tags?post=10460"}],"curies":[{"name":"wp","href":"https:\/\/api.w.org\/{rel}","templated":true}]}}