{"id":10449,"date":"2024-03-15T14:02:52","date_gmt":"2024-03-15T14:02:52","guid":{"rendered":"http:\/\/localhost\/cidei\/?p=10449"},"modified":"2026-02-04T14:16:43","modified_gmt":"2026-02-04T14:16:43","slug":"nidia-menezes","status":"publish","type":"post","link":"https:\/\/events.ipv.pt\/cidei\/en\/nidia-menezes\/","title":{"rendered":"N\u00eddia Menezes"},"content":{"rendered":"<div class=\"panel70 bannerEquipa bgBranco espCont\">\n<div class=\"rw\">\n<div>\n<h2>N\u00eddia Menezes<\/h2>\n<h4>N\u00eddia Maria Morais Cardoso de Menezes Abrunhosa<\/h4>\n<h6>INSTITUTO POLIT\u00c9CNICO DE VISEU<br \/>\nEscola Superior de Tecnologia e Gest\u00e3o de Lamego<\/h6>\n<\/div>\n<div class=\"bRow\">\n<a href=\"https:\/\/orcid.org\/0000-0002-6911-5709\" target=\"_blank\">ORCID \u2022 0000-0002-6911-5709<\/a><br \/>\n<a href=\"https:\/\/cienciavitae.pt\/A31D-5E83-93AE\" target=\"_blank\">CI\u00caNCIAVITAE \u2022 A31D-5E83-93AE<\/a>\n<\/div>\n<\/div>\n<\/div>\n<div class=\"panel bgCinzaEscuro auto-height\">\n<div class=\"dtq bgCinzaEscuro esp20\">\n<div class=\"dtqContainer esp100 fBranco espCont\">\n<div class=\"rwE\">\n<div>\n<p class=\"esp0-20\">internacionais<\/p>\n<div class=\"bRowRed bRowRedBranco\">\n<button class=\"tablinks\" data-group=\"grupo101\" data-target=\"LI\">livros<\/button><br \/>\n<button class=\"tablinks\" data-group=\"grupo101\" data-target=\"CLI\">cap\u00edtulos de livro<\/button>\n<\/div>\n<\/div>\n<div>\n<p class=\"esp0-20 espMob\">nacionais<\/p>\n<div class=\"bRowRed bRowRedBranco\">\n<button class=\"tablinks\" data-group=\"grupo101\" data-target=\"LN\">livros<\/button><br \/>\n<button class=\"tablinks\" data-group=\"grupo101\" data-target=\"CLN\">cap\u00edtulos de livro<\/button>\n<\/div>\n<\/div>\n<div>\n<p class=\"esp0-20 espMob fBranco\">artigos<\/p>\n<div class=\"bRowRed bRowRedBranco\">\n<button class=\"tablinks\" data-group=\"grupo101\" data-target=\"ARI\">SCOPUS e\/ou WoS<\/button><br \/>\n<button class=\"tablinks\" data-group=\"grupo101\" data-target=\"AR\">outras bases de indexa\u00e7\u00e3o<\/button>\n<\/div>\n<\/div>\n<\/div>\n<div style=\"margin-top: 30px;\">\n<button class=\"toggleGroup bHCz\" data-group=\"grupo101\">abrir todos<\/button>\n<\/div>\n<\/div>\n<div class=\"pad-R-100\">\n<div class=\"fCinza\">\n<div id=\"LI\" class=\"contentEquipa bgBranco esp50\" data-group=\"grupo101\">\n[internacionais] livros<br \/>\n<div class=\"pt-cv-wrapper\"><div class=\"pt-cv-view pt-cv-grid pt-cv-colsys\" id=\"pt-cv-view-0866d8d8up\"><div data-id=\"pt-cv-page-1\" class=\"pt-cv-page cv-npf\" data-cvc=\"1\"><div class=\"col-md-12 col-sm-12 col-xs-12 pt-cv-content-item pt-cv-1-col\" ><div class='pt-cv-ifield'><div class=\"pt-cv-no-post\">No posts found.<\/div><\/div><\/div><\/div><\/div><\/div>\n<\/div>\n<div id=\"CLI\" class=\"contentEquipa bgBranco esp50\" data-group=\"grupo101\">\n[internacionais] cap\u00edtulos de livro<br \/>\n<div class=\"pt-cv-wrapper\"><div class=\"pt-cv-view pt-cv-grid pt-cv-colsys\" id=\"pt-cv-view-9cec530f0d\"><div data-id=\"pt-cv-page-1\" class=\"pt-cv-page cv-npf\" data-cvc=\"1\"><div class=\"col-md-12 col-sm-12 col-xs-12 pt-cv-content-item pt-cv-1-col\" ><div class='pt-cv-ifield'><div class=\"pt-cv-no-post\">No posts found.<\/div><\/div><\/div><\/div><\/div><\/div>\n<\/div>\n<div id=\"LN\" class=\"contentEquipa bgBranco esp50\" data-group=\"grupo101\">\n[nacionais] livros<br \/>\n<div class=\"pt-cv-wrapper\"><div class=\"pt-cv-view pt-cv-grid pt-cv-colsys\" id=\"pt-cv-view-164a901k8m\"><div data-id=\"pt-cv-page-1\" class=\"pt-cv-page\" data-cvc=\"1\"><div class=\"col-md-12 col-sm-12 col-xs-12 pt-cv-content-item pt-cv-1-col\" ><div class='pt-cv-ifield'><div class=\"pt-cv-content\"><p>Vergueiro, E., Brinca, J., Menezes, N., N\u00e9ri, S. (2020).<br \/>\nGrupos de Ajuda M\u00fatua: Estrat\u00e9gias para interven\u00e7\u00e3o psicossocial.<br \/>\nEdi\u00e7\u00f5es Esgotadas. ISBN: 978-989-9015-04-3<\/p>\n<\/div>\n<div class=\"pt-cv-meta-fields\"><span class=\"terms\"> <a href='https:\/\/events.ipv.pt\/cidei\/en\/category\/2020\/' title='2020' class='pt-cv-tax-2020'>2020<\/a>, <a href='https:\/\/events.ipv.pt\/cidei\/en\/category\/producao-cientifica\/livros-de-edicao-nacional\/' title='Livros de Edi\u00e7\u00e3o Nacional' class='pt-cv-tax-livros-de-edicao-nacional'>Livros de Edi\u00e7\u00e3o Nacional<\/a>, <a href='https:\/\/events.ipv.pt\/cidei\/en\/tag\/nidia-menezes\/' title='N\u00eddia Menezes' class='pt-cv-tax-nidia-menezes'>N\u00eddia Menezes<\/a>, <a href='https:\/\/events.ipv.pt\/cidei\/en\/category\/nucleo\/viseu\/' title='Viseu' class='pt-cv-tax-viseu'>Viseu<\/a><\/span><\/div><\/div><\/div><\/div><\/div><\/div>\n<\/div>\n<div id=\"CLN\" class=\"contentEquipa bgBranco esp50\" data-group=\"grupo101\">\n[nacionais] cap\u00edtulos de livro<br \/>\n<div class=\"pt-cv-wrapper\"><div class=\"pt-cv-view pt-cv-grid pt-cv-colsys\" id=\"pt-cv-view-144affdz8n\"><div data-id=\"pt-cv-page-1\" class=\"pt-cv-page\" data-cvc=\"1\"><div class=\"col-md-12 col-sm-12 col-xs-12 pt-cv-content-item pt-cv-1-col\" ><div class='pt-cv-ifield'><div class=\"pt-cv-content\"><p>Menezes, N. (2022).<br \/>\nA descentraliza\u00e7\u00e3o de compet\u00eancias: Um olhar do servi\u00e7o social. Reflex\u00e3o e Inflex\u00f5es.<br \/>\nIn J. Brinca (Coord.), <em>O lugar dos instrumentos no servi\u00e7o social. Intrumentos diretos<\/em> (Vol. II).<br \/>\nEdi\u00e7\u00f5es Esgotadas. ISBN: 978-989-9092-08-2<\/p>\n<\/div>\n<div class=\"pt-cv-meta-fields\"><span class=\"terms\"> <a href='https:\/\/events.ipv.pt\/cidei\/en\/category\/2022\/' title='2022' class='pt-cv-tax-2022'>2022<\/a>, <a href='https:\/\/events.ipv.pt\/cidei\/en\/category\/producao-cientifica\/capitulos-de-livro-de-edicao-nacional\/' title='Cap\u00edtulos de Livro de Edi\u00e7\u00e3o Nacional' class='pt-cv-tax-capitulos-de-livro-de-edicao-nacional'>Cap\u00edtulos de Livro de Edi\u00e7\u00e3o Nacional<\/a>, <a href='https:\/\/events.ipv.pt\/cidei\/en\/tag\/nidia-menezes\/' title='N\u00eddia Menezes' class='pt-cv-tax-nidia-menezes'>N\u00eddia Menezes<\/a>, <a href='https:\/\/events.ipv.pt\/cidei\/en\/category\/nucleo\/viseu\/' title='Viseu' class='pt-cv-tax-viseu'>Viseu<\/a><\/span><\/div><\/div><\/div>\n<div class=\"col-md-12 col-sm-12 col-xs-12 pt-cv-content-item pt-cv-1-col\" ><div class='pt-cv-ifield'><div class=\"pt-cv-content\"><p>Menezes, N. (2022).<br \/>\nA informa\u00e7\u00e3o e Relat\u00f3rio Social.<br \/>\nIn J. Brinca (Coord.), <em>O lugar dos instrumentos no servi\u00e7o social. Intrumentos indiretos<\/em> (Vol. I).<br \/>\nEdi\u00e7\u00f5es Esgotadas. ISBN: 978-989-9015-56-2<\/p>\n<\/div>\n<div class=\"pt-cv-meta-fields\"><span class=\"terms\"> <a href='https:\/\/events.ipv.pt\/cidei\/en\/category\/2022\/' title='2022' class='pt-cv-tax-2022'>2022<\/a>, <a href='https:\/\/events.ipv.pt\/cidei\/en\/category\/producao-cientifica\/capitulos-de-livro-de-edicao-nacional\/' title='Cap\u00edtulos de Livro de Edi\u00e7\u00e3o Nacional' class='pt-cv-tax-capitulos-de-livro-de-edicao-nacional'>Cap\u00edtulos de Livro de Edi\u00e7\u00e3o Nacional<\/a>, <a href='https:\/\/events.ipv.pt\/cidei\/en\/tag\/nidia-menezes\/' title='N\u00eddia Menezes' class='pt-cv-tax-nidia-menezes'>N\u00eddia Menezes<\/a>, <a href='https:\/\/events.ipv.pt\/cidei\/en\/category\/nucleo\/viseu\/' title='Viseu' class='pt-cv-tax-viseu'>Viseu<\/a><\/span><\/div><\/div><\/div><\/div><\/div><\/div>\n<\/div>\n<div id=\"ARI\" class=\"contentEquipa bgBranco esp50\" data-group=\"grupo101\">\n[artigos] SCOPUS e\/ou WoS<br \/>\n<div class=\"pt-cv-wrapper\"><div class=\"pt-cv-view pt-cv-grid pt-cv-colsys\" id=\"pt-cv-view-ef414b86z1\"><div data-id=\"pt-cv-page-1\" class=\"pt-cv-page cv-npf\" data-cvc=\"1\"><div class=\"col-md-12 col-sm-12 col-xs-12 pt-cv-content-item pt-cv-1-col\" ><div class='pt-cv-ifield'><div class=\"pt-cv-no-post\">No posts found.<\/div><\/div><\/div><\/div><\/div><\/div>\n<\/div>\n<div id=\"AR\" class=\"contentEquipa bgBranco esp50\" data-group=\"grupo101\">\n[artigos] outras bases de indexa\u00e7\u00e3o<br \/>\n<div class=\"pt-cv-wrapper\"><div class=\"pt-cv-view pt-cv-grid pt-cv-colsys\" id=\"pt-cv-view-81005c806h\"><div data-id=\"pt-cv-page-1\" class=\"pt-cv-page\" data-cvc=\"1\"><div class=\"col-md-12 col-sm-12 col-xs-12 pt-cv-content-item pt-cv-1-col\" ><div class='pt-cv-ifield'><div class=\"pt-cv-content\"><p>Almeida, R. F., Menezes, N., Carvalho, A. B. &#038; Brinca, J. (2021).<br \/>\nTransexualitie in Social Policy: Current Diretions and Social Emacipation in Portugal.<br \/>\n<em>Journal of Modern Education Review, 11<\/em>(1), 9-14.<br \/>\nDOI: <a href=\"http:\/\/www.academicstar.us\/issueshow.asp?daid=3293\" rel=\"noopener\" target=\"_blank\">10.15341\/jmer(2155-7993)\/01.11.2021\/002<\/a><\/p>\n<\/div>\n<div class=\"pt-cv-meta-fields\"><span class=\"terms\"> <a href='https:\/\/events.ipv.pt\/cidei\/en\/category\/2021\/' title='2021' class='pt-cv-tax-2021'>2021<\/a>, <a href='https:\/\/events.ipv.pt\/cidei\/en\/category\/producao-cientifica\/artigos-em-revistas\/' title='Artigos em Revistas' class='pt-cv-tax-artigos-em-revistas'>Artigos em Revistas<\/a>, <a href='https:\/\/events.ipv.pt\/cidei\/en\/category\/linha-investigacao\/educacao-cidadania-e-inclusao\/' title='Educa\u00e7\u00e3o Cidadania e Inclus\u00e3o' class='pt-cv-tax-educacao-cidadania-e-inclusao'>Educa\u00e7\u00e3o Cidadania e Inclus\u00e3o<\/a>, <a href='https:\/\/events.ipv.pt\/cidei\/en\/tag\/nidia-menezes\/' title='N\u00eddia Menezes' class='pt-cv-tax-nidia-menezes'>N\u00eddia Menezes<\/a>, <a href='https:\/\/events.ipv.pt\/cidei\/en\/category\/nucleo\/viseu\/' title='Viseu' class='pt-cv-tax-viseu'>Viseu<\/a><\/span><\/div><\/div><\/div>\n<div class=\"col-md-12 col-sm-12 col-xs-12 pt-cv-content-item pt-cv-1-col\" ><div class='pt-cv-ifield'><div class=\"pt-cv-content\"><p>Brinca, J., Menezes, N., Carvalho, A. B.,  Almeida, R., Ribeiro, E. &#038; Leit\u00e3o, A. R. (2021).<br \/>\nO papel do servi\u00e7o social e da dire\u00e7\u00e3o t\u00e9cnica na avalia\u00e7\u00e3o dos riscos psicossociais nas ajudantes de a\u00e7\u00e3o direta de uma estrutura residencial para pessoas idosas.<br \/>\n<em>Egitania Sciencia, <\/em>(Special Edition Age Comm), 203-224.<br \/>\nDOI: <a href=\"https:\/\/doi.org\/10.46691\/es.v0i0363\" rel=\"noopener\" target=\"_blank\">10.46691\/es.v0i0363<\/a><\/p>\n<\/div>\n<div class=\"pt-cv-meta-fields\"><span class=\"terms\"> <a href='https:\/\/events.ipv.pt\/cidei\/en\/category\/2021\/' title='2021' class='pt-cv-tax-2021'>2021<\/a>, <a href='https:\/\/events.ipv.pt\/cidei\/en\/category\/producao-cientifica\/artigos-em-revistas\/' title='Artigos em Revistas' class='pt-cv-tax-artigos-em-revistas'>Artigos em Revistas<\/a>, <a href='https:\/\/events.ipv.pt\/cidei\/en\/category\/linha-investigacao\/educacao-cidadania-e-inclusao\/' title='Educa\u00e7\u00e3o Cidadania e Inclus\u00e3o' class='pt-cv-tax-educacao-cidadania-e-inclusao'>Educa\u00e7\u00e3o Cidadania e Inclus\u00e3o<\/a>, <a href='https:\/\/events.ipv.pt\/cidei\/en\/tag\/nidia-menezes\/' title='N\u00eddia Menezes' class='pt-cv-tax-nidia-menezes'>N\u00eddia Menezes<\/a>, <a href='https:\/\/events.ipv.pt\/cidei\/en\/category\/nucleo\/viseu\/' title='Viseu' class='pt-cv-tax-viseu'>Viseu<\/a><\/span><\/div><\/div><\/div>\n<div class=\"col-md-12 col-sm-12 col-xs-12 pt-cv-content-item pt-cv-1-col\" ><div class='pt-cv-ifield'><div class=\"pt-cv-content\"><p>Menezes , N. (2021).<br \/>\nSer assistente social. A forma\u00e7\u00e3o acad\u00e9mica em servi\u00e7o social (Portugal) enquanto elemento estruturante e identit\u00e1rio.<br \/>\n<em>Revista Temas Sociais, <\/em>(1), 104-121.<br \/>\nDOI: <a href=\"https:\/\/doi.org\/10.53809\/2021-01-TS-n.1-104-121\" rel=\"noopener\" target=\"_blank\">https:\/\/doi.org\/10.53809\/2021-01-TS-n.1-104-121<\/a><\/p>\n<\/div>\n<div class=\"pt-cv-meta-fields\"><span class=\"terms\"> <a href='https:\/\/events.ipv.pt\/cidei\/en\/category\/2021\/' title='2021' class='pt-cv-tax-2021'>2021<\/a>, <a href='https:\/\/events.ipv.pt\/cidei\/en\/category\/producao-cientifica\/artigos-em-revistas\/' title='Artigos em Revistas' class='pt-cv-tax-artigos-em-revistas'>Artigos em Revistas<\/a>, <a href='https:\/\/events.ipv.pt\/cidei\/en\/category\/linha-investigacao\/educacao-cidadania-e-inclusao\/' title='Educa\u00e7\u00e3o Cidadania e Inclus\u00e3o' class='pt-cv-tax-educacao-cidadania-e-inclusao'>Educa\u00e7\u00e3o Cidadania e Inclus\u00e3o<\/a>, <a href='https:\/\/events.ipv.pt\/cidei\/en\/tag\/nidia-menezes\/' title='N\u00eddia Menezes' class='pt-cv-tax-nidia-menezes'>N\u00eddia Menezes<\/a>, <a href='https:\/\/events.ipv.pt\/cidei\/en\/category\/nucleo\/viseu\/' title='Viseu' class='pt-cv-tax-viseu'>Viseu<\/a><\/span><\/div><\/div><\/div>\n<div class=\"col-md-12 col-sm-12 col-xs-12 pt-cv-content-item pt-cv-1-col\" ><div class='pt-cv-ifield'><div class=\"pt-cv-content\"><p>Brinca, J., &#038; Menezes, N. (2019).<br \/>\nThe Influence Of Social Sciences On The Professionalization Of Social Work: A Case Study In A Treatment Team With Consumers Of Psychoactive Substances.<br \/>\n<em>Advances in Social Sciences Research Journal, 6<\/em>(9)24-31.<\/p>\n<\/div>\n<div class=\"pt-cv-meta-fields\"><span class=\"terms\"> <a href='https:\/\/events.ipv.pt\/cidei\/en\/category\/2019\/' title='2019' class='pt-cv-tax-2019'>2019<\/a>, <a href='https:\/\/events.ipv.pt\/cidei\/en\/category\/producao-cientifica\/artigos-em-revistas\/' title='Artigos em Revistas' class='pt-cv-tax-artigos-em-revistas'>Artigos em Revistas<\/a>, <a href='https:\/\/events.ipv.pt\/cidei\/en\/tag\/nidia-menezes\/' title='N\u00eddia Menezes' class='pt-cv-tax-nidia-menezes'>N\u00eddia Menezes<\/a>, <a href='https:\/\/events.ipv.pt\/cidei\/en\/category\/nucleo\/viseu\/' title='Viseu' class='pt-cv-tax-viseu'>Viseu<\/a><\/span><\/div><\/div><\/div>\n<div class=\"col-md-12 col-sm-12 col-xs-12 pt-cv-content-item pt-cv-1-col\" ><div class='pt-cv-ifield'><div class=\"pt-cv-content\"><p>Cunha, M., Apar\u00edcio, G., Madureira, A., Menezes, L., Menezes, N., Nascimento, M., &#038; Santos, C. (2019).<br \/>\nGeneric and Specific Competencies of the Supervisor in Pedagogical Context.<br \/>\n<em>International Journal of Arts and Social Science, 2<\/em>(1), 1-10.<br \/>\nRetrieved from <a href=\"http:\/\/hdl.handle.net\/10400.19\/5393\" rel=\"noopener\" target=\"_blank\">http:\/\/hdl.handle.net\/10400.19\/5393<\/a><\/p>\n<\/div>\n<div class=\"pt-cv-meta-fields\"><span class=\"terms\"> <a href='https:\/\/events.ipv.pt\/cidei\/en\/category\/2019\/' title='2019' class='pt-cv-tax-2019'>2019<\/a>, <a href='https:\/\/events.ipv.pt\/cidei\/en\/category\/producao-cientifica\/artigos-em-revistas\/' title='Artigos em Revistas' class='pt-cv-tax-artigos-em-revistas'>Artigos em Revistas<\/a>, <a href='https:\/\/events.ipv.pt\/cidei\/en\/category\/linha-investigacao\/educacao-cidadania-e-inclusao\/' title='Educa\u00e7\u00e3o Cidadania e Inclus\u00e3o' class='pt-cv-tax-educacao-cidadania-e-inclusao'>Educa\u00e7\u00e3o Cidadania e Inclus\u00e3o<\/a>, <a href='https:\/\/events.ipv.pt\/cidei\/en\/tag\/luis-menezes\/' title='Lu\u00eds Menezes' class='pt-cv-tax-luis-menezes'>Lu\u00eds Menezes<\/a>, <a href='https:\/\/events.ipv.pt\/cidei\/en\/tag\/nidia-menezes\/' title='N\u00eddia Menezes' class='pt-cv-tax-nidia-menezes'>N\u00eddia Menezes<\/a>, <a href='https:\/\/events.ipv.pt\/cidei\/en\/category\/nucleo\/viseu\/' title='Viseu' class='pt-cv-tax-viseu'>Viseu<\/a><\/span><\/div><\/div><\/div><\/div><\/div><\/div>\n<\/div>\n<\/div>\n<\/div>\n<\/div>\n<\/div>\n<div class=\"panel auto-height bgBranco espCont\">\n<div class=\"ast-container esp100-0\">\n<h4>PROJETOS<\/h4>\n<h6>competitivos<\/h6>\n<div class=\"pt-cv-wrapper\"><div class=\"pt-cv-view pt-cv-blockgrid iscvblock iscvhybrid grid1 layout1\" id=\"pt-cv-view-2cfba82b0k\"><div data-id=\"pt-cv-page-1\" class=\"pt-cv-page cv-npf\" data-cvc=\"4\"><div class=\" pt-cv-content-item pt-cv-1-col\" ><div class=\"pt-cv-no-post\">No posts found.<\/div><\/div><\/div><\/div><\/div>\t\t\t<style type=\"text\/css\" id=\"pt-cv-inline-style-c0f024227i\">\n#pt-cv-view-2cfba82b0k .pt-cv-thumb-wrapper:not(.miniwrap) {  }#pt-cv-view-2cfba82b0k .pt-cv-thumbnail:not(.pt-cv-thumbnailsm) { height: 18vh; }#pt-cv-view-2cfba82b0k > .pt-cv-page {grid-template-columns: repeat(4, 1fr);grid-gap: 15px;}\n@media all and (max-width: 1024px) { \n#pt-cv-view-2cfba82b0k > .pt-cv-page {grid-template-columns: repeat(1, 1fr);}\n} \n@media all and (max-width: 767px) { \n#pt-cv-view-2cfba82b0k > .pt-cv-page {grid-template-columns: repeat(1, 1fr);}\n} <\/style>\r\n\t\t\t\n<h6  class=\"esp20-0\">internos<\/h6>\n<div class=\"pt-cv-wrapper\"><div class=\"pt-cv-view pt-cv-blockgrid iscvblock iscvhybrid grid1 layout1\" id=\"pt-cv-view-908f6e9g98\"><div data-id=\"pt-cv-page-1\" class=\"pt-cv-page cv-npf\" data-cvc=\"4\"><div class=\" pt-cv-content-item pt-cv-1-col\" ><div class=\"pt-cv-no-post\">No posts found.<\/div><\/div><\/div><\/div><\/div>\t\t\t<style type=\"text\/css\" id=\"pt-cv-inline-style-9de5df8njs\">\n#pt-cv-view-908f6e9g98 .pt-cv-thumb-wrapper:not(.miniwrap) {  }#pt-cv-view-908f6e9g98 .pt-cv-thumbnail:not(.pt-cv-thumbnailsm) { height: 250px; }#pt-cv-view-908f6e9g98 > .pt-cv-page {grid-template-columns: repeat(4, 1fr);grid-gap: 15px;}\n@media all and (max-width: 1024px) { \n#pt-cv-view-908f6e9g98 > .pt-cv-page {grid-template-columns: repeat(1, 1fr);}\n} \n@media all and (max-width: 767px) { \n#pt-cv-view-908f6e9g98 > .pt-cv-page {grid-template-columns: repeat(1, 1fr);}\n} <\/style>\r\n\t\t\t\n<\/div>\n<\/div>\n","protected":false},"excerpt":{"rendered":"<p>N\u00eddia Menezes N\u00eddia Maria Morais Cardoso de Menezes Abrunhosa INSTITUTO POLIT\u00c9CNICO DE VISEU Escola Superior de Tecnologia e Gest\u00e3o de Lamego ORCID \u2022 0000-0002-6911-5709 CI\u00caNCIAVITAE \u2022 A31D-5E83-93AE internacionais livros cap\u00edtulos de livro nacionais livros cap\u00edtulos de livro artigos SCOPUS e\/ou WoS outras bases de indexa\u00e7\u00e3o abrir todos [internacionais] livros [internacionais] cap\u00edtulos de livro [nacionais] livros [&hellip;]<\/p>\n","protected":false},"author":1,"featured_media":0,"comment_status":"closed","ping_status":"closed","sticky":false,"template":"","format":"standard","meta":{"site-sidebar-layout":"default","site-content-layout":"","ast-site-content-layout":"full-width-container","site-content-style":"default","site-sidebar-style":"default","ast-global-header-display":"","ast-banner-title-visibility":"","ast-main-header-display":"","ast-hfb-above-header-display":"","ast-hfb-below-header-display":"","ast-hfb-mobile-header-display":"","site-post-title":"disabled","ast-breadcrumbs-content":"","ast-featured-img":"","footer-sml-layout":"","ast-disable-related-posts":"","theme-transparent-header-meta":"default","adv-header-id-meta":"","stick-header-meta":"","header-above-stick-meta":"","header-main-stick-meta":"","header-below-stick-meta":"","astra-migrate-meta-layouts":"set","ast-page-background-enabled":"default","ast-page-background-meta":{"desktop":{"background-color":"","background-image":"","background-repeat":"repeat","background-position":"center center","background-size":"auto","background-attachment":"scroll","background-type":"","background-media":"","overlay-type":"","overlay-color":"","overlay-opacity":"","overlay-gradient":""},"tablet":{"background-color":"","background-image":"","background-repeat":"repeat","background-position":"center center","background-size":"auto","background-attachment":"scroll","background-type":"","background-media":"","overlay-type":"","overlay-color":"","overlay-opacity":"","overlay-gradient":""},"mobile":{"background-color":"","background-image":"","background-repeat":"repeat","background-position":"center center","background-size":"auto","background-attachment":"scroll","background-type":"","background-media":"","overlay-type":"","overlay-color":"","overlay-opacity":"","overlay-gradient":""}},"ast-content-background-meta":{"desktop":{"background-color":"var(--ast-global-color-5)","background-image":"","background-repeat":"repeat","background-position":"center center","background-size":"auto","background-attachment":"scroll","background-type":"","background-media":"","overlay-type":"","overlay-color":"","overlay-opacity":"","overlay-gradient":""},"tablet":{"background-color":"var(--ast-global-color-5)","background-image":"","background-repeat":"repeat","background-position":"center center","background-size":"auto","background-attachment":"scroll","background-type":"","background-media":"","overlay-type":"","overlay-color":"","overlay-opacity":"","overlay-gradient":""},"mobile":{"background-color":"var(--ast-global-color-5)","background-image":"","background-repeat":"repeat","background-position":"center center","background-size":"auto","background-attachment":"scroll","background-type":"","background-media":"","overlay-type":"","overlay-color":"","overlay-opacity":"","overlay-gradient":""}},"footnotes":"","_links_to":"","_links_to_target":""},"categories":[380],"tags":[],"class_list":["post-10449","post","type-post","status-publish","format-standard","hentry","category-uncategorized-pt"],"_links":{"self":[{"href":"https:\/\/events.ipv.pt\/cidei\/en\/wp-json\/wp\/v2\/posts\/10449","targetHints":{"allow":["GET"]}}],"collection":[{"href":"https:\/\/events.ipv.pt\/cidei\/en\/wp-json\/wp\/v2\/posts"}],"about":[{"href":"https:\/\/events.ipv.pt\/cidei\/en\/wp-json\/wp\/v2\/types\/post"}],"author":[{"embeddable":true,"href":"https:\/\/events.ipv.pt\/cidei\/en\/wp-json\/wp\/v2\/users\/1"}],"replies":[{"embeddable":true,"href":"https:\/\/events.ipv.pt\/cidei\/en\/wp-json\/wp\/v2\/comments?post=10449"}],"version-history":[{"count":8,"href":"https:\/\/events.ipv.pt\/cidei\/en\/wp-json\/wp\/v2\/posts\/10449\/revisions"}],"predecessor-version":[{"id":20921,"href":"https:\/\/events.ipv.pt\/cidei\/en\/wp-json\/wp\/v2\/posts\/10449\/revisions\/20921"}],"wp:attachment":[{"href":"https:\/\/events.ipv.pt\/cidei\/en\/wp-json\/wp\/v2\/media?parent=10449"}],"wp:term":[{"taxonomy":"category","embeddable":true,"href":"https:\/\/events.ipv.pt\/cidei\/en\/wp-json\/wp\/v2\/categories?post=10449"},{"taxonomy":"post_tag","embeddable":true,"href":"https:\/\/events.ipv.pt\/cidei\/en\/wp-json\/wp\/v2\/tags?post=10449"}],"curies":[{"name":"wp","href":"https:\/\/api.w.org\/{rel}","templated":true}]}}