{"id":10370,"date":"2024-03-15T11:34:21","date_gmt":"2024-03-15T11:34:21","guid":{"rendered":"http:\/\/localhost\/cidei\/?p=10370"},"modified":"2025-04-09T15:21:17","modified_gmt":"2025-04-09T15:21:17","slug":"ilda-freire-ribeiro","status":"publish","type":"post","link":"https:\/\/events.ipv.pt\/cidei\/en\/ilda-freire-ribeiro\/","title":{"rendered":"Ilda Freire-Ribeiro"},"content":{"rendered":"<div class=\"fp-bannerCinzaL pad-200-20\" style=\"background-color: #030036; color:#fff;\">\n<div class=\"ast-container\">\n<h1 style=\"color:#fff;\">Ilda Freire-Ribeiro<\/h1>\n<h5 style=\"color:#fff;\">Ilda da Purifica\u00e7\u00e3o Freire Ribeiro<\/h5>\n<p>INSTITUTO POLIT\u00c9CNICO DE BRAGAN\u00c7A<\/p>\n<div class=\"row_buttonInv\">\n<a class=\"bt-uid_inv\" href=\"https:\/\/orcid.org\/0000-0003-1033-8614\" target=\"_blank\">ORCID \u2022 0000-0003-1033-8614<\/a><br \/>\n<a class=\"bt-uid_inv\" href=\"https:\/\/cienciavitae.pt\/FE11-3595-39C3\" target=\"_blank\">CI\u00caNCIAVITAE \u2022 FE11-3595-39C3<\/a>\n<\/div>\n<\/div>\n<\/div>\n<div class=\"fp-bannerCinzaL pad-200-20\" style=\"background-color: #fff;\">\n<div class=\"ast-container\" style=\"background-color: #fff;\">\n<h3>PRODU\u00c7\u00c3O CIENT\u00cdFICA<\/h3>\n<p><button class=\"toggleGroup alignright\" data-group=\"grupo1\" style=\"margin-bottom: 10px;\">Abrir Todos<\/button><\/p>\n<div class=\"tab2\">\n    <button class=\"tablinks\" data-target=\"LI\" data-group=\"grupo1\">Livros de Edi\u00e7\u00e3o Internacional<\/button><\/div>\n<div id=\"LI\" class=\"tabcontent grupo1\" data-group=\"grupo1\"><div class=\"pt-cv-wrapper\"><div class=\"pt-cv-view pt-cv-grid pt-cv-colsys\" id=\"pt-cv-view-b8c35c6luw\"><div data-id=\"pt-cv-page-1\" class=\"pt-cv-page cv-npf\" data-cvc=\"1\"><div class=\"col-md-12 col-sm-12 col-xs-12 pt-cv-content-item pt-cv-1-col\" ><div class='pt-cv-ifield'><div class=\"pt-cv-no-post\">No posts found.<\/div><\/div><\/div><\/div><\/div><\/div><\/div>\n<div class=\"tab2\">\n    <button class=\"tablinks\" data-target=\"CLI\" data-group=\"grupo1\">Cap\u00edtulos de Livro de Edi\u00e7\u00e3o Internacional<\/button><\/div>\n<div id=\"CLI\" class=\"tabcontent grupo1\" data-group=\"grupo1\"><div class=\"pt-cv-wrapper\"><div class=\"pt-cv-view pt-cv-grid pt-cv-colsys\" id=\"pt-cv-view-f206f5c9uf\"><div data-id=\"pt-cv-page-1\" class=\"pt-cv-page\" data-cvc=\"1\"><div class=\"col-md-12 col-sm-12 col-xs-12 pt-cv-content-item pt-cv-1-col\" ><div class='pt-cv-ifield'><div class=\"pt-cv-content\"><p>Sanches, A., Mesquita, E., Freire-Ribeiro, I., Ribeiro, M. C. (2023).<br \/>\nValoriza\u00e7\u00e3o de compet\u00eancias na forma\u00e7\u00e3o inicial de professores: um estudo explorat\u00f3rio.<br \/>\nIn P. Membiela, M. I. Cebreiros (Eds.), <em>Inova\u00e7\u00e3o na pr\u00e1tica educacional universit\u00e1ria<\/em> (pp. 185-196).<br \/>\nOurense: Educaci\u00f3n Editora. ISBN 978-84-15524-48-9<\/p>\n<\/div>\n<div class=\"pt-cv-meta-fields\"><span class=\"terms\"> <a href='https:\/\/events.ipv.pt\/cidei\/en\/category\/2023\/' title='2023' class='pt-cv-tax-2023'>2023<\/a>, <a href='https:\/\/events.ipv.pt\/cidei\/en\/category\/producao-cientifica\/caplivrointernacional\/' title='Cap\u00edtulos de Livro de Edi\u00e7\u00e3o Internacional' class='pt-cv-tax-caplivrointernacional'>Cap\u00edtulos de Livro de Edi\u00e7\u00e3o Internacional<\/a>, <a href='https:\/\/events.ipv.pt\/cidei\/en\/category\/nucleo\/guarda\/' title='Guarda' class='pt-cv-tax-guarda'>Guarda<\/a>, <a href='https:\/\/events.ipv.pt\/cidei\/en\/tag\/ilda-freire-ribeiro\/' title='Ilda Freire-Ribeiro' class='pt-cv-tax-ilda-freire-ribeiro'>Ilda Freire-Ribeiro<\/a>, <a href='https:\/\/events.ipv.pt\/cidei\/en\/tag\/maria-do-ceu-ribeiro\/' title='Maria do C\u00e9u Ribeiro' class='pt-cv-tax-maria-do-ceu-ribeiro'>Maria do C\u00e9u Ribeiro<\/a>, <a href='https:\/\/events.ipv.pt\/cidei\/en\/category\/linha-investigacao\/politicas-educativas-didaticas-e-formacao\/' title='Pol\u00edticas Educativas Did\u00e1ticas e Forma\u00e7\u00e3o' class='pt-cv-tax-politicas-educativas-didaticas-e-formacao'>Pol\u00edticas Educativas Did\u00e1ticas e Forma\u00e7\u00e3o<\/a><\/span><\/div><\/div><\/div>\n<div class=\"col-md-12 col-sm-12 col-xs-12 pt-cv-content-item pt-cv-1-col\" ><div class='pt-cv-ifield'><div class=\"pt-cv-content\"><p>Sanches, A., Mesquita, E., Freire-Ribeiro, I., Ribeiro, M.  C. (2023).<br \/>\nValoriza\u00e7\u00e3o de compet\u00eancias na forma\u00e7\u00e3o inicial de professores: um estudo explorat\u00f3rio.<br \/>\nIn P. Membiela, M. I. Cebreiros (Eds.), <em>Inova\u00e7\u00e3o na pr\u00e1tica educacional universit\u00e1ria<\/em> (p. 185-196).<br \/>\nOurense: Educaci\u00f3n Editora. ISBN 978-84-15524-48-9<\/p>\n<\/div>\n<div class=\"pt-cv-meta-fields\"><span class=\"terms\"> <a href='https:\/\/events.ipv.pt\/cidei\/en\/category\/2023\/' title='2023' class='pt-cv-tax-2023'>2023<\/a>, <a href='https:\/\/events.ipv.pt\/cidei\/en\/category\/producao-cientifica\/caplivrointernacional\/' title='Cap\u00edtulos de Livro de Edi\u00e7\u00e3o Internacional' class='pt-cv-tax-caplivrointernacional'>Cap\u00edtulos de Livro de Edi\u00e7\u00e3o Internacional<\/a>, <a href='https:\/\/events.ipv.pt\/cidei\/en\/category\/nucleo\/guarda\/' title='Guarda' class='pt-cv-tax-guarda'>Guarda<\/a>, <a href='https:\/\/events.ipv.pt\/cidei\/en\/tag\/ilda-freire-ribeiro\/' title='Ilda Freire-Ribeiro' class='pt-cv-tax-ilda-freire-ribeiro'>Ilda Freire-Ribeiro<\/a>, <a href='https:\/\/events.ipv.pt\/cidei\/en\/category\/linha-investigacao\/politicas-educativas-didaticas-e-formacao\/' title='Pol\u00edticas Educativas Did\u00e1ticas e Forma\u00e7\u00e3o' class='pt-cv-tax-politicas-educativas-didaticas-e-formacao'>Pol\u00edticas Educativas Did\u00e1ticas e Forma\u00e7\u00e3o<\/a><\/span><\/div><\/div><\/div>\n<div class=\"col-md-12 col-sm-12 col-xs-12 pt-cv-content-item pt-cv-1-col\" ><div class='pt-cv-ifield'><div class=\"pt-cv-content\"><p>Freire-Ribeiro, I., Mesquita, E. (2020).<br \/>\nA centralidade [ou n\u00e3o] da crian\u00e7a no processo ensino-aprendizagem: an\u00e1lise da reflex\u00e3o dos futuros professores sobre a sua pr\u00f3pria pr\u00e1tica.<br \/>\nIn P. Membiela, M.I. Cebreiros, M. Vidal (Eds.), <em>Innovaci\u00f3n e investigaci\u00f3n en la educaci\u00f3n universit\u00e1ria<\/em> (pp. 423-428).<br \/>\nOurense: Educaci\u00f3n Editora. ISBN 978-84-15524-44-1<\/p>\n<\/div>\n<div class=\"pt-cv-meta-fields\"><span class=\"terms\"> <a href='https:\/\/events.ipv.pt\/cidei\/en\/category\/2020\/' title='2020' class='pt-cv-tax-2020'>2020<\/a>, <a href='https:\/\/events.ipv.pt\/cidei\/en\/category\/producao-cientifica\/caplivrointernacional\/' title='Cap\u00edtulos de Livro de Edi\u00e7\u00e3o Internacional' class='pt-cv-tax-caplivrointernacional'>Cap\u00edtulos de Livro de Edi\u00e7\u00e3o Internacional<\/a>, <a href='https:\/\/events.ipv.pt\/cidei\/en\/category\/nucleo\/guarda\/' title='Guarda' class='pt-cv-tax-guarda'>Guarda<\/a>, <a href='https:\/\/events.ipv.pt\/cidei\/en\/tag\/ilda-freire-ribeiro\/' title='Ilda Freire-Ribeiro' class='pt-cv-tax-ilda-freire-ribeiro'>Ilda Freire-Ribeiro<\/a>, <a href='https:\/\/events.ipv.pt\/cidei\/en\/category\/linha-investigacao\/politicas-educativas-didaticas-e-formacao\/' title='Pol\u00edticas Educativas Did\u00e1ticas e Forma\u00e7\u00e3o' class='pt-cv-tax-politicas-educativas-didaticas-e-formacao'>Pol\u00edticas Educativas Did\u00e1ticas e Forma\u00e7\u00e3o<\/a><\/span><\/div><\/div><\/div>\n<div class=\"col-md-12 col-sm-12 col-xs-12 pt-cv-content-item pt-cv-1-col\" ><div class='pt-cv-ifield'><div class=\"pt-cv-content\"><p>Sanches, A., Freire-Ribeiro, I., Mesquita, E. (2020).<br \/>\nPr\u00e1ticas de educa\u00e7\u00e3o n\u00e3o-escolar: perce\u00e7\u00f5es dos estudantes sobre as atividades de inicia\u00e7\u00e3o \u00e0 pr\u00e1tica profissional.<br \/>\nIn P. Membiela, M.I. Cebreiros, M. Vidal (Eds.), <em>Innovaci\u00f3n e investigaci\u00f3n en la educaci\u00f3n universit\u00e1ria<\/em> (pp. 471-476).<br \/>\nOurense: Educaci\u00f3n Editora. ISBN 978-84-15524-44-1<\/p>\n<\/div>\n<div class=\"pt-cv-meta-fields\"><span class=\"terms\"> <a href='https:\/\/events.ipv.pt\/cidei\/en\/category\/2020\/' title='2020' class='pt-cv-tax-2020'>2020<\/a>, <a href='https:\/\/events.ipv.pt\/cidei\/en\/category\/producao-cientifica\/caplivrointernacional\/' title='Cap\u00edtulos de Livro de Edi\u00e7\u00e3o Internacional' class='pt-cv-tax-caplivrointernacional'>Cap\u00edtulos de Livro de Edi\u00e7\u00e3o Internacional<\/a>, <a href='https:\/\/events.ipv.pt\/cidei\/en\/category\/nucleo\/guarda\/' title='Guarda' class='pt-cv-tax-guarda'>Guarda<\/a>, <a href='https:\/\/events.ipv.pt\/cidei\/en\/tag\/ilda-freire-ribeiro\/' title='Ilda Freire-Ribeiro' class='pt-cv-tax-ilda-freire-ribeiro'>Ilda Freire-Ribeiro<\/a>, <a href='https:\/\/events.ipv.pt\/cidei\/en\/category\/linha-investigacao\/politicas-educativas-didaticas-e-formacao\/' title='Pol\u00edticas Educativas Did\u00e1ticas e Forma\u00e7\u00e3o' class='pt-cv-tax-politicas-educativas-didaticas-e-formacao'>Pol\u00edticas Educativas Did\u00e1ticas e Forma\u00e7\u00e3o<\/a><\/span><\/div><\/div><\/div>\n<div class=\"col-md-12 col-sm-12 col-xs-12 pt-cv-content-item pt-cv-1-col\" ><div class='pt-cv-ifield'><div class=\"pt-cv-content\"><p>Mesquita, E., Freire-Ribeiro, I. (2019).<br \/>\nPerce\u00e7\u00f5es dos futuros professores sobre tend\u00eancias metodol\u00f3gicas: entre o real e o ideal.<br \/>\nIn P. Membiela, M. I. Cebreiros, M. Vidal (Eds.), <em>Innovaci\u00f3n e investigaci\u00f3n en la educaci\u00f3n universit\u00e1ria<\/em> (pp. 299-304).<br \/>\nOurense: Educaci\u00f3n Editora. ISBN 978-84-15524-44-1 <\/p>\n<\/div>\n<div class=\"pt-cv-meta-fields\"><span class=\"terms\"> <a href='https:\/\/events.ipv.pt\/cidei\/en\/category\/2019\/' title='2019' class='pt-cv-tax-2019'>2019<\/a>, <a href='https:\/\/events.ipv.pt\/cidei\/en\/category\/producao-cientifica\/caplivrointernacional\/' title='Cap\u00edtulos de Livro de Edi\u00e7\u00e3o Internacional' class='pt-cv-tax-caplivrointernacional'>Cap\u00edtulos de Livro de Edi\u00e7\u00e3o Internacional<\/a>, <a href='https:\/\/events.ipv.pt\/cidei\/en\/category\/nucleo\/guarda\/' title='Guarda' class='pt-cv-tax-guarda'>Guarda<\/a>, <a href='https:\/\/events.ipv.pt\/cidei\/en\/tag\/ilda-freire-ribeiro\/' title='Ilda Freire-Ribeiro' class='pt-cv-tax-ilda-freire-ribeiro'>Ilda Freire-Ribeiro<\/a>, <a href='https:\/\/events.ipv.pt\/cidei\/en\/category\/linha-investigacao\/politicas-educativas-didaticas-e-formacao\/' title='Pol\u00edticas Educativas Did\u00e1ticas e Forma\u00e7\u00e3o' class='pt-cv-tax-politicas-educativas-didaticas-e-formacao'>Pol\u00edticas Educativas Did\u00e1ticas e Forma\u00e7\u00e3o<\/a><\/span><\/div><\/div><\/div>\n<div class=\"col-md-12 col-sm-12 col-xs-12 pt-cv-content-item pt-cv-1-col\" ><div class='pt-cv-ifield'><div class=\"pt-cv-content\"><p>Sanches, A., Freire-Ribeiro, I., Mesquita, E. (2019).<br \/>\nEduca\u00e7\u00e3o n\u00e3o-formal: Contextos e pr\u00e1ticas na forma\u00e7\u00e3o inicial de professores.<br \/>\nIn F. Imbern\u00f3n, A. Shigunov Neto, I. Fortunato (Orgs.), <em>Forma\u00e7\u00e3o permanente de professores: experi\u00eancias ibero americanas<\/em> (pp. 480-500).<br \/>\nS\u00e3o Paulo: Edi\u00e7\u00f5es Hip\u00f3tese. ISBN 978-65-80428-08-3<\/p>\n<\/div>\n<div class=\"pt-cv-meta-fields\"><span class=\"terms\"> <a href='https:\/\/events.ipv.pt\/cidei\/en\/category\/2019\/' title='2019' class='pt-cv-tax-2019'>2019<\/a>, <a href='https:\/\/events.ipv.pt\/cidei\/en\/category\/producao-cientifica\/caplivrointernacional\/' title='Cap\u00edtulos de Livro de Edi\u00e7\u00e3o Internacional' class='pt-cv-tax-caplivrointernacional'>Cap\u00edtulos de Livro de Edi\u00e7\u00e3o Internacional<\/a>, <a href='https:\/\/events.ipv.pt\/cidei\/en\/category\/nucleo\/guarda\/' title='Guarda' class='pt-cv-tax-guarda'>Guarda<\/a>, <a href='https:\/\/events.ipv.pt\/cidei\/en\/tag\/ilda-freire-ribeiro\/' title='Ilda Freire-Ribeiro' class='pt-cv-tax-ilda-freire-ribeiro'>Ilda Freire-Ribeiro<\/a>, <a href='https:\/\/events.ipv.pt\/cidei\/en\/category\/linha-investigacao\/politicas-educativas-didaticas-e-formacao\/' title='Pol\u00edticas Educativas Did\u00e1ticas e Forma\u00e7\u00e3o' class='pt-cv-tax-politicas-educativas-didaticas-e-formacao'>Pol\u00edticas Educativas Did\u00e1ticas e Forma\u00e7\u00e3o<\/a><\/span><\/div><\/div><\/div><\/div><\/div><\/div><\/div>\n<div class=\"tab2\">\n    <button class=\"tablinks\" data-target=\"LN\" data-group=\"grupo1\">Livros de Edi\u00e7\u00e3o Nacional<\/button><\/div>\n<div id=\"LN\" class=\"tabcontent grupo1\" data-group=\"grupo1\"><div class=\"pt-cv-wrapper\"><div class=\"pt-cv-view pt-cv-grid pt-cv-colsys\" id=\"pt-cv-view-1fbebad4s7\"><div data-id=\"pt-cv-page-1\" class=\"pt-cv-page cv-npf\" data-cvc=\"1\"><div class=\"col-md-12 col-sm-12 col-xs-12 pt-cv-content-item pt-cv-1-col\" ><div class='pt-cv-ifield'><div class=\"pt-cv-no-post\">No posts found.<\/div><\/div><\/div><\/div><\/div><\/div><\/div>\n<div class=\"tab2\">\n    <button class=\"tablinks\" data-target=\"CLN\" data-group=\"grupo1\">Cap\u00edtulos de Livro de Edi\u00e7\u00e3o Nacional<\/button><\/div>\n<div id=\"CLN\" class=\"tabcontent grupo1\" data-group=\"grupo1\"><div class=\"pt-cv-wrapper\"><div class=\"pt-cv-view pt-cv-grid pt-cv-colsys\" id=\"pt-cv-view-b9c39c0mtn\"><div data-id=\"pt-cv-page-1\" class=\"pt-cv-page\" data-cvc=\"1\"><div class=\"col-md-12 col-sm-12 col-xs-12 pt-cv-content-item pt-cv-1-col\" ><div class='pt-cv-ifield'><div class=\"pt-cv-content\"><p>Sanches, A., Mesquita, E., Freire-Ribeiro, I., Ribeiro, M. C. (2023).<br \/>\nValoriza\u00e7\u00e3o de compet\u00eancias na forma\u00e7\u00e3o inicial de professores: um estudo explorat\u00f3rio.<br \/>\nIn P. Membiela, M. I. Cebreiros (Eds.), <em>Inova\u00e7\u00e3o na pr\u00e1tica educacional universit\u00e1ria<\/em>.<br \/>\nOurense: Educaci\u00f3n Editora (pp. 185-196).<\/p>\n<\/div>\n<div class=\"pt-cv-meta-fields\"><span class=\"terms\"> <a href='https:\/\/events.ipv.pt\/cidei\/en\/category\/2023\/' title='2023' class='pt-cv-tax-2023'>2023<\/a>, <a href='https:\/\/events.ipv.pt\/cidei\/en\/category\/producao-cientifica\/capitulos-de-livro-de-edicao-nacional\/' title='Cap\u00edtulos de Livro de Edi\u00e7\u00e3o Nacional' class='pt-cv-tax-capitulos-de-livro-de-edicao-nacional'>Cap\u00edtulos de Livro de Edi\u00e7\u00e3o Nacional<\/a>, <a href='https:\/\/events.ipv.pt\/cidei\/en\/category\/nucleo\/guarda\/' title='Guarda' class='pt-cv-tax-guarda'>Guarda<\/a>, <a href='https:\/\/events.ipv.pt\/cidei\/en\/tag\/ilda-freire-ribeiro\/' title='Ilda Freire-Ribeiro' class='pt-cv-tax-ilda-freire-ribeiro'>Ilda Freire-Ribeiro<\/a><\/span><\/div><\/div><\/div>\n<div class=\"col-md-12 col-sm-12 col-xs-12 pt-cv-content-item pt-cv-1-col\" ><div class='pt-cv-ifield'><div class=\"pt-cv-content\"><p>Caetano, O., Freire, Ribeiro, I., Pires, D. (2021).<br \/>\nAprendizagem cooperativa e desenvolvimento de compet\u00eancias sociais no 1.\u00ba ciclo do ensino b\u00e1sico.<br \/>\nIn F. Teixeira, F. Paix\u00e3o, A. Frias, S. Silveira, D. Vaz, J. Morgado (Coords.), <em>Educa\u00e7\u00e3o em Ci\u00eancias: Intera\u00e7\u00f5es e desafios<\/em> (pp. 261-264).<br \/>\nEscola Superior de Educa\u00e7\u00e3o de Coimbra; Associa\u00e7\u00e3o Portuguesa de Educa\u00e7\u00e3o em Ci\u00eancias. ISBN 978-989-99491-1-9<\/p>\n<\/div>\n<div class=\"pt-cv-meta-fields\"><span class=\"terms\"> <a href='https:\/\/events.ipv.pt\/cidei\/en\/category\/2021\/' title='2021' class='pt-cv-tax-2021'>2021<\/a>, <a href='https:\/\/events.ipv.pt\/cidei\/en\/category\/producao-cientifica\/capitulos-de-livro-de-edicao-nacional\/' title='Cap\u00edtulos de Livro de Edi\u00e7\u00e3o Nacional' class='pt-cv-tax-capitulos-de-livro-de-edicao-nacional'>Cap\u00edtulos de Livro de Edi\u00e7\u00e3o Nacional<\/a>, <a href='https:\/\/events.ipv.pt\/cidei\/en\/category\/nucleo\/guarda\/' title='Guarda' class='pt-cv-tax-guarda'>Guarda<\/a>, <a href='https:\/\/events.ipv.pt\/cidei\/en\/tag\/ilda-freire-ribeiro\/' title='Ilda Freire-Ribeiro' class='pt-cv-tax-ilda-freire-ribeiro'>Ilda Freire-Ribeiro<\/a>, <a href='https:\/\/events.ipv.pt\/cidei\/en\/category\/linha-investigacao\/politicas-educativas-didaticas-e-formacao\/' title='Pol\u00edticas Educativas Did\u00e1ticas e Forma\u00e7\u00e3o' class='pt-cv-tax-politicas-educativas-didaticas-e-formacao'>Pol\u00edticas Educativas Did\u00e1ticas e Forma\u00e7\u00e3o<\/a><\/span><\/div><\/div><\/div><\/div><\/div><\/div><\/div>\n<div class=\"tab2\">\n    <button class=\"tablinks\" data-target=\"ARI\" data-group=\"grupo1\">Artigos em Revistas Indexadas | Scopus e\/ou WoS<\/button><\/div>\n<div id=\"ARI\" class=\"tabcontent grupo1\" data-group=\"grupo1\"><div class=\"pt-cv-wrapper\"><div class=\"pt-cv-view pt-cv-grid pt-cv-colsys\" id=\"pt-cv-view-f2e74d9ovg\"><div data-id=\"pt-cv-page-1\" class=\"pt-cv-page\" data-cvc=\"1\"><div class=\"col-md-12 col-sm-12 col-xs-12 pt-cv-content-item pt-cv-1-col\" ><div class='pt-cv-ifield'><div class=\"pt-cv-content\"><p>Mesquita, E., Sanches, A., Freire-Ribeiro, I., Ribeiro, C. (2022).<br \/>\nTraining and professional skills for teaching in basic education.<br \/>\n<em>Cadernos de Educa\u00e7\u00e3o Tecnologia e Sociedade, 15<\/em>(1), 75-91.<br \/>\nDOI: <a href=\"https:\/\/doi.org\/10.14571\/brajets.v15.nse1.75-91\" rel=\"noopener\" target=\"_blank\">https:\/\/doi.org\/10.14571\/brajets.v15.nse1.75-91<\/a><\/p>\n<\/div>\n<div class=\"pt-cv-meta-fields\"><span class=\"terms\"> <a href='https:\/\/events.ipv.pt\/cidei\/en\/category\/2022\/' title='2022' class='pt-cv-tax-2022'>2022<\/a>, <a href='https:\/\/events.ipv.pt\/cidei\/en\/category\/producao-cientifica\/artigos-em-revistas-indexadas-scopus-e-ou-wos\/' title='Artigos em Revistas Indexadas | Scopus e\/ou WoS' class='pt-cv-tax-artigos-em-revistas-indexadas-scopus-e-ou-wos'>Artigos em Revistas Indexadas | Scopus e\/ou WoS<\/a>, <a href='https:\/\/events.ipv.pt\/cidei\/en\/category\/nucleo\/guarda\/' title='Guarda' class='pt-cv-tax-guarda'>Guarda<\/a>, <a href='https:\/\/events.ipv.pt\/cidei\/en\/tag\/ilda-freire-ribeiro\/' title='Ilda Freire-Ribeiro' class='pt-cv-tax-ilda-freire-ribeiro'>Ilda Freire-Ribeiro<\/a>, <a href='https:\/\/events.ipv.pt\/cidei\/en\/tag\/maria-do-ceu-ribeiro\/' title='Maria do C\u00e9u Ribeiro' class='pt-cv-tax-maria-do-ceu-ribeiro'>Maria do C\u00e9u Ribeiro<\/a>, <a href='https:\/\/events.ipv.pt\/cidei\/en\/category\/linha-investigacao\/politicas-educativas-didaticas-e-formacao\/' title='Pol\u00edticas Educativas Did\u00e1ticas e Forma\u00e7\u00e3o' class='pt-cv-tax-politicas-educativas-didaticas-e-formacao'>Pol\u00edticas Educativas Did\u00e1ticas e Forma\u00e7\u00e3o<\/a><\/span><\/div><\/div><\/div><\/div><\/div><\/div><\/div>\n<div class=\"tab2\">\n    <button class=\"tablinks\" data-target=\"AR\" data-group=\"grupo1\">Artigos em Revistas<\/button><\/div>\n<div id=\"AR\" class=\"tabcontent grupo1\" data-group=\"grupo1\"><div class=\"pt-cv-wrapper\"><div class=\"pt-cv-view pt-cv-grid pt-cv-colsys\" id=\"pt-cv-view-d3a0649id9\"><div data-id=\"pt-cv-page-1\" class=\"pt-cv-page\" data-cvc=\"1\"><div class=\"col-md-12 col-sm-12 col-xs-12 pt-cv-content-item pt-cv-1-col\" ><div class='pt-cv-ifield'><div class=\"pt-cv-content\"><p>Freire Ribeiro, I., Mesquita, E. (2020).<br \/>\nA rela\u00e7\u00e3o pedag\u00f3gica a partir do olhar de futuros professores: implica\u00e7\u00f5es do(s) ambiente(s) de ensino e aprendizagem.<br \/>\n<em>Revista Portuguesa de Investiga\u00e7\u00e3o Educacional<\/em>, 14-35.<\/p>\n<\/div>\n<div class=\"pt-cv-meta-fields\"><span class=\"terms\"> <a href='https:\/\/events.ipv.pt\/cidei\/en\/category\/2020\/' title='2020' class='pt-cv-tax-2020'>2020<\/a>, <a href='https:\/\/events.ipv.pt\/cidei\/en\/category\/producao-cientifica\/artigos-em-revistas\/' title='Artigos em Revistas' class='pt-cv-tax-artigos-em-revistas'>Artigos em Revistas<\/a>, <a href='https:\/\/events.ipv.pt\/cidei\/en\/category\/nucleo\/guarda\/' title='Guarda' class='pt-cv-tax-guarda'>Guarda<\/a>, <a href='https:\/\/events.ipv.pt\/cidei\/en\/tag\/ilda-freire-ribeiro\/' title='Ilda Freire-Ribeiro' class='pt-cv-tax-ilda-freire-ribeiro'>Ilda Freire-Ribeiro<\/a>, <a href='https:\/\/events.ipv.pt\/cidei\/en\/category\/linha-investigacao\/politicas-educativas-didaticas-e-formacao\/' title='Pol\u00edticas Educativas Did\u00e1ticas e Forma\u00e7\u00e3o' class='pt-cv-tax-politicas-educativas-didaticas-e-formacao'>Pol\u00edticas Educativas Did\u00e1ticas e Forma\u00e7\u00e3o<\/a><\/span><\/div><\/div><\/div>\n<div class=\"col-md-12 col-sm-12 col-xs-12 pt-cv-content-item pt-cv-1-col\" ><div class='pt-cv-ifield'><div class=\"pt-cv-content\"><p>Mesquita, E., Sanches, A., Freire-Ribeiro, I. (2020).<br \/>\nContributos da supervis\u00e3o pedag\u00f3gica para a forma\u00e7\u00e3o docente em Portugal.<br \/>\n<em>Instrumento: Revista de estudo e pesquisa em educa\u00e7\u00e3o: A supervis\u00e3o em contextos de forma\u00e7\u00e3o, 22<\/em>(2), 301-321.<\/p>\n<\/div>\n<div class=\"pt-cv-meta-fields\"><span class=\"terms\"> <a href='https:\/\/events.ipv.pt\/cidei\/en\/category\/2020\/' title='2020' class='pt-cv-tax-2020'>2020<\/a>, <a href='https:\/\/events.ipv.pt\/cidei\/en\/category\/producao-cientifica\/artigos-em-revistas\/' title='Artigos em Revistas' class='pt-cv-tax-artigos-em-revistas'>Artigos em Revistas<\/a>, <a href='https:\/\/events.ipv.pt\/cidei\/en\/category\/nucleo\/guarda\/' title='Guarda' class='pt-cv-tax-guarda'>Guarda<\/a>, <a href='https:\/\/events.ipv.pt\/cidei\/en\/tag\/ilda-freire-ribeiro\/' title='Ilda Freire-Ribeiro' class='pt-cv-tax-ilda-freire-ribeiro'>Ilda Freire-Ribeiro<\/a>, <a href='https:\/\/events.ipv.pt\/cidei\/en\/category\/linha-investigacao\/politicas-educativas-didaticas-e-formacao\/' title='Pol\u00edticas Educativas Did\u00e1ticas e Forma\u00e7\u00e3o' class='pt-cv-tax-politicas-educativas-didaticas-e-formacao'>Pol\u00edticas Educativas Did\u00e1ticas e Forma\u00e7\u00e3o<\/a><\/span><\/div><\/div><\/div>\n<div class=\"col-md-12 col-sm-12 col-xs-12 pt-cv-content-item pt-cv-1-col\" ><div class='pt-cv-ifield'><div class=\"pt-cv-content\"><p>Dias, A., Fonseca, C., Martins, C., Freire Ribeiro, I. (2018).<br \/>\nA educa\u00e7\u00e3o para o desenvolvimento numa colabor(a\u00e7\u00e3o) entre escolas superiores de educa\u00e7\u00e3o e uma organiza\u00e7\u00e3o da sociedade civil.<br \/>\n<em>Sinergias: di\u00e1logos educativos para a transforma\u00e7\u00e3o social, 7<\/em>, 71-81.<\/p>\n<\/div>\n<div class=\"pt-cv-meta-fields\"><span class=\"terms\"> <a href='https:\/\/events.ipv.pt\/cidei\/en\/category\/2018\/' title='2018' class='pt-cv-tax-2018'>2018<\/a>, <a href='https:\/\/events.ipv.pt\/cidei\/en\/category\/producao-cientifica\/artigos-em-revistas\/' title='Artigos em Revistas' class='pt-cv-tax-artigos-em-revistas'>Artigos em Revistas<\/a>, <a href='https:\/\/events.ipv.pt\/cidei\/en\/category\/nucleo\/guarda\/' title='Guarda' class='pt-cv-tax-guarda'>Guarda<\/a>, <a href='https:\/\/events.ipv.pt\/cidei\/en\/tag\/ilda-freire-ribeiro\/' title='Ilda Freire-Ribeiro' class='pt-cv-tax-ilda-freire-ribeiro'>Ilda Freire-Ribeiro<\/a>, <a href='https:\/\/events.ipv.pt\/cidei\/en\/category\/linha-investigacao\/politicas-educativas-didaticas-e-formacao\/' title='Pol\u00edticas Educativas Did\u00e1ticas e Forma\u00e7\u00e3o' class='pt-cv-tax-politicas-educativas-didaticas-e-formacao'>Pol\u00edticas Educativas Did\u00e1ticas e Forma\u00e7\u00e3o<\/a><\/span><\/div><\/div><\/div><\/div><\/div><\/div><\/div>\n<\/div>\n<div class=\"ast-container\" style=\"background-color: #fff;\">\n<h5 style=\"padding-top: 100px;\">PROJETOS<\/h5>\n<div class=\"pt-cv-wrapper\"><div class=\"pt-cv-view pt-cv-blockgrid iscvblock iscvhybrid grid1 layout1\" id=\"pt-cv-view-0c508b8jz3\"><div data-id=\"pt-cv-page-1\" class=\"pt-cv-page\" data-cvc=\"4\"><div class=\" pt-cv-content-item pt-cv-1-col\" ><div class=\"pt-cv-thumb-wrapper  \"><a href=\"https:\/\/dismode.eu\/\" class=\"_self pt-cv-href-thumbnail pt-cv-thumb-default\" target=\"_self\" ><img loading=\"lazy\" decoding=\"async\" width=\"800\" height=\"450\" src=\"https:\/\/events.ipv.pt\/cidei\/wp-content\/uploads\/2024\/01\/dismode.jpg\" class=\"pt-cv-thumbnail\" alt=\"\" srcset=\"https:\/\/events.ipv.pt\/cidei\/wp-content\/uploads\/2024\/01\/dismode.jpg 800w, https:\/\/events.ipv.pt\/cidei\/wp-content\/uploads\/2024\/01\/dismode-300x169.jpg 300w, https:\/\/events.ipv.pt\/cidei\/wp-content\/uploads\/2024\/01\/dismode-768x432.jpg 768w, https:\/\/events.ipv.pt\/cidei\/wp-content\/uploads\/2024\/01\/dismode-18x10.jpg 18w\" sizes=\"auto, (max-width: 800px) 100vw, 800px\" \/><\/a><\/div>\n<p class=\"pt-cv-title\"><a href=\"https:\/\/dismode.eu\/\" class=\"_self\" target=\"_self\" >2022-2-PT02-KA220-YOU-000095234 | [DISmode] Digital training for NGO&#8217;s youth workers to become disability support moderators for youth with disabilities<\/a><\/p>\n<div class=\"pt-cv-meta-fields\"><span class=\"terms\"> <a href='https:\/\/events.ipv.pt\/cidei\/en\/tag\/2023-2025\/' title='2023-2025' class='pt-cv-tax-2023-2025'>2023-2025<\/a>, <a href='https:\/\/events.ipv.pt\/cidei\/en\/category\/projeto\/competitivo\/' title='competitivo' class='pt-cv-tax-competitivo'>competitivo<\/a>, <a href='https:\/\/events.ipv.pt\/cidei\/en\/category\/estado\/concluido\/' title='concluido' class='pt-cv-tax-concluido'>concluido<\/a>, <a href='https:\/\/events.ipv.pt\/cidei\/en\/category\/nucleo\/guarda\/' title='Guarda' class='pt-cv-tax-guarda'>Guarda<\/a>, <a href='https:\/\/events.ipv.pt\/cidei\/en\/tag\/ilda-freire-ribeiro\/' title='Ilda Freire-Ribeiro' class='pt-cv-tax-ilda-freire-ribeiro'>Ilda Freire-Ribeiro<\/a>, <a href='https:\/\/events.ipv.pt\/cidei\/en\/category\/projeto\/internacional\/' title='internacional' class='pt-cv-tax-internacional'>internacional<\/a>, <a href='https:\/\/events.ipv.pt\/cidei\/en\/category\/projeto\/' title='projeto' class='pt-cv-tax-projeto'>projeto<\/a><\/span><\/div><\/div><\/div><\/div><\/div>\t\t\t<style type=\"text\/css\" id=\"pt-cv-inline-style-70d70a6871\">\n#pt-cv-view-0c508b8jz3 .pt-cv-thumb-wrapper:not(.miniwrap) {  }#pt-cv-view-0c508b8jz3 .pt-cv-thumbnail:not(.pt-cv-thumbnailsm) { height: 18vh; }#pt-cv-view-0c508b8jz3 > .pt-cv-page {grid-template-columns: repeat(4, 1fr);grid-gap: 15px;}\n@media all and (max-width: 1024px) { \n#pt-cv-view-0c508b8jz3 > .pt-cv-page {grid-template-columns: repeat(1, 1fr);}\n} \n@media all and (max-width: 767px) { \n#pt-cv-view-0c508b8jz3 > .pt-cv-page {grid-template-columns: repeat(1, 1fr);}\n} <\/style>\r\n\t\t\t\n<h6 style=\"padding-top: 50px;\">Projetos internos<\/h6>\n<div class=\"pt-cv-wrapper\"><div class=\"pt-cv-view pt-cv-blockgrid iscvblock iscvhybrid grid1 layout1\" id=\"pt-cv-view-2ce728bk78\"><div data-id=\"pt-cv-page-1\" class=\"pt-cv-page cv-npf\" data-cvc=\"4\"><div class=\" pt-cv-content-item pt-cv-1-col\" ><div class=\"pt-cv-no-post\">No posts found.<\/div><\/div><\/div><\/div><\/div>\t\t\t<style type=\"text\/css\" id=\"pt-cv-inline-style-8beaf58n79\">\n#pt-cv-view-2ce728bk78 .pt-cv-thumb-wrapper:not(.miniwrap) {  }#pt-cv-view-2ce728bk78 .pt-cv-thumbnail:not(.pt-cv-thumbnailsm) { height: 250px; }#pt-cv-view-2ce728bk78 > .pt-cv-page {grid-template-columns: repeat(4, 1fr);grid-gap: 15px;}\n@media all and (max-width: 1024px) { \n#pt-cv-view-2ce728bk78 > .pt-cv-page {grid-template-columns: repeat(1, 1fr);}\n} \n@media all and (max-width: 767px) { \n#pt-cv-view-2ce728bk78 > .pt-cv-page {grid-template-columns: repeat(1, 1fr);}\n} <\/style>\r\n\t\t\t\n<\/div>\n<\/div>\n","protected":false},"excerpt":{"rendered":"<p>Ilda Freire-Ribeiro Ilda da Purifica\u00e7\u00e3o Freire Ribeiro INSTITUTO POLIT\u00c9CNICO DE BRAGAN\u00c7A ORCID \u2022 0000-0003-1033-8614 CI\u00caNCIAVITAE \u2022 FE11-3595-39C3 PRODU\u00c7\u00c3O CIENT\u00cdFICA Abrir Todos Livros de Edi\u00e7\u00e3o Internacional Cap\u00edtulos de Livro de Edi\u00e7\u00e3o Internacional Livros de Edi\u00e7\u00e3o Nacional Cap\u00edtulos de Livro de Edi\u00e7\u00e3o Nacional Artigos em Revistas Indexadas | Scopus e\/ou WoS Artigos em Revistas PROJETOS Projetos internos<\/p>","protected":false},"author":1,"featured_media":0,"comment_status":"closed","ping_status":"closed","sticky":false,"template":"","format":"standard","meta":{"site-sidebar-layout":"default","site-content-layout":"","ast-site-content-layout":"full-width-container","site-content-style":"default","site-sidebar-style":"default","ast-global-header-display":"","ast-banner-title-visibility":"","ast-main-header-display":"","ast-hfb-above-header-display":"","ast-hfb-below-header-display":"","ast-hfb-mobile-header-display":"","site-post-title":"disabled","ast-breadcrumbs-content":"","ast-featured-img":"","footer-sml-layout":"","ast-disable-related-posts":"","theme-transparent-header-meta":"default","adv-header-id-meta":"","stick-header-meta":"","header-above-stick-meta":"","header-main-stick-meta":"","header-below-stick-meta":"","astra-migrate-meta-layouts":"set","ast-page-background-enabled":"default","ast-page-background-meta":{"desktop":{"background-color":"","background-image":"","background-repeat":"repeat","background-position":"center center","background-size":"auto","background-attachment":"scroll","background-type":"","background-media":"","overlay-type":"","overlay-color":"","overlay-opacity":"","overlay-gradient":""},"tablet":{"background-color":"","background-image":"","background-repeat":"repeat","background-position":"center center","background-size":"auto","background-attachment":"scroll","background-type":"","background-media":"","overlay-type":"","overlay-color":"","overlay-opacity":"","overlay-gradient":""},"mobile":{"background-color":"","background-image":"","background-repeat":"repeat","background-position":"center center","background-size":"auto","background-attachment":"scroll","background-type":"","background-media":"","overlay-type":"","overlay-color":"","overlay-opacity":"","overlay-gradient":""}},"ast-content-background-meta":{"desktop":{"background-color":"var(--ast-global-color-5)","background-image":"","background-repeat":"repeat","background-position":"center center","background-size":"auto","background-attachment":"scroll","background-type":"","background-media":"","overlay-type":"","overlay-color":"","overlay-opacity":"","overlay-gradient":""},"tablet":{"background-color":"var(--ast-global-color-5)","background-image":"","background-repeat":"repeat","background-position":"center center","background-size":"auto","background-attachment":"scroll","background-type":"","background-media":"","overlay-type":"","overlay-color":"","overlay-opacity":"","overlay-gradient":""},"mobile":{"background-color":"var(--ast-global-color-5)","background-image":"","background-repeat":"repeat","background-position":"center center","background-size":"auto","background-attachment":"scroll","background-type":"","background-media":"","overlay-type":"","overlay-color":"","overlay-opacity":"","overlay-gradient":""}},"footnotes":"","_links_to":"","_links_to_target":""},"categories":[1],"tags":[],"class_list":["post-10370","post","type-post","status-publish","format-standard","hentry","category-uncategorized"],"_links":{"self":[{"href":"https:\/\/events.ipv.pt\/cidei\/en\/wp-json\/wp\/v2\/posts\/10370","targetHints":{"allow":["GET"]}}],"collection":[{"href":"https:\/\/events.ipv.pt\/cidei\/en\/wp-json\/wp\/v2\/posts"}],"about":[{"href":"https:\/\/events.ipv.pt\/cidei\/en\/wp-json\/wp\/v2\/types\/post"}],"author":[{"embeddable":true,"href":"https:\/\/events.ipv.pt\/cidei\/en\/wp-json\/wp\/v2\/users\/1"}],"replies":[{"embeddable":true,"href":"https:\/\/events.ipv.pt\/cidei\/en\/wp-json\/wp\/v2\/comments?post=10370"}],"version-history":[{"count":5,"href":"https:\/\/events.ipv.pt\/cidei\/en\/wp-json\/wp\/v2\/posts\/10370\/revisions"}],"predecessor-version":[{"id":15123,"href":"https:\/\/events.ipv.pt\/cidei\/en\/wp-json\/wp\/v2\/posts\/10370\/revisions\/15123"}],"wp:attachment":[{"href":"https:\/\/events.ipv.pt\/cidei\/en\/wp-json\/wp\/v2\/media?parent=10370"}],"wp:term":[{"taxonomy":"category","embeddable":true,"href":"https:\/\/events.ipv.pt\/cidei\/en\/wp-json\/wp\/v2\/categories?post=10370"},{"taxonomy":"post_tag","embeddable":true,"href":"https:\/\/events.ipv.pt\/cidei\/en\/wp-json\/wp\/v2\/tags?post=10370"}],"curies":[{"name":"wp","href":"https:\/\/api.w.org\/{rel}","templated":true}]}}