{"id":10356,"date":"2024-03-15T11:18:54","date_gmt":"2024-03-15T11:18:54","guid":{"rendered":"http:\/\/localhost\/cidei\/?p=10356"},"modified":"2025-06-09T10:51:41","modified_gmt":"2025-06-09T10:51:41","slug":"filomena-velho","status":"publish","type":"post","link":"https:\/\/events.ipv.pt\/cidei\/en\/filomena-velho\/","title":{"rendered":"Filomena Velho"},"content":{"rendered":"<div class=\"fp-bannerCinzaL pad-200-20\" style=\"background-color: #030036; color:#fff;\">\n<div class=\"ast-container\">\n<h1 style=\"color:#fff;\">Filomena Velho<\/h1>\n<h5 style=\"color:#fff;\">Filomena de S\u00e3o Jos\u00e9 Bolota Velho<\/h5>\n<p>INSTITUTO POLIT\u00c9CNICO DA GUARDA<\/p>\n<div class=\"row_buttonInv\">\n<a class=\"bt-uid_inv\" href=\"https:\/\/orcid.org\/0000-0001-6774-7190\" target=\"_blank\">ORCID \u2022 0000-0001-6774-7190<\/a><br \/>\n<a class=\"bt-uid_inv\" href=\"https:\/\/cienciavitae.pt\/3119-5462-0C5C\" target=\"_blank\">CI\u00caNCIAVITAE \u2022 3119-5462-0C5C<\/a>\n<\/div>\n<\/div>\n<\/div>\n<div class=\"fp-bannerCinzaL pad-200-20\" style=\"background-color: #fff;\">\n<div class=\"ast-container\" style=\"background-color: #fff;\">\n<h3>SCIENTIFIC PRODUCTION<\/h3>\n<p><button class=\"toggleGroup alignright\" data-group=\"grupo1\" style=\"margin-bottom: 10px;\">Abrir Todos<\/button><\/p>\n<div class=\"tab2\">\n    <button class=\"tablinks\" data-target=\"LI\" data-group=\"grupo1\">International Edition Books<\/button><\/div>\n<div id=\"LI\" class=\"tabcontent grupo1\" data-group=\"grupo1\"><div class=\"pt-cv-wrapper\"><div class=\"pt-cv-view pt-cv-grid pt-cv-colsys\" id=\"pt-cv-view-59b103aazt\"><div data-id=\"pt-cv-page-1\" class=\"pt-cv-page cv-npf\" data-cvc=\"1\"><div class=\"col-md-12 col-sm-12 col-xs-12 pt-cv-content-item pt-cv-1-col\" ><div class='pt-cv-ifield'><div class=\"pt-cv-no-post\">No posts found.<\/div><\/div><\/div><\/div><\/div><\/div><\/div>\n<div class=\"tab2\">\n    <button class=\"tablinks\" data-target=\"CLI\" data-group=\"grupo1\">International Edition Book Chapters<\/button><\/div>\n<div id=\"CLI\" class=\"tabcontent grupo1\" data-group=\"grupo1\"><div class=\"pt-cv-wrapper\"><div class=\"pt-cv-view pt-cv-grid pt-cv-colsys\" id=\"pt-cv-view-a75cefe8j7\"><div data-id=\"pt-cv-page-1\" class=\"pt-cv-page\" data-cvc=\"1\"><div class=\"col-md-12 col-sm-12 col-xs-12 pt-cv-content-item pt-cv-1-col\" ><div class='pt-cv-ifield'><div class=\"pt-cv-content\"><p>Velho, F. (2021).<br \/>\nAs experi\u00eancias cl\u00e1ssicas de PIAGET na atualidade: A utiliza\u00e7\u00e3o das tecnologias nas crian\u00e7as influencia os resultados obtidos?.<br \/>\nIn <em>Educa\u00e7\u00e3o enquanto fen\u00f3meno social: Democracia e emancipa\u00e7\u00e3o humana 2<\/em> (pp. 89-109).<br \/>\nPonta Grossa, Brasil: Atena editores. DOI: <a href=\"https:\/\/doi.org\/10.22533\/at.ed.5362116118\" rel=\"noopener\" target=\"_blank\">10.22533\/at.ed.5362116118<\/a><\/p>\n<\/div>\n<div class=\"pt-cv-meta-fields\"><span class=\"terms\"> <a href='https:\/\/events.ipv.pt\/cidei\/en\/category\/2021\/' title='2021' class='pt-cv-tax-2021'>2021<\/a>, <a href='https:\/\/events.ipv.pt\/cidei\/en\/category\/producao-cientifica\/caplivrointernacional\/' title='International Edition Book Chapters' class='pt-cv-tax-caplivrointernacional'>International Edition Book Chapters<\/a>, <a href='https:\/\/events.ipv.pt\/cidei\/en\/tag\/filomena-velho\/' title='Filomena Velho' class='pt-cv-tax-filomena-velho'>Filomena Velho<\/a>, <a href='https:\/\/events.ipv.pt\/cidei\/en\/category\/nucleo\/guarda\/' title='Guarda' class='pt-cv-tax-guarda'>Guarda<\/a>, <a href='https:\/\/events.ipv.pt\/cidei\/en\/category\/outra\/' title='outra' class='pt-cv-tax-outra'>outra<\/a><\/span><\/div><\/div><\/div>\n<div class=\"col-md-12 col-sm-12 col-xs-12 pt-cv-content-item pt-cv-1-col\" ><div class='pt-cv-ifield'><div class=\"pt-cv-content\"><p>Brito, E. &#038; Velho, F. (2021).<br \/>\nI&#8217;m Going to School, What Now? From Pre-School to the 1st CEB: Children\u00b4s Beliefs.<br \/>\nIn\u00a0<em>Psicologia: identidade profissional e compromisso social<\/em> (Cap. 6, pp. 50-65).<br \/>\nPonta Grossa, Brasil: ATENA EDITORES. DOI: 10.22533\/at.ed.394213003<\/p>\n<\/div>\n<div class=\"pt-cv-meta-fields\"><span class=\"terms\"> <a href='https:\/\/events.ipv.pt\/cidei\/en\/category\/2021\/' title='2021' class='pt-cv-tax-2021'>2021<\/a>, <a href='https:\/\/events.ipv.pt\/cidei\/en\/category\/producao-cientifica\/caplivrointernacional\/' title='International Edition Book Chapters' class='pt-cv-tax-caplivrointernacional'>International Edition Book Chapters<\/a>, <a href='https:\/\/events.ipv.pt\/cidei\/en\/tag\/elisabete-brito\/' title='Elisabete Brito' class='pt-cv-tax-elisabete-brito'>Elisabete Brito<\/a>, <a href='https:\/\/events.ipv.pt\/cidei\/en\/tag\/filomena-velho\/' title='Filomena Velho' class='pt-cv-tax-filomena-velho'>Filomena Velho<\/a>, <a href='https:\/\/events.ipv.pt\/cidei\/en\/category\/nucleo\/guarda\/' title='Guarda' class='pt-cv-tax-guarda'>Guarda<\/a>, <a href='https:\/\/events.ipv.pt\/cidei\/en\/category\/linha-investigacao\/politicas-educativas-didaticas-e-formacao\/' title='Pol\u00edticas Educativas Did\u00e1ticas e Forma\u00e7\u00e3o' class='pt-cv-tax-politicas-educativas-didaticas-e-formacao'>Pol\u00edticas Educativas Did\u00e1ticas e Forma\u00e7\u00e3o<\/a><\/span><\/div><\/div><\/div>\n<div class=\"col-md-12 col-sm-12 col-xs-12 pt-cv-content-item pt-cv-1-col\" ><div class='pt-cv-ifield'><div class=\"pt-cv-content\"><p>Velho, F. &#038; Brito, E. (2021).<br \/>\nCren\u00e7as infantis de conce\u00e7\u00e3o e nascimento e fatores associados.<br \/>\nIn <em>A pesquisa em psicologia: Contribui\u00e7\u00f5es para o debate metodol\u00f3gico 2<\/em> (Cap. 2, pp. 217-241).<br \/>\nPonta Grossa, Brasil: Atena editores.<br \/>\nDOI: <a href=\"https:\/\/www.atenaeditora.com.br\/catalogo\/ebook\/a-pesquisa-em-psicologia-contribuicoes-para-o-debate-metodologico-2\" rel=\"noopener\" target=\"_blank\">10.22533\/at.ed.30321020920<\/a><\/p>\n<\/div>\n<div class=\"pt-cv-meta-fields\"><span class=\"terms\"> <a href='https:\/\/events.ipv.pt\/cidei\/en\/category\/2021\/' title='2021' class='pt-cv-tax-2021'>2021<\/a>, <a href='https:\/\/events.ipv.pt\/cidei\/en\/category\/producao-cientifica\/caplivrointernacional\/' title='International Edition Book Chapters' class='pt-cv-tax-caplivrointernacional'>International Edition Book Chapters<\/a>, <a href='https:\/\/events.ipv.pt\/cidei\/en\/tag\/elisabete-brito\/' title='Elisabete Brito' class='pt-cv-tax-elisabete-brito'>Elisabete Brito<\/a>, <a href='https:\/\/events.ipv.pt\/cidei\/en\/tag\/filomena-velho\/' title='Filomena Velho' class='pt-cv-tax-filomena-velho'>Filomena Velho<\/a>, <a href='https:\/\/events.ipv.pt\/cidei\/en\/category\/nucleo\/guarda\/' title='Guarda' class='pt-cv-tax-guarda'>Guarda<\/a>, <a href='https:\/\/events.ipv.pt\/cidei\/en\/category\/outra\/' title='outra' class='pt-cv-tax-outra'>outra<\/a><\/span><\/div><\/div><\/div><\/div><\/div><\/div><\/div>\n<div class=\"tab2\">\n    <button class=\"tablinks\" data-target=\"LN\" data-group=\"grupo1\">National Edition Books<\/button><\/div>\n<div id=\"LN\" class=\"tabcontent grupo1\" data-group=\"grupo1\"><div class=\"pt-cv-wrapper\"><div class=\"pt-cv-view pt-cv-grid pt-cv-colsys\" id=\"pt-cv-view-34d28a2yru\"><div data-id=\"pt-cv-page-1\" class=\"pt-cv-page cv-npf\" data-cvc=\"1\"><div class=\"col-md-12 col-sm-12 col-xs-12 pt-cv-content-item pt-cv-1-col\" ><div class='pt-cv-ifield'><div class=\"pt-cv-no-post\">No posts found.<\/div><\/div><\/div><\/div><\/div><\/div><\/div>\n<div class=\"tab2\">\n    <button class=\"tablinks\" data-target=\"CLN\" data-group=\"grupo1\">National Edition Book Chapters<\/button><\/div>\n<div id=\"CLN\" class=\"tabcontent grupo1\" data-group=\"grupo1\"><div class=\"pt-cv-wrapper\"><div class=\"pt-cv-view pt-cv-grid pt-cv-colsys\" id=\"pt-cv-view-5a79adetfa\"><div data-id=\"pt-cv-page-1\" class=\"pt-cv-page cv-npf\" data-cvc=\"1\"><div class=\"col-md-12 col-sm-12 col-xs-12 pt-cv-content-item pt-cv-1-col\" ><div class='pt-cv-ifield'><div class=\"pt-cv-no-post\">No posts found.<\/div><\/div><\/div><\/div><\/div><\/div><\/div>\n<div class=\"tab2\">\n    <button class=\"tablinks\" data-target=\"ARI\" data-group=\"grupo1\">Articles in Indexed Journals | Scopus and\/or WoS<\/button><\/div>\n<div id=\"ARI\" class=\"tabcontent grupo1\" data-group=\"grupo1\"><div class=\"pt-cv-wrapper\"><div class=\"pt-cv-view pt-cv-grid pt-cv-colsys\" id=\"pt-cv-view-e990476faj\"><div data-id=\"pt-cv-page-1\" class=\"pt-cv-page cv-npf\" data-cvc=\"1\"><div class=\"col-md-12 col-sm-12 col-xs-12 pt-cv-content-item pt-cv-1-col\" ><div class='pt-cv-ifield'><div class=\"pt-cv-no-post\">No posts found.<\/div><\/div><\/div><\/div><\/div><\/div><\/div>\n<div class=\"tab2\">\n    <button class=\"tablinks\" data-target=\"AR\" data-group=\"grupo1\">Journal Papers<\/button><\/div>\n<div id=\"AR\" class=\"tabcontent grupo1\" data-group=\"grupo1\"><div class=\"pt-cv-wrapper\"><div class=\"pt-cv-view pt-cv-grid pt-cv-colsys\" id=\"pt-cv-view-0a2a192rlx\"><div data-id=\"pt-cv-page-1\" class=\"pt-cv-page\" data-cvc=\"1\"><div class=\"col-md-12 col-sm-12 col-xs-12 pt-cv-content-item pt-cv-1-col\" ><div class='pt-cv-ifield'><div class=\"pt-cv-content\"><p>Velho, F. S. J., Ferreira, M. E. (2022).<br \/>\nCren\u00e7as infantis de gravidez e desenvolvimento intrauterino e fatores associados.<br \/>\n<em>Educa\u00e7\u00e3o Em Foco, 25<\/em>(47).<br \/>\nDOI: <a href=\"https:\/\/doi.org\/10.36704\/eef.v25i47.5765\" rel=\"noopener\" target=\"_blank\">https:\/\/doi.org\/10.36704\/eef.v25i47.5765<\/a><\/p>\n<\/div>\n<div class=\"pt-cv-meta-fields\"><span class=\"terms\"> <a href='https:\/\/events.ipv.pt\/cidei\/en\/category\/2022\/' title='2022' class='pt-cv-tax-2022'>2022<\/a>, <a href='https:\/\/events.ipv.pt\/cidei\/en\/category\/producao-cientifica\/artigos-em-revistas\/' title='Journal Papers' class='pt-cv-tax-artigos-em-revistas'>Journal Papers<\/a>, <a href='https:\/\/events.ipv.pt\/cidei\/en\/tag\/filomena-velho\/' title='Filomena Velho' class='pt-cv-tax-filomena-velho'>Filomena Velho<\/a>, <a href='https:\/\/events.ipv.pt\/cidei\/en\/category\/nucleo\/guarda\/' title='Guarda' class='pt-cv-tax-guarda'>Guarda<\/a>, <a href='https:\/\/events.ipv.pt\/cidei\/en\/tag\/maria-eduarda-ferreira\/' title='Maria Eduarda Ferreira' class='pt-cv-tax-maria-eduarda-ferreira'>Maria Eduarda Ferreira<\/a>, <a href='https:\/\/events.ipv.pt\/cidei\/en\/category\/linha-investigacao\/politicas-educativas-didaticas-e-formacao\/' title='Pol\u00edticas Educativas Did\u00e1ticas e Forma\u00e7\u00e3o' class='pt-cv-tax-politicas-educativas-didaticas-e-formacao'>Pol\u00edticas Educativas Did\u00e1ticas e Forma\u00e7\u00e3o<\/a><\/span><\/div><\/div><\/div>\n<div class=\"col-md-12 col-sm-12 col-xs-12 pt-cv-content-item pt-cv-1-col\" ><div class='pt-cv-ifield'><div class=\"pt-cv-content\"><p>Pires, A. Brito, E., Velho, F. (2020).<br \/>\nEntre o pr\u00e9-escolar e o primeiro Ciclo do Ensino B\u00e1sico: A perce\u00e7\u00e3o da crian\u00e7a.<br \/>\n<em>Revista Egitania Sciencia, 14<\/em>(Esp.), 67-83.<br \/>\nDOI: <a href=\"https:\/\/doi.org\/10.46691\/es.v0i0282\" rel=\"noopener\" target=\"_blank\">https:\/\/doi.org\/10.46691\/es.v0i0282<\/a><\/p>\n<\/div>\n<div class=\"pt-cv-meta-fields\"><span class=\"terms\"> <a href='https:\/\/events.ipv.pt\/cidei\/en\/category\/2020\/' title='2020' class='pt-cv-tax-2020'>2020<\/a>, <a href='https:\/\/events.ipv.pt\/cidei\/en\/category\/producao-cientifica\/artigos-em-revistas\/' title='Journal Papers' class='pt-cv-tax-artigos-em-revistas'>Journal Papers<\/a>, <a href='https:\/\/events.ipv.pt\/cidei\/en\/tag\/elisabete-brito\/' title='Elisabete Brito' class='pt-cv-tax-elisabete-brito'>Elisabete Brito<\/a>, <a href='https:\/\/events.ipv.pt\/cidei\/en\/tag\/filomena-velho\/' title='Filomena Velho' class='pt-cv-tax-filomena-velho'>Filomena Velho<\/a>, <a href='https:\/\/events.ipv.pt\/cidei\/en\/category\/nucleo\/guarda\/' title='Guarda' class='pt-cv-tax-guarda'>Guarda<\/a><\/span><\/div><\/div><\/div><\/div><\/div><\/div><\/div>\n<\/div>\n<div class=\"ast-container\" style=\"background-color: #fff;\">\n<h5 style=\"padding-top: 100px;\">PROJECTS<\/h5>\n<div class=\"pt-cv-wrapper\"><div class=\"pt-cv-view pt-cv-blockgrid iscvblock iscvhybrid grid1 layout1\" id=\"pt-cv-view-c1cb39bfdh\"><div data-id=\"pt-cv-page-1\" class=\"pt-cv-page\" data-cvc=\"4\"><div class=\"pt-cv-content-item pt-cv-1-col\" ><div class=\"pt-cv-thumb-wrapper\"><a href=\"https:\/\/events.ipv.pt\/cidei\/en\/conhecimento-cientifico-didatico-em-acao-na-pratica-pedagogica-formacao-de-professores-dos-primeiros-anos-membros-do-cidei-helia-pinto-ir-ana-paula-cardoso-ana-isabel-silva-antonio-r\/\" class=\"_self pt-cv-href-thumbnail pt-cv-thumb-default\" target=\"_self\" ><img loading=\"lazy\" decoding=\"async\" width=\"800\" height=\"450\" src=\"https:\/\/events.ipv.pt\/cidei\/wp-content\/uploads\/2022\/11\/maskProjetos.jpg\" class=\"pt-cv-thumbnail\" alt=\"\" srcset=\"https:\/\/events.ipv.pt\/cidei\/wp-content\/uploads\/2022\/11\/maskProjetos.jpg 800w, https:\/\/events.ipv.pt\/cidei\/wp-content\/uploads\/2022\/11\/maskProjetos-300x169.jpg 300w, https:\/\/events.ipv.pt\/cidei\/wp-content\/uploads\/2022\/11\/maskProjetos-768x432.jpg 768w, https:\/\/events.ipv.pt\/cidei\/wp-content\/uploads\/2022\/11\/maskProjetos-18x10.jpg 18w\" sizes=\"auto, (max-width: 800px) 100vw, 800px\" \/><\/a><\/div>\n<p class=\"pt-cv-title\"><a href=\"https:\/\/events.ipv.pt\/cidei\/en\/conhecimento-cientifico-didatico-em-acao-na-pratica-pedagogica-formacao-de-professores-dos-primeiros-anos-membros-do-cidei-helia-pinto-ir-ana-paula-cardoso-ana-isabel-silva-antonio-r\/\" class=\"_self\" target=\"_self\" >SCIENTIFIC\/DIDACTIC KNOWLEDGE IN ACTION IN THE PEDAGOGICAL PRACTICE \u2013 TEACHER TRAINING IN THE EARLY YEARS<\/a><\/p>\n<div class=\"pt-cv-meta-fields\"><span class=\"terms\"> <a href='https:\/\/events.ipv.pt\/cidei\/en\/tag\/2019-2021\/' title='2019-2021' class='pt-cv-tax-2019-2021'>2019-2021<\/a>, <a href='https:\/\/events.ipv.pt\/cidei\/en\/tag\/ana-isabel-silva\/' title='Ana Isabel Silva' class='pt-cv-tax-ana-isabel-silva'>Ana Isabel Silva<\/a>, <a href='https:\/\/events.ipv.pt\/cidei\/en\/tag\/ana-paula-cardoso\/' title='Ana Paula Cardoso' class='pt-cv-tax-ana-paula-cardoso'>Ana Paula Cardoso<\/a>, <a href='https:\/\/events.ipv.pt\/cidei\/en\/tag\/antonio-ribeiro\/' title='Ant\u00f3nio Ribeiro' class='pt-cv-tax-antonio-ribeiro'>Ant\u00f3nio Ribeiro<\/a>, <a href='https:\/\/events.ipv.pt\/cidei\/en\/tag\/belmiro-rego\/' title='Belmiro Rego' class='pt-cv-tax-belmiro-rego'>Belmiro Rego<\/a>, <a href='https:\/\/events.ipv.pt\/cidei\/en\/tag\/carla-lacerda\/' title='Carla Lacerda' class='pt-cv-tax-carla-lacerda'>Carla Lacerda<\/a>, <a href='https:\/\/events.ipv.pt\/cidei\/en\/tag\/clarinda-barata\/' title='Clarinda Barata' class='pt-cv-tax-clarinda-barata'>Clarinda Barata<\/a>, <a href='https:\/\/events.ipv.pt\/cidei\/en\/category\/estado\/concluido\/' title='concluded' class='pt-cv-tax-concluido'>concluded<\/a>, <a href='https:\/\/events.ipv.pt\/cidei\/en\/tag\/dulce-melao\/' title='Dulce Mel\u00e3o' class='pt-cv-tax-dulce-melao'>Dulce Mel\u00e3o<\/a>, <a href='https:\/\/events.ipv.pt\/cidei\/en\/tag\/eduarda-roque\/' title='Eduarda Roque' class='pt-cv-tax-eduarda-roque'>Eduarda Roque<\/a>, <a href='https:\/\/events.ipv.pt\/cidei\/en\/tag\/elisabete-brito\/' title='Elisabete Brito' class='pt-cv-tax-elisabete-brito'>Elisabete Brito<\/a>, <a href='https:\/\/events.ipv.pt\/cidei\/en\/tag\/filomena-velho\/' title='Filomena Velho' class='pt-cv-tax-filomena-velho'>Filomena Velho<\/a>, <a href='https:\/\/events.ipv.pt\/cidei\/en\/tag\/florbela-rodrigues\/' title='Florbela Rodrigues' class='pt-cv-tax-florbela-rodrigues'>Florbela Rodrigues<\/a>, <a href='https:\/\/events.ipv.pt\/cidei\/en\/category\/nucleo\/guarda\/' title='Guarda' class='pt-cv-tax-guarda'>Guarda<\/a>, <a href='https:\/\/events.ipv.pt\/cidei\/en\/tag\/helia-pinto\/' title='H\u00e9lia Pinto' class='pt-cv-tax-helia-pinto'>H\u00e9lia Pinto<\/a>, <a href='https:\/\/events.ipv.pt\/cidei\/en\/tag\/henrique-ramalho\/' title='Henrique Ramalho' class='pt-cv-tax-henrique-ramalho'>Henrique Ramalho<\/a>, <a href='https:\/\/events.ipv.pt\/cidei\/en\/tag\/hugo-menino\/' title='Hugo Menino' class='pt-cv-tax-hugo-menino'>Hugo Menino<\/a>, <a href='https:\/\/events.ipv.pt\/cidei\/en\/tag\/isabel-aires-de-matos\/' title='Isabel Aires de Matos' class='pt-cv-tax-isabel-aires-de-matos'>Isabel Aires de Matos<\/a>, <a href='https:\/\/events.ipv.pt\/cidei\/en\/tag\/joao-rocha\/' title='Jo\u00e3o Rocha' class='pt-cv-tax-joao-rocha'>Jo\u00e3o Rocha<\/a>, <a href='https:\/\/events.ipv.pt\/cidei\/en\/category\/nucleo\/leiria\/' title='Leiria' class='pt-cv-tax-leiria'>Leiria<\/a>, <a href='https:\/\/events.ipv.pt\/cidei\/en\/tag\/lucia-magueta\/' title='L\u00facia Magueta' class='pt-cv-tax-lucia-magueta'>L\u00facia Magueta<\/a>, <a href='https:\/\/events.ipv.pt\/cidei\/en\/tag\/luis-menezes\/' title='Lu\u00eds Menezes' class='pt-cv-tax-luis-menezes'>Lu\u00eds Menezes<\/a>, <a href='https:\/\/events.ipv.pt\/cidei\/en\/tag\/maria-de-sao-pedro\/' title='Maria de S\u00e3o Pedro' class='pt-cv-tax-maria-de-sao-pedro'>Maria de S\u00e3o Pedro<\/a>, <a href='https:\/\/events.ipv.pt\/cidei\/en\/tag\/maria-do-ceu-ribeiro\/' title='Maria do C\u00e9u Ribeiro' class='pt-cv-tax-maria-do-ceu-ribeiro'>Maria do C\u00e9u Ribeiro<\/a>, <a href='https:\/\/events.ipv.pt\/cidei\/en\/tag\/maria-jose-gamboa\/' title='Maria Jos\u00e9 Gamboa' class='pt-cv-tax-maria-jose-gamboa'>Maria Jos\u00e9 Gamboa<\/a>, <a href='https:\/\/events.ipv.pt\/cidei\/en\/tag\/maria-pacheco-figueiredo\/' title='Maria Pacheco Figueiredo' class='pt-cv-tax-maria-pacheco-figueiredo'>Maria Pacheco Figueiredo<\/a>, <a href='https:\/\/events.ipv.pt\/cidei\/en\/tag\/marina-rodrigues\/' title='Marina Rodrigues' class='pt-cv-tax-marina-rodrigues'>Marina Rodrigues<\/a>, <a href='https:\/\/events.ipv.pt\/cidei\/en\/category\/projeto\/nacional\/' title='nacional' class='pt-cv-tax-nacional'>nacional<\/a>, <a href='https:\/\/events.ipv.pt\/cidei\/en\/tag\/olga-santos\/' title='Olga Santos' class='pt-cv-tax-olga-santos'>Olga Santos<\/a>, <a href='https:\/\/events.ipv.pt\/cidei\/en\/tag\/paulo-eira\/' title='Paulo Eira' class='pt-cv-tax-paulo-eira'>Paulo Eira<\/a>, <a href='https:\/\/events.ipv.pt\/cidei\/en\/tag\/pedro-tadeu\/' title='Pedro Tadeu' class='pt-cv-tax-pedro-tadeu'>Pedro Tadeu<\/a>, <a href='https:\/\/events.ipv.pt\/cidei\/en\/category\/linha-investigacao\/politicas-educativas-didaticas-e-formacao\/' title='Pol\u00edticas Educativas Did\u00e1ticas e Forma\u00e7\u00e3o' class='pt-cv-tax-politicas-educativas-didaticas-e-formacao'>Pol\u00edticas Educativas Did\u00e1ticas e Forma\u00e7\u00e3o<\/a>, <a href='https:\/\/events.ipv.pt\/cidei\/en\/category\/projeto-interno\/' title='internal projects' class='pt-cv-tax-projeto-interno'>internal projects<\/a>, <a href='https:\/\/events.ipv.pt\/cidei\/en\/tag\/susana-reis\/' title='Susana Reis' class='pt-cv-tax-susana-reis'>Susana Reis<\/a>, <a href='https:\/\/events.ipv.pt\/cidei\/en\/category\/nucleo\/viseu\/' title='Viseu' class='pt-cv-tax-viseu'>Viseu<\/a><\/span><\/div><\/div><\/div><\/div><\/div>\t\t\t<style type=\"text\/css\" id=\"pt-cv-inline-style-758b90ffwv\">\n#pt-cv-view-c1cb39bfdh .pt-cv-thumb-wrapper:not(.miniwrap) {  }#pt-cv-view-c1cb39bfdh .pt-cv-thumbnail:not(.pt-cv-thumbnailsm) { height: 18vh; }#pt-cv-view-c1cb39bfdh > .pt-cv-page {grid-template-columns: repeat(4, 1fr);grid-gap: 15px;}\n@media all and (max-width: 1024px) { \n#pt-cv-view-c1cb39bfdh > .pt-cv-page {grid-template-columns: repeat(1, 1fr);}\n} \n@media all and (max-width: 767px) { \n#pt-cv-view-c1cb39bfdh > .pt-cv-page {grid-template-columns: repeat(1, 1fr);}\n} <\/style>\r\n\t\t\t\n<h6 style=\"padding-top: 50px;\">Internal Projects<\/h6>\n<div class=\"pt-cv-wrapper\"><div class=\"pt-cv-view pt-cv-blockgrid iscvblock iscvhybrid grid1 layout1\" id=\"pt-cv-view-9eb01655h0\"><div data-id=\"pt-cv-page-1\" class=\"pt-cv-page\" data-cvc=\"4\"><div class=\"pt-cv-content-item pt-cv-1-col\" ><p class=\"pt-cv-title\"><a href=\"https:\/\/events.ipv.pt\/cidei\/en\/conhecimento-cientifico-didatico-em-acao-na-pratica-pedagogica-formacao-de-professores-dos-primeiros-anos-membros-do-cidei-helia-pinto-ir-ana-paula-cardoso-ana-isabel-silva-antonio-r\/\" class=\"_self\" target=\"_self\" >SCIENTIFIC\/DIDACTIC KNOWLEDGE IN ACTION IN THE PEDAGOGICAL PRACTICE \u2013 TEACHER TRAINING IN THE EARLY YEARS<\/a><\/p>\n<div class=\"pt-cv-meta-fields\"><span class=\"terms\"> <a href='https:\/\/events.ipv.pt\/cidei\/en\/tag\/2019-2021\/' title='2019-2021' class='pt-cv-tax-2019-2021'>2019-2021<\/a>, <a href='https:\/\/events.ipv.pt\/cidei\/en\/tag\/ana-isabel-silva\/' title='Ana Isabel Silva' class='pt-cv-tax-ana-isabel-silva'>Ana Isabel Silva<\/a>, <a href='https:\/\/events.ipv.pt\/cidei\/en\/tag\/ana-paula-cardoso\/' title='Ana Paula Cardoso' class='pt-cv-tax-ana-paula-cardoso'>Ana Paula Cardoso<\/a>, <a href='https:\/\/events.ipv.pt\/cidei\/en\/tag\/antonio-ribeiro\/' title='Ant\u00f3nio Ribeiro' class='pt-cv-tax-antonio-ribeiro'>Ant\u00f3nio Ribeiro<\/a>, <a href='https:\/\/events.ipv.pt\/cidei\/en\/tag\/belmiro-rego\/' title='Belmiro Rego' class='pt-cv-tax-belmiro-rego'>Belmiro Rego<\/a>, <a href='https:\/\/events.ipv.pt\/cidei\/en\/tag\/carla-lacerda\/' title='Carla Lacerda' class='pt-cv-tax-carla-lacerda'>Carla Lacerda<\/a>, <a href='https:\/\/events.ipv.pt\/cidei\/en\/tag\/clarinda-barata\/' title='Clarinda Barata' class='pt-cv-tax-clarinda-barata'>Clarinda Barata<\/a>, <a href='https:\/\/events.ipv.pt\/cidei\/en\/category\/estado\/concluido\/' title='concluded' class='pt-cv-tax-concluido'>concluded<\/a>, <a href='https:\/\/events.ipv.pt\/cidei\/en\/tag\/dulce-melao\/' title='Dulce Mel\u00e3o' class='pt-cv-tax-dulce-melao'>Dulce Mel\u00e3o<\/a>, <a href='https:\/\/events.ipv.pt\/cidei\/en\/tag\/eduarda-roque\/' title='Eduarda Roque' class='pt-cv-tax-eduarda-roque'>Eduarda Roque<\/a>, <a href='https:\/\/events.ipv.pt\/cidei\/en\/tag\/elisabete-brito\/' title='Elisabete Brito' class='pt-cv-tax-elisabete-brito'>Elisabete Brito<\/a>, <a href='https:\/\/events.ipv.pt\/cidei\/en\/tag\/filomena-velho\/' title='Filomena Velho' class='pt-cv-tax-filomena-velho'>Filomena Velho<\/a>, <a href='https:\/\/events.ipv.pt\/cidei\/en\/tag\/florbela-rodrigues\/' title='Florbela Rodrigues' class='pt-cv-tax-florbela-rodrigues'>Florbela Rodrigues<\/a>, <a href='https:\/\/events.ipv.pt\/cidei\/en\/category\/nucleo\/guarda\/' title='Guarda' class='pt-cv-tax-guarda'>Guarda<\/a>, <a href='https:\/\/events.ipv.pt\/cidei\/en\/tag\/helia-pinto\/' title='H\u00e9lia Pinto' class='pt-cv-tax-helia-pinto'>H\u00e9lia Pinto<\/a>, <a href='https:\/\/events.ipv.pt\/cidei\/en\/tag\/henrique-ramalho\/' title='Henrique Ramalho' class='pt-cv-tax-henrique-ramalho'>Henrique Ramalho<\/a>, <a href='https:\/\/events.ipv.pt\/cidei\/en\/tag\/hugo-menino\/' title='Hugo Menino' class='pt-cv-tax-hugo-menino'>Hugo Menino<\/a>, <a href='https:\/\/events.ipv.pt\/cidei\/en\/tag\/isabel-aires-de-matos\/' title='Isabel Aires de Matos' class='pt-cv-tax-isabel-aires-de-matos'>Isabel Aires de Matos<\/a>, <a href='https:\/\/events.ipv.pt\/cidei\/en\/tag\/joao-rocha\/' title='Jo\u00e3o Rocha' class='pt-cv-tax-joao-rocha'>Jo\u00e3o Rocha<\/a>, <a href='https:\/\/events.ipv.pt\/cidei\/en\/category\/nucleo\/leiria\/' title='Leiria' class='pt-cv-tax-leiria'>Leiria<\/a>, <a href='https:\/\/events.ipv.pt\/cidei\/en\/tag\/lucia-magueta\/' title='L\u00facia Magueta' class='pt-cv-tax-lucia-magueta'>L\u00facia Magueta<\/a>, <a href='https:\/\/events.ipv.pt\/cidei\/en\/tag\/luis-menezes\/' title='Lu\u00eds Menezes' class='pt-cv-tax-luis-menezes'>Lu\u00eds Menezes<\/a>, <a href='https:\/\/events.ipv.pt\/cidei\/en\/tag\/maria-de-sao-pedro\/' title='Maria de S\u00e3o Pedro' class='pt-cv-tax-maria-de-sao-pedro'>Maria de S\u00e3o Pedro<\/a>, <a href='https:\/\/events.ipv.pt\/cidei\/en\/tag\/maria-do-ceu-ribeiro\/' title='Maria do C\u00e9u Ribeiro' class='pt-cv-tax-maria-do-ceu-ribeiro'>Maria do C\u00e9u Ribeiro<\/a>, <a href='https:\/\/events.ipv.pt\/cidei\/en\/tag\/maria-jose-gamboa\/' title='Maria Jos\u00e9 Gamboa' class='pt-cv-tax-maria-jose-gamboa'>Maria Jos\u00e9 Gamboa<\/a>, <a href='https:\/\/events.ipv.pt\/cidei\/en\/tag\/maria-pacheco-figueiredo\/' title='Maria Pacheco Figueiredo' class='pt-cv-tax-maria-pacheco-figueiredo'>Maria Pacheco Figueiredo<\/a>, <a href='https:\/\/events.ipv.pt\/cidei\/en\/tag\/marina-rodrigues\/' title='Marina Rodrigues' class='pt-cv-tax-marina-rodrigues'>Marina Rodrigues<\/a>, <a href='https:\/\/events.ipv.pt\/cidei\/en\/category\/projeto\/nacional\/' title='nacional' class='pt-cv-tax-nacional'>nacional<\/a>, <a href='https:\/\/events.ipv.pt\/cidei\/en\/tag\/olga-santos\/' title='Olga Santos' class='pt-cv-tax-olga-santos'>Olga Santos<\/a>, <a href='https:\/\/events.ipv.pt\/cidei\/en\/tag\/paulo-eira\/' title='Paulo Eira' class='pt-cv-tax-paulo-eira'>Paulo Eira<\/a>, <a href='https:\/\/events.ipv.pt\/cidei\/en\/tag\/pedro-tadeu\/' title='Pedro Tadeu' class='pt-cv-tax-pedro-tadeu'>Pedro Tadeu<\/a>, <a href='https:\/\/events.ipv.pt\/cidei\/en\/category\/linha-investigacao\/politicas-educativas-didaticas-e-formacao\/' title='Pol\u00edticas Educativas Did\u00e1ticas e Forma\u00e7\u00e3o' class='pt-cv-tax-politicas-educativas-didaticas-e-formacao'>Pol\u00edticas Educativas Did\u00e1ticas e Forma\u00e7\u00e3o<\/a>, <a href='https:\/\/events.ipv.pt\/cidei\/en\/category\/projeto-interno\/' title='internal projects' class='pt-cv-tax-projeto-interno'>internal projects<\/a>, <a href='https:\/\/events.ipv.pt\/cidei\/en\/tag\/susana-reis\/' title='Susana Reis' class='pt-cv-tax-susana-reis'>Susana Reis<\/a>, <a href='https:\/\/events.ipv.pt\/cidei\/en\/category\/nucleo\/viseu\/' title='Viseu' class='pt-cv-tax-viseu'>Viseu<\/a><\/span><\/div><\/div><\/div><\/div><\/div>\t\t\t<style type=\"text\/css\" id=\"pt-cv-inline-style-0b59c16d9z\">\n#pt-cv-view-9eb01655h0 .pt-cv-thumb-wrapper:not(.miniwrap) {  }#pt-cv-view-9eb01655h0 .pt-cv-thumbnail:not(.pt-cv-thumbnailsm) { height: 250px; }#pt-cv-view-9eb01655h0 > .pt-cv-page {grid-template-columns: repeat(4, 1fr);grid-gap: 15px;}\n@media all and (max-width: 1024px) { \n#pt-cv-view-9eb01655h0 > .pt-cv-page {grid-template-columns: repeat(1, 1fr);}\n} \n@media all and (max-width: 767px) { \n#pt-cv-view-9eb01655h0 > .pt-cv-page {grid-template-columns: repeat(1, 1fr);}\n} <\/style>\r\n\t\t\t<\/div>\n<\/div>","protected":false},"excerpt":{"rendered":"<p>Filomena Velho Filomena de S\u00e3o Jos\u00e9 Bolota Velho INSTITUTO POLIT\u00c9CNICO DA GUARDA ORCID \u2022 0000-0001-6774-7190 CI\u00caNCIAVITAE \u2022 3119-5462-0C5C PRODU\u00c7\u00c3O CIENT\u00cdFICA Abrir Todos Livros de Edi\u00e7\u00e3o Internacional Cap\u00edtulos de Livro de Edi\u00e7\u00e3o Internacional Livros de Edi\u00e7\u00e3o Nacional Cap\u00edtulos de Livro de Edi\u00e7\u00e3o Nacional Artigos em Revistas Indexadas | Scopus e\/ou WoS Artigos em Revistas PROJETOS Projetos [&hellip;]<\/p>\n","protected":false},"author":1,"featured_media":0,"comment_status":"closed","ping_status":"closed","sticky":false,"template":"","format":"standard","meta":{"site-sidebar-layout":"default","site-content-layout":"","ast-site-content-layout":"full-width-container","site-content-style":"default","site-sidebar-style":"default","ast-global-header-display":"","ast-banner-title-visibility":"","ast-main-header-display":"","ast-hfb-above-header-display":"","ast-hfb-below-header-display":"","ast-hfb-mobile-header-display":"","site-post-title":"disabled","ast-breadcrumbs-content":"","ast-featured-img":"","footer-sml-layout":"","ast-disable-related-posts":"","theme-transparent-header-meta":"default","adv-header-id-meta":"","stick-header-meta":"","header-above-stick-meta":"","header-main-stick-meta":"","header-below-stick-meta":"","astra-migrate-meta-layouts":"set","ast-page-background-enabled":"default","ast-page-background-meta":{"desktop":{"background-color":"","background-image":"","background-repeat":"repeat","background-position":"center center","background-size":"auto","background-attachment":"scroll","background-type":"","background-media":"","overlay-type":"","overlay-color":"","overlay-opacity":"","overlay-gradient":""},"tablet":{"background-color":"","background-image":"","background-repeat":"repeat","background-position":"center center","background-size":"auto","background-attachment":"scroll","background-type":"","background-media":"","overlay-type":"","overlay-color":"","overlay-opacity":"","overlay-gradient":""},"mobile":{"background-color":"","background-image":"","background-repeat":"repeat","background-position":"center center","background-size":"auto","background-attachment":"scroll","background-type":"","background-media":"","overlay-type":"","overlay-color":"","overlay-opacity":"","overlay-gradient":""}},"ast-content-background-meta":{"desktop":{"background-color":"var(--ast-global-color-5)","background-image":"","background-repeat":"repeat","background-position":"center center","background-size":"auto","background-attachment":"scroll","background-type":"","background-media":"","overlay-type":"","overlay-color":"","overlay-opacity":"","overlay-gradient":""},"tablet":{"background-color":"var(--ast-global-color-5)","background-image":"","background-repeat":"repeat","background-position":"center center","background-size":"auto","background-attachment":"scroll","background-type":"","background-media":"","overlay-type":"","overlay-color":"","overlay-opacity":"","overlay-gradient":""},"mobile":{"background-color":"var(--ast-global-color-5)","background-image":"","background-repeat":"repeat","background-position":"center center","background-size":"auto","background-attachment":"scroll","background-type":"","background-media":"","overlay-type":"","overlay-color":"","overlay-opacity":"","overlay-gradient":""}},"footnotes":"","_links_to":"","_links_to_target":""},"categories":[1],"tags":[],"class_list":["post-10356","post","type-post","status-publish","format-standard","hentry","category-uncategorized"],"_links":{"self":[{"href":"https:\/\/events.ipv.pt\/cidei\/en\/wp-json\/wp\/v2\/posts\/10356","targetHints":{"allow":["GET"]}}],"collection":[{"href":"https:\/\/events.ipv.pt\/cidei\/en\/wp-json\/wp\/v2\/posts"}],"about":[{"href":"https:\/\/events.ipv.pt\/cidei\/en\/wp-json\/wp\/v2\/types\/post"}],"author":[{"embeddable":true,"href":"https:\/\/events.ipv.pt\/cidei\/en\/wp-json\/wp\/v2\/users\/1"}],"replies":[{"embeddable":true,"href":"https:\/\/events.ipv.pt\/cidei\/en\/wp-json\/wp\/v2\/comments?post=10356"}],"version-history":[{"count":5,"href":"https:\/\/events.ipv.pt\/cidei\/en\/wp-json\/wp\/v2\/posts\/10356\/revisions"}],"predecessor-version":[{"id":15114,"href":"https:\/\/events.ipv.pt\/cidei\/en\/wp-json\/wp\/v2\/posts\/10356\/revisions\/15114"}],"wp:attachment":[{"href":"https:\/\/events.ipv.pt\/cidei\/en\/wp-json\/wp\/v2\/media?parent=10356"}],"wp:term":[{"taxonomy":"category","embeddable":true,"href":"https:\/\/events.ipv.pt\/cidei\/en\/wp-json\/wp\/v2\/categories?post=10356"},{"taxonomy":"post_tag","embeddable":true,"href":"https:\/\/events.ipv.pt\/cidei\/en\/wp-json\/wp\/v2\/tags?post=10356"}],"curies":[{"name":"wp","href":"https:\/\/api.w.org\/{rel}","templated":true}]}}