{"id":10350,"date":"2024-03-15T11:15:10","date_gmt":"2024-03-15T11:15:10","guid":{"rendered":"http:\/\/localhost\/cidei\/?p=10350"},"modified":"2026-02-04T14:14:33","modified_gmt":"2026-02-04T14:14:33","slug":"filipa-rodrigues","status":"publish","type":"post","link":"https:\/\/events.ipv.pt\/cidei\/en\/filipa-rodrigues\/","title":{"rendered":"Filipa Rodrigues"},"content":{"rendered":"<div class=\"panel70 bannerEquipa bgBranco espCont\">\n<div class=\"rw\">\n<div>\n<h2>Filipa Rodrigues<\/h2>\n<h4>Filipa Alexandra dos Reis Machado Rodrigues<\/h4>\n<h6>INSTITUTO POLIT\u00c9CNICO DE LEIRIA<\/h6>\n<\/div>\n<div class=\"bRow\">\n<a href=\"https:\/\/orcid.org\/0000-0002-3834-2458\" target=\"_blank\">ORCID \u2022 0000-0002-3834-2458<\/a><br \/>\n<a href=\"https:\/\/cienciavitae.pt\/5C11-C828-4DFA\" target=\"_blank\">CI\u00caNCIAVITAE \u2022 5C11-C828-4DFA<\/a>\n<\/div>\n<\/div>\n<\/div>\n<div class=\"panel bgCinzaEscuro auto-height\">\n<div class=\"dtq bgCinzaEscuro esp20\">\n<div class=\"dtqContainer esp100 fBranco espCont\">\n<div class=\"rwE\">\n<div>\n<p class=\"esp0-20\">internacionais<\/p>\n<div class=\"bRowRed bRowRedBranco\">\n<button class=\"tablinks\" data-group=\"grupo101\" data-target=\"LI\">livros<\/button><br \/>\n<button class=\"tablinks\" data-group=\"grupo101\" data-target=\"CLI\">cap\u00edtulos de livro<\/button>\n<\/div>\n<\/div>\n<div>\n<p class=\"esp0-20 espMob\">nacionais<\/p>\n<div class=\"bRowRed bRowRedBranco\">\n<button class=\"tablinks\" data-group=\"grupo101\" data-target=\"LN\">livros<\/button><br \/>\n<button class=\"tablinks\" data-group=\"grupo101\" data-target=\"CLN\">cap\u00edtulos de livro<\/button>\n<\/div>\n<\/div>\n<div>\n<p class=\"esp0-20 espMob fBranco\">artigos<\/p>\n<div class=\"bRowRed bRowRedBranco\">\n<button class=\"tablinks\" data-group=\"grupo101\" data-target=\"ARI\">SCOPUS e\/ou WoS<\/button><br \/>\n<button class=\"tablinks\" data-group=\"grupo101\" data-target=\"AR\">outras bases de indexa\u00e7\u00e3o<\/button>\n<\/div>\n<\/div>\n<\/div>\n<div style=\"margin-top: 30px;\">\n<button class=\"toggleGroup bHCz\" data-group=\"grupo101\">abrir todos<\/button>\n<\/div>\n<\/div>\n<div class=\"pad-R-100\">\n<div class=\"fCinza\">\n<div id=\"LI\" class=\"contentEquipa bgBranco esp50\" data-group=\"grupo101\">\n[internacionais] livros<br \/>\n<div class=\"pt-cv-wrapper\"><div class=\"pt-cv-view pt-cv-grid pt-cv-colsys\" id=\"pt-cv-view-d02ae2a1ks\"><div data-id=\"pt-cv-page-1\" class=\"pt-cv-page cv-npf\" data-cvc=\"1\"><div class=\"col-md-12 col-sm-12 col-xs-12 pt-cv-content-item pt-cv-1-col\" ><div class='pt-cv-ifield'><div class=\"pt-cv-no-post\">No posts found.<\/div><\/div><\/div><\/div><\/div><\/div>\n<\/div>\n<div id=\"CLI\" class=\"contentEquipa bgBranco esp50\" data-group=\"grupo101\">\n[internacionais] cap\u00edtulos de livro<br \/>\n<div class=\"pt-cv-wrapper\"><div class=\"pt-cv-view pt-cv-grid pt-cv-colsys\" id=\"pt-cv-view-b82723eljs\"><div data-id=\"pt-cv-page-1\" class=\"pt-cv-page cv-npf\" data-cvc=\"1\"><div class=\"col-md-12 col-sm-12 col-xs-12 pt-cv-content-item pt-cv-1-col\" ><div class='pt-cv-ifield'><div class=\"pt-cv-no-post\">No posts found.<\/div><\/div><\/div><\/div><\/div><\/div>\n<\/div>\n<div id=\"LN\" class=\"contentEquipa bgBranco esp50\" data-group=\"grupo101\">\n[nacionais] livros<br \/>\n<div class=\"pt-cv-wrapper\"><div class=\"pt-cv-view pt-cv-grid pt-cv-colsys\" id=\"pt-cv-view-20a9bc5n8x\"><div data-id=\"pt-cv-page-1\" class=\"pt-cv-page cv-npf\" data-cvc=\"1\"><div class=\"col-md-12 col-sm-12 col-xs-12 pt-cv-content-item pt-cv-1-col\" ><div class='pt-cv-ifield'><div class=\"pt-cv-no-post\">No posts found.<\/div><\/div><\/div><\/div><\/div><\/div>\n<\/div>\n<div id=\"CLN\" class=\"contentEquipa bgBranco esp50\" data-group=\"grupo101\">\n[nacionais] cap\u00edtulos de livro<br \/>\n<div class=\"pt-cv-wrapper\"><div class=\"pt-cv-view pt-cv-grid pt-cv-colsys\" id=\"pt-cv-view-c911d98pqw\"><div data-id=\"pt-cv-page-1\" class=\"pt-cv-page\" data-cvc=\"1\"><div class=\"col-md-12 col-sm-12 col-xs-12 pt-cv-content-item pt-cv-1-col\" ><div class='pt-cv-ifield'><div class=\"pt-cv-content\"><p>Rodrigues, F. (2025).<br \/>\nGenerative Artificial Intelligence in promoting critical and creative thinking skills in d\/Deaf students.<br \/>\nIn J. A. Lencastre, S. Ara\u00fajo, S. Cruz (Eds.), Enhancing Digital Teaching: Active Learning and Generative Artificial Intelligence, (pp. 153-159).<br \/>\nBraga: Strategic Partnership acting within the Erasmus Plus Programme.<br \/>\nRetrieved from <a href=\"https:\/\/drive.google.com\/file\/d\/1TXKSs2WFqizl1blI2VVFCRPfeygVaGdG\/view\" target=\"_blank\">https:\/\/drive.google.com\/file\/d\/1TXKSs2WFqizl1blI2VVFCRPfeygVaGdG\/view<\/a><\/p>\n<\/div>\n<div class=\"pt-cv-meta-fields\"><span class=\"terms\"> <a href='https:\/\/events.ipv.pt\/cidei\/en\/category\/2025\/' title='2025' class='pt-cv-tax-2025'>2025<\/a>, <a href='https:\/\/events.ipv.pt\/cidei\/en\/category\/producao-cientifica\/capitulos-de-livro-de-edicao-nacional\/' title='Cap\u00edtulos de Livro de Edi\u00e7\u00e3o Nacional' class='pt-cv-tax-capitulos-de-livro-de-edicao-nacional'>Cap\u00edtulos de Livro de Edi\u00e7\u00e3o Nacional<\/a>, <a href='https:\/\/events.ipv.pt\/cidei\/en\/tag\/filipa-rodrigues\/' title='Filipa Rodrigues' class='pt-cv-tax-filipa-rodrigues'>Filipa Rodrigues<\/a>, <a href='https:\/\/events.ipv.pt\/cidei\/en\/category\/nucleo\/leiria\/' title='Leiria' class='pt-cv-tax-leiria'>Leiria<\/a><\/span><\/div><\/div><\/div>\n<div class=\"col-md-12 col-sm-12 col-xs-12 pt-cv-content-item pt-cv-1-col\" ><div class='pt-cv-ifield'><div class=\"pt-cv-content\"><p>Rodrigues, F. M. (2023).<br \/>\nExpress\u00f5es Integradas: uma abordagem baseada em problemas (PBL) para a cria\u00e7\u00e3o de ambientes de ensino e aprendizagem atrav\u00e9s das artes.<br \/>\nIn Santos, G., Reis, S., Cardoso, P., Rosa, M. (Orgs) <em>Projetos de Inova\u00e7\u00e3o Pedag\u00f3gica. Skills4Future: Innovative Practices<\/em>.<br \/>\nLeiria, Portugal: Polit\u00e9cnico de Leiria<\/p>\n<\/div>\n<div class=\"pt-cv-meta-fields\"><span class=\"terms\"> <a href='https:\/\/events.ipv.pt\/cidei\/en\/category\/2023\/' title='2023' class='pt-cv-tax-2023'>2023<\/a>, <a href='https:\/\/events.ipv.pt\/cidei\/en\/category\/producao-cientifica\/capitulos-de-livro-de-edicao-nacional\/' title='Cap\u00edtulos de Livro de Edi\u00e7\u00e3o Nacional' class='pt-cv-tax-capitulos-de-livro-de-edicao-nacional'>Cap\u00edtulos de Livro de Edi\u00e7\u00e3o Nacional<\/a>, <a href='https:\/\/events.ipv.pt\/cidei\/en\/tag\/filipa-rodrigues\/' title='Filipa Rodrigues' class='pt-cv-tax-filipa-rodrigues'>Filipa Rodrigues<\/a>, <a href='https:\/\/events.ipv.pt\/cidei\/en\/category\/nucleo\/leiria\/' title='Leiria' class='pt-cv-tax-leiria'>Leiria<\/a><\/span><\/div><\/div><\/div>\n<div class=\"col-md-12 col-sm-12 col-xs-12 pt-cv-content-item pt-cv-1-col\" ><div class='pt-cv-ifield'><div class=\"pt-cv-content\"><p>Rodrigues, F., Bento, M., Fonseca, D., Coutinho, I. M., Jer\u00f3nimo, C., Lhera, T. (2021).<br \/>\n(Re)Conex\u00f5es cartografadas.<br \/>\nIn <em>2.\u00ba Caderno de Interven\u00e7\u00e3o Cultural e Educa\u00e7\u00e3o Art\u00edstica &#8211; Pensar a a\u00e7\u00e3o em investiga\u00e7\u00e3o e interven\u00e7\u00e3o art\u00edstica<\/em> (pp. 95-108).<br \/>\nLeiria, Portugal: Escola Superior de Educa\u00e7\u00e3o e Ci\u00eancias Sociais do Instituto Polit\u00e9cnico de Leiria. ISBN: 978-989-8797-69-8<\/p>\n<\/div>\n<div class=\"pt-cv-meta-fields\"><span class=\"terms\"> <a href='https:\/\/events.ipv.pt\/cidei\/en\/category\/2021\/' title='2021' class='pt-cv-tax-2021'>2021<\/a>, <a href='https:\/\/events.ipv.pt\/cidei\/en\/category\/producao-cientifica\/capitulos-de-livro-de-edicao-nacional\/' title='Cap\u00edtulos de Livro de Edi\u00e7\u00e3o Nacional' class='pt-cv-tax-capitulos-de-livro-de-edicao-nacional'>Cap\u00edtulos de Livro de Edi\u00e7\u00e3o Nacional<\/a>, <a href='https:\/\/events.ipv.pt\/cidei\/en\/tag\/filipa-rodrigues\/' title='Filipa Rodrigues' class='pt-cv-tax-filipa-rodrigues'>Filipa Rodrigues<\/a>, <a href='https:\/\/events.ipv.pt\/cidei\/en\/category\/nucleo\/leiria\/' title='Leiria' class='pt-cv-tax-leiria'>Leiria<\/a>, <a href='https:\/\/events.ipv.pt\/cidei\/en\/category\/linha-investigacao\/politicas-educativas-didaticas-e-formacao\/' title='Pol\u00edticas Educativas Did\u00e1ticas e Forma\u00e7\u00e3o' class='pt-cv-tax-politicas-educativas-didaticas-e-formacao'>Pol\u00edticas Educativas Did\u00e1ticas e Forma\u00e7\u00e3o<\/a><\/span><\/div><\/div><\/div>\n<div class=\"col-md-12 col-sm-12 col-xs-12 pt-cv-content-item pt-cv-1-col\" ><div class='pt-cv-ifield'><div class=\"pt-cv-content\"><p>Sim\u00f5es, J., Rodrigues, F. M. (2021).<br \/>\nModelo de apoio \u00e0 vida independente enquanto medida de suporte \u00e0 inclus\u00e3o de estudantes autistas no ensino superior.<br \/>\nIn Mangas, C., Sousa, J., Freire, C. (Orgs.), <em>Percursos para uma educa\u00e7\u00e3o inclusiva<\/em> (pp. 221-246).<br \/>\nCoimbra, Portugal: Almedina. ISBN: 978-972-40-9845-6<\/p>\n<\/div>\n<div class=\"pt-cv-meta-fields\"><span class=\"terms\"> <a href='https:\/\/events.ipv.pt\/cidei\/en\/category\/2021\/' title='2021' class='pt-cv-tax-2021'>2021<\/a>, <a href='https:\/\/events.ipv.pt\/cidei\/en\/category\/producao-cientifica\/capitulos-de-livro-de-edicao-nacional\/' title='Cap\u00edtulos de Livro de Edi\u00e7\u00e3o Nacional' class='pt-cv-tax-capitulos-de-livro-de-edicao-nacional'>Cap\u00edtulos de Livro de Edi\u00e7\u00e3o Nacional<\/a>, <a href='https:\/\/events.ipv.pt\/cidei\/en\/category\/linha-investigacao\/educacao-cidadania-e-inclusao\/' title='Educa\u00e7\u00e3o Cidadania e Inclus\u00e3o' class='pt-cv-tax-educacao-cidadania-e-inclusao'>Educa\u00e7\u00e3o Cidadania e Inclus\u00e3o<\/a>, <a href='https:\/\/events.ipv.pt\/cidei\/en\/tag\/filipa-rodrigues\/' title='Filipa Rodrigues' class='pt-cv-tax-filipa-rodrigues'>Filipa Rodrigues<\/a>, <a href='https:\/\/events.ipv.pt\/cidei\/en\/category\/nucleo\/leiria\/' title='Leiria' class='pt-cv-tax-leiria'>Leiria<\/a><\/span><\/div><\/div><\/div><\/div><\/div><\/div>\n<\/div>\n<div id=\"ARI\" class=\"contentEquipa bgBranco esp50\" data-group=\"grupo101\">\n[artigos] SCOPUS e\/ou WoS<br \/>\n<div class=\"pt-cv-wrapper\"><div class=\"pt-cv-view pt-cv-grid pt-cv-colsys\" id=\"pt-cv-view-41127c97gl\"><div data-id=\"pt-cv-page-1\" class=\"pt-cv-page\" data-cvc=\"1\"><div class=\"col-md-12 col-sm-12 col-xs-12 pt-cv-content-item pt-cv-1-col\" ><div class='pt-cv-ifield'><div class=\"pt-cv-content\"><p>Rodrigues, F. M., Abreu, A. M., Holmstr\u00f6m, I., Mineiro, A. (2022).<br \/>\nE-learning is a burden for the deaf and hard of hearing.<br \/>\n<em>Scientific Reports 12, 9346<\/em>(2022).<br \/>\nDOI: <a href=\"https:\/\/doi.org\/10.1038\/s41598-022-13542-1\" rel=\"noopener\" target=\"_blank\">https:\/\/doi.org\/10.1038\/s41598-022-13542-1<\/a><\/p>\n<\/div>\n<div class=\"pt-cv-meta-fields\"><span class=\"terms\"> <a href='https:\/\/events.ipv.pt\/cidei\/en\/category\/2022\/' title='2022' class='pt-cv-tax-2022'>2022<\/a>, <a href='https:\/\/events.ipv.pt\/cidei\/en\/category\/producao-cientifica\/artigos-em-revistas-indexadas-scopus-e-ou-wos\/' title='Artigos em Revistas Indexadas | Scopus e\/ou WoS' class='pt-cv-tax-artigos-em-revistas-indexadas-scopus-e-ou-wos'>Artigos em Revistas Indexadas | Scopus e\/ou WoS<\/a>, <a href='https:\/\/events.ipv.pt\/cidei\/en\/tag\/filipa-rodrigues\/' title='Filipa Rodrigues' class='pt-cv-tax-filipa-rodrigues'>Filipa Rodrigues<\/a>, <a href='https:\/\/events.ipv.pt\/cidei\/en\/category\/nucleo\/leiria\/' title='Leiria' class='pt-cv-tax-leiria'>Leiria<\/a>, <a href='https:\/\/events.ipv.pt\/cidei\/en\/category\/linha-investigacao\/politicas-educativas-didaticas-e-formacao\/' title='Pol\u00edticas Educativas Did\u00e1ticas e Forma\u00e7\u00e3o' class='pt-cv-tax-politicas-educativas-didaticas-e-formacao'>Pol\u00edticas Educativas Did\u00e1ticas e Forma\u00e7\u00e3o<\/a><\/span><\/div><\/div><\/div>\n<div class=\"col-md-12 col-sm-12 col-xs-12 pt-cv-content-item pt-cv-1-col\" ><div class='pt-cv-ifield'><div class=\"pt-cv-content\"><p>Rodrigues, F. M., Rato, J. R., Mineiro A., Holmstr\u00f6m, I. (2022).<br \/>\nUnveiling teachers\u2019 beliefs on visual cognition and learning styles of deaf and hard of hearing students: A Portuguese-Swedish study.<br \/>\n<em>PLoS ONE 17<\/em>(2), e0263216.<br \/>\nDOI: <a href=\"https:\/\/doi.org\/10.1371\/journal.pone.0263216\" rel=\"noopener\" target=\"_blank\">https:\/\/doi.org\/10.1371\/journal.pone.0263216<\/a><\/p>\n<\/div>\n<div class=\"pt-cv-meta-fields\"><span class=\"terms\"> <a href='https:\/\/events.ipv.pt\/cidei\/en\/category\/2022\/' title='2022' class='pt-cv-tax-2022'>2022<\/a>, <a href='https:\/\/events.ipv.pt\/cidei\/en\/category\/producao-cientifica\/artigos-em-revistas-indexadas-scopus-e-ou-wos\/' title='Artigos em Revistas Indexadas | Scopus e\/ou WoS' class='pt-cv-tax-artigos-em-revistas-indexadas-scopus-e-ou-wos'>Artigos em Revistas Indexadas | Scopus e\/ou WoS<\/a>, <a href='https:\/\/events.ipv.pt\/cidei\/en\/tag\/filipa-rodrigues\/' title='Filipa Rodrigues' class='pt-cv-tax-filipa-rodrigues'>Filipa Rodrigues<\/a>, <a href='https:\/\/events.ipv.pt\/cidei\/en\/category\/nucleo\/leiria\/' title='Leiria' class='pt-cv-tax-leiria'>Leiria<\/a>, <a href='https:\/\/events.ipv.pt\/cidei\/en\/category\/linha-investigacao\/politicas-educativas-didaticas-e-formacao\/' title='Pol\u00edticas Educativas Did\u00e1ticas e Forma\u00e7\u00e3o' class='pt-cv-tax-politicas-educativas-didaticas-e-formacao'>Pol\u00edticas Educativas Did\u00e1ticas e Forma\u00e7\u00e3o<\/a><\/span><\/div><\/div><\/div><\/div><\/div><\/div>\n<\/div>\n<div id=\"AR\" class=\"contentEquipa bgBranco esp50\" data-group=\"grupo101\">\n[artigos] outras bases de indexa\u00e7\u00e3o<br \/>\n<div class=\"pt-cv-wrapper\"><div class=\"pt-cv-view pt-cv-grid pt-cv-colsys\" id=\"pt-cv-view-0455a12rzy\"><div data-id=\"pt-cv-page-1\" class=\"pt-cv-page\" data-cvc=\"1\"><div class=\"col-md-12 col-sm-12 col-xs-12 pt-cv-content-item pt-cv-1-col\" ><div class='pt-cv-ifield'><div class=\"pt-cv-content\"><p>Rodrigues, F. (2024).<br \/>\nTransnarrativas e travessias entre obras: Sobre referentes, associa\u00e7\u00f5es e contamina\u00e7\u00f5es multissemi\u00f3ticas.<br \/>\n<em>Revista IMAGINAR, 70<\/em>, 44-55.<br \/>\nDOI: <a href=\"https:\/\/www.apecv.pt\/revista\/imaginar70.pdf\" target=\"_blank\">https:\/\/www.apecv.pt\/revista\/imaginar70.pdf<\/a><\/p>\n<\/div>\n<div class=\"pt-cv-meta-fields\"><span class=\"terms\"> <a href='https:\/\/events.ipv.pt\/cidei\/en\/category\/2024\/' title='2024' class='pt-cv-tax-2024'>2024<\/a>, <a href='https:\/\/events.ipv.pt\/cidei\/en\/category\/producao-cientifica\/artigos-em-revistas\/' title='Artigos em Revistas' class='pt-cv-tax-artigos-em-revistas'>Artigos em Revistas<\/a>, <a href='https:\/\/events.ipv.pt\/cidei\/en\/tag\/filipa-rodrigues\/' title='Filipa Rodrigues' class='pt-cv-tax-filipa-rodrigues'>Filipa Rodrigues<\/a>, <a href='https:\/\/events.ipv.pt\/cidei\/en\/category\/nucleo\/leiria\/' title='Leiria' class='pt-cv-tax-leiria'>Leiria<\/a><\/span><\/div><\/div><\/div>\n<div class=\"col-md-12 col-sm-12 col-xs-12 pt-cv-content-item pt-cv-1-col\" ><div class='pt-cv-ifield'><div class=\"pt-cv-content\"><p>Rodrigues, F. M. (2018).<br \/>\nAinda a inclus\u00e3o: os versus na Educa\u00e7\u00e3o Art\u00edstica.<br \/>\n<em>Revista Mat\u00e9ria-prima, 6<\/em>(2), 145-155. <\/p>\n<\/div>\n<div class=\"pt-cv-meta-fields\"><span class=\"terms\"> <a href='https:\/\/events.ipv.pt\/cidei\/en\/category\/2022\/' title='2022' class='pt-cv-tax-2022'>2022<\/a>, <a href='https:\/\/events.ipv.pt\/cidei\/en\/category\/producao-cientifica\/artigos-em-revistas\/' title='Artigos em Revistas' class='pt-cv-tax-artigos-em-revistas'>Artigos em Revistas<\/a>, <a href='https:\/\/events.ipv.pt\/cidei\/en\/category\/linha-investigacao\/educacao-cidadania-e-inclusao\/' title='Educa\u00e7\u00e3o Cidadania e Inclus\u00e3o' class='pt-cv-tax-educacao-cidadania-e-inclusao'>Educa\u00e7\u00e3o Cidadania e Inclus\u00e3o<\/a>, <a href='https:\/\/events.ipv.pt\/cidei\/en\/tag\/filipa-rodrigues\/' title='Filipa Rodrigues' class='pt-cv-tax-filipa-rodrigues'>Filipa Rodrigues<\/a>, <a href='https:\/\/events.ipv.pt\/cidei\/en\/category\/nucleo\/leiria\/' title='Leiria' class='pt-cv-tax-leiria'>Leiria<\/a><\/span><\/div><\/div><\/div><\/div><\/div><\/div>\n<\/div>\n<\/div>\n<\/div>\n<\/div>\n<\/div>\n<div class=\"panel auto-height bgBranco espCont\">\n<div class=\"ast-container esp100-0\">\n<h4>PROJETOS<\/h4>\n<h6>competitivos<\/h6>\n<div class=\"pt-cv-wrapper\"><div class=\"pt-cv-view pt-cv-blockgrid iscvblock iscvhybrid grid1 layout1\" id=\"pt-cv-view-7364d1b8u4\"><div data-id=\"pt-cv-page-1\" class=\"pt-cv-page cv-npf\" data-cvc=\"4\"><div class=\" pt-cv-content-item pt-cv-1-col\" ><div class=\"pt-cv-no-post\">No posts found.<\/div><\/div><\/div><\/div><\/div>\t\t\t<style type=\"text\/css\" id=\"pt-cv-inline-style-5ad54e79an\">\n#pt-cv-view-7364d1b8u4 .pt-cv-thumb-wrapper:not(.miniwrap) {  }#pt-cv-view-7364d1b8u4 .pt-cv-thumbnail:not(.pt-cv-thumbnailsm) { height: 18vh; }#pt-cv-view-7364d1b8u4 > .pt-cv-page {grid-template-columns: repeat(4, 1fr);grid-gap: 15px;}\n@media all and (max-width: 1024px) { \n#pt-cv-view-7364d1b8u4 > .pt-cv-page {grid-template-columns: repeat(1, 1fr);}\n} \n@media all and (max-width: 767px) { \n#pt-cv-view-7364d1b8u4 > .pt-cv-page {grid-template-columns: repeat(1, 1fr);}\n} <\/style>\r\n\t\t\t\n<h6  class=\"esp20-0\">internos<\/h6>\n<div class=\"pt-cv-wrapper\"><div class=\"pt-cv-view pt-cv-blockgrid iscvblock iscvhybrid grid1 layout1\" id=\"pt-cv-view-4fae428go9\"><div data-id=\"pt-cv-page-1\" class=\"pt-cv-page\" data-cvc=\"4\"><div class=\" pt-cv-content-item pt-cv-1-col\" ><p class=\"pt-cv-title\"><a href=\"https:\/\/events.ipv.pt\/cidei\/en\/proj-idi-cidei-015-a-inteligencia-artificial-na-promocao-de-competencias-de-pensamento-critico-e-criativo-em-alunos-surdos\/\" class=\"_self\" target=\"_self\" >PROJ\/I&#038;DI\/CI&#038;DEI\/015 |  A INTELIG\u00caNCIA ARTIFICIAL NA PROMO\u00c7\u00c3O DE COMPET\u00caNCIAS DE PENSAMENTO CR\u00cdTICO E CRIATIVO EM ALUNOS SURDOS<\/a><\/p>\n<div class=\"pt-cv-meta-fields\"><span class=\"terms\"> <a href='https:\/\/events.ipv.pt\/cidei\/en\/tag\/2024-2026\/' title='2024-2026' class='pt-cv-tax-2024-2026'>2024-2026<\/a>, <a href='https:\/\/events.ipv.pt\/cidei\/en\/tag\/ana-isabel-silva\/' title='Ana Isabel Silva' class='pt-cv-tax-ana-isabel-silva'>Ana Isabel Silva<\/a>, <a href='https:\/\/events.ipv.pt\/cidei\/en\/tag\/catarina-liane-araujo\/' title='Catarina Liane Ara\u00fajo' class='pt-cv-tax-catarina-liane-araujo'>Catarina Liane Ara\u00fajo<\/a>, <a href='https:\/\/events.ipv.pt\/cidei\/en\/category\/linha-investigacao\/educacao-cidadania-e-inclusao\/' title='Educa\u00e7\u00e3o Cidadania e Inclus\u00e3o' class='pt-cv-tax-educacao-cidadania-e-inclusao'>Educa\u00e7\u00e3o Cidadania e Inclus\u00e3o<\/a>, <a href='https:\/\/events.ipv.pt\/cidei\/en\/category\/estado\/em-curso\/' title='em curso' class='pt-cv-tax-em-curso'>em curso<\/a>, <a href='https:\/\/events.ipv.pt\/cidei\/en\/tag\/filipa-rodrigues\/' title='Filipa Rodrigues' class='pt-cv-tax-filipa-rodrigues'>Filipa Rodrigues<\/a>, <a href='https:\/\/events.ipv.pt\/cidei\/en\/category\/nucleo\/leiria\/' title='Leiria' class='pt-cv-tax-leiria'>Leiria<\/a>, <a href='https:\/\/events.ipv.pt\/cidei\/en\/tag\/marta-nogueira\/' title='Marta Nogueira' class='pt-cv-tax-marta-nogueira'>Marta Nogueira<\/a>, <a href='https:\/\/events.ipv.pt\/cidei\/en\/category\/projeto\/nacional\/' title='nacional' class='pt-cv-tax-nacional'>nacional<\/a>, <a href='https:\/\/events.ipv.pt\/cidei\/en\/category\/projeto-interno\/' title='projetos internos' class='pt-cv-tax-projeto-interno'>projetos internos<\/a>, <a href='https:\/\/events.ipv.pt\/cidei\/en\/category\/nucleo\/viseu\/' title='Viseu' class='pt-cv-tax-viseu'>Viseu<\/a><\/span><\/div><\/div><\/div><\/div><\/div>\t\t\t<style type=\"text\/css\" id=\"pt-cv-inline-style-14dcbf67ax\">\n#pt-cv-view-4fae428go9 .pt-cv-thumb-wrapper:not(.miniwrap) {  }#pt-cv-view-4fae428go9 .pt-cv-thumbnail:not(.pt-cv-thumbnailsm) { height: 250px; }#pt-cv-view-4fae428go9 > .pt-cv-page {grid-template-columns: repeat(4, 1fr);grid-gap: 15px;}\n@media all and (max-width: 1024px) { \n#pt-cv-view-4fae428go9 > .pt-cv-page {grid-template-columns: repeat(1, 1fr);}\n} \n@media all and (max-width: 767px) { \n#pt-cv-view-4fae428go9 > .pt-cv-page {grid-template-columns: repeat(1, 1fr);}\n} <\/style>\r\n\t\t\t\n<\/div>\n<\/div>\n","protected":false},"excerpt":{"rendered":"<p>Filipa Rodrigues Filipa Alexandra dos Reis Machado Rodrigues INSTITUTO POLIT\u00c9CNICO DE LEIRIA ORCID \u2022 0000-0002-3834-2458 CI\u00caNCIAVITAE \u2022 5C11-C828-4DFA internacionais livros cap\u00edtulos de livro nacionais livros cap\u00edtulos de livro artigos SCOPUS e\/ou WoS outras bases de indexa\u00e7\u00e3o abrir todos [internacionais] livros [internacionais] cap\u00edtulos de livro [nacionais] livros [nacionais] cap\u00edtulos de livro [artigos] SCOPUS e\/ou WoS [artigos] [&hellip;]<\/p>\n","protected":false},"author":1,"featured_media":0,"comment_status":"closed","ping_status":"closed","sticky":false,"template":"","format":"standard","meta":{"site-sidebar-layout":"default","site-content-layout":"","ast-site-content-layout":"full-width-container","site-content-style":"default","site-sidebar-style":"default","ast-global-header-display":"","ast-banner-title-visibility":"","ast-main-header-display":"","ast-hfb-above-header-display":"","ast-hfb-below-header-display":"","ast-hfb-mobile-header-display":"","site-post-title":"disabled","ast-breadcrumbs-content":"","ast-featured-img":"","footer-sml-layout":"","ast-disable-related-posts":"","theme-transparent-header-meta":"default","adv-header-id-meta":"","stick-header-meta":"","header-above-stick-meta":"","header-main-stick-meta":"","header-below-stick-meta":"","astra-migrate-meta-layouts":"set","ast-page-background-enabled":"default","ast-page-background-meta":{"desktop":{"background-color":"","background-image":"","background-repeat":"repeat","background-position":"center center","background-size":"auto","background-attachment":"scroll","background-type":"","background-media":"","overlay-type":"","overlay-color":"","overlay-opacity":"","overlay-gradient":""},"tablet":{"background-color":"","background-image":"","background-repeat":"repeat","background-position":"center center","background-size":"auto","background-attachment":"scroll","background-type":"","background-media":"","overlay-type":"","overlay-color":"","overlay-opacity":"","overlay-gradient":""},"mobile":{"background-color":"","background-image":"","background-repeat":"repeat","background-position":"center center","background-size":"auto","background-attachment":"scroll","background-type":"","background-media":"","overlay-type":"","overlay-color":"","overlay-opacity":"","overlay-gradient":""}},"ast-content-background-meta":{"desktop":{"background-color":"var(--ast-global-color-5)","background-image":"","background-repeat":"repeat","background-position":"center center","background-size":"auto","background-attachment":"scroll","background-type":"","background-media":"","overlay-type":"","overlay-color":"","overlay-opacity":"","overlay-gradient":""},"tablet":{"background-color":"var(--ast-global-color-5)","background-image":"","background-repeat":"repeat","background-position":"center center","background-size":"auto","background-attachment":"scroll","background-type":"","background-media":"","overlay-type":"","overlay-color":"","overlay-opacity":"","overlay-gradient":""},"mobile":{"background-color":"var(--ast-global-color-5)","background-image":"","background-repeat":"repeat","background-position":"center center","background-size":"auto","background-attachment":"scroll","background-type":"","background-media":"","overlay-type":"","overlay-color":"","overlay-opacity":"","overlay-gradient":""}},"footnotes":"","_links_to":"","_links_to_target":""},"categories":[380],"tags":[],"class_list":["post-10350","post","type-post","status-publish","format-standard","hentry","category-uncategorized-pt"],"_links":{"self":[{"href":"https:\/\/events.ipv.pt\/cidei\/en\/wp-json\/wp\/v2\/posts\/10350","targetHints":{"allow":["GET"]}}],"collection":[{"href":"https:\/\/events.ipv.pt\/cidei\/en\/wp-json\/wp\/v2\/posts"}],"about":[{"href":"https:\/\/events.ipv.pt\/cidei\/en\/wp-json\/wp\/v2\/types\/post"}],"author":[{"embeddable":true,"href":"https:\/\/events.ipv.pt\/cidei\/en\/wp-json\/wp\/v2\/users\/1"}],"replies":[{"embeddable":true,"href":"https:\/\/events.ipv.pt\/cidei\/en\/wp-json\/wp\/v2\/comments?post=10350"}],"version-history":[{"count":9,"href":"https:\/\/events.ipv.pt\/cidei\/en\/wp-json\/wp\/v2\/posts\/10350\/revisions"}],"predecessor-version":[{"id":11233,"href":"https:\/\/events.ipv.pt\/cidei\/en\/wp-json\/wp\/v2\/posts\/10350\/revisions\/11233"}],"wp:attachment":[{"href":"https:\/\/events.ipv.pt\/cidei\/en\/wp-json\/wp\/v2\/media?parent=10350"}],"wp:term":[{"taxonomy":"category","embeddable":true,"href":"https:\/\/events.ipv.pt\/cidei\/en\/wp-json\/wp\/v2\/categories?post=10350"},{"taxonomy":"post_tag","embeddable":true,"href":"https:\/\/events.ipv.pt\/cidei\/en\/wp-json\/wp\/v2\/tags?post=10350"}],"curies":[{"name":"wp","href":"https:\/\/api.w.org\/{rel}","templated":true}]}}