{"id":10326,"date":"2024-03-15T10:51:09","date_gmt":"2024-03-15T10:51:09","guid":{"rendered":"http:\/\/localhost\/cidei\/?p=10326"},"modified":"2026-02-04T14:13:38","modified_gmt":"2026-02-04T14:13:38","slug":"clarinda-barata","status":"publish","type":"post","link":"https:\/\/events.ipv.pt\/cidei\/en\/clarinda-barata\/","title":{"rendered":"Clarinda Barata"},"content":{"rendered":"<div class=\"panel70 bannerEquipa bgBranco espCont\">\n<div class=\"rw\">\n<div>\n<h2>Clarinda Barata<\/h2>\n<h4>Clarinda Lu\u00edsa Ferreira Barata<\/h4>\n<h6>INSTITUTO POLIT\u00c9CNICO DE LEIRIA<\/h6>\n<\/div>\n<div class=\"bRow\">\n<a href=\"https:\/\/orcid.org\/0000-0002-2949-808X\" target=\"_blank\">ORCID \u2022 0000-0002-2949-808X<\/a><br \/>\n<a href=\"https:\/\/cienciavitae.pt\/CC15-CDE8-8D9E\" target=\"_blank\">CI\u00caNCIAVITAE \u2022 CC15-CDE8-8D9E<\/a>\n<\/div>\n<\/div>\n<\/div>\n<div class=\"panel bgCinzaEscuro auto-height\">\n<div class=\"dtq bgCinzaEscuro esp20\">\n<div class=\"dtqContainer esp100 fBranco espCont\">\n<div class=\"rwE\">\n<div>\n<p class=\"esp0-20\">internacionais<\/p>\n<div class=\"bRowRed bRowRedBranco\">\n<button class=\"tablinks\" data-group=\"grupo101\" data-target=\"LI\">livros<\/button><br \/>\n<button class=\"tablinks\" data-group=\"grupo101\" data-target=\"CLI\">cap\u00edtulos de livro<\/button>\n<\/div>\n<\/div>\n<div>\n<p class=\"esp0-20 espMob\">nacionais<\/p>\n<div class=\"bRowRed bRowRedBranco\">\n<button class=\"tablinks\" data-group=\"grupo101\" data-target=\"LN\">livros<\/button><br \/>\n<button class=\"tablinks\" data-group=\"grupo101\" data-target=\"CLN\">cap\u00edtulos de livro<\/button>\n<\/div>\n<\/div>\n<div>\n<p class=\"esp0-20 espMob fBranco\">artigos<\/p>\n<div class=\"bRowRed bRowRedBranco\">\n<button class=\"tablinks\" data-group=\"grupo101\" data-target=\"ARI\">SCOPUS e\/ou WoS<\/button><br \/>\n<button class=\"tablinks\" data-group=\"grupo101\" data-target=\"AR\">outras bases de indexa\u00e7\u00e3o<\/button>\n<\/div>\n<\/div>\n<\/div>\n<div style=\"margin-top: 30px;\">\n<button class=\"toggleGroup bHCz\" data-group=\"grupo101\">abrir todos<\/button>\n<\/div>\n<\/div>\n<div class=\"pad-R-100\">\n<div class=\"fCinza\">\n<div id=\"LI\" class=\"contentEquipa bgBranco esp50\" data-group=\"grupo101\">\n[internacionais] livros<br \/>\n<div class=\"pt-cv-wrapper\"><div class=\"pt-cv-view pt-cv-grid pt-cv-colsys\" id=\"pt-cv-view-36a2960c5y\"><div data-id=\"pt-cv-page-1\" class=\"pt-cv-page cv-npf\" data-cvc=\"1\"><div class=\"col-md-12 col-sm-12 col-xs-12 pt-cv-content-item pt-cv-1-col\" ><div class='pt-cv-ifield'><div class=\"pt-cv-no-post\">No posts found.<\/div><\/div><\/div><\/div><\/div><\/div>\n<\/div>\n<div id=\"CLI\" class=\"contentEquipa bgBranco esp50\" data-group=\"grupo101\">\n[internacionais] cap\u00edtulos de livro<br \/>\n<div class=\"pt-cv-wrapper\"><div class=\"pt-cv-view pt-cv-grid pt-cv-colsys\" id=\"pt-cv-view-fbcbe207on\"><div data-id=\"pt-cv-page-1\" class=\"pt-cv-page cv-npf\" data-cvc=\"1\"><div class=\"col-md-12 col-sm-12 col-xs-12 pt-cv-content-item pt-cv-1-col\" ><div class='pt-cv-ifield'><div class=\"pt-cv-no-post\">No posts found.<\/div><\/div><\/div><\/div><\/div><\/div>\n<\/div>\n<div id=\"LN\" class=\"contentEquipa bgBranco esp50\" data-group=\"grupo101\">\n[nacionais] livros<br \/>\n<div class=\"pt-cv-wrapper\"><div class=\"pt-cv-view pt-cv-grid pt-cv-colsys\" id=\"pt-cv-view-80e3d6ahbw\"><div data-id=\"pt-cv-page-1\" class=\"pt-cv-page cv-npf\" data-cvc=\"1\"><div class=\"col-md-12 col-sm-12 col-xs-12 pt-cv-content-item pt-cv-1-col\" ><div class='pt-cv-ifield'><div class=\"pt-cv-no-post\">No posts found.<\/div><\/div><\/div><\/div><\/div><\/div>\n<\/div>\n<div id=\"CLN\" class=\"contentEquipa bgBranco esp50\" data-group=\"grupo101\">\n[nacionais] cap\u00edtulos de livro<br \/>\n<div class=\"pt-cv-wrapper\"><div class=\"pt-cv-view pt-cv-grid pt-cv-colsys\" id=\"pt-cv-view-f41d1dfwdj\"><div data-id=\"pt-cv-page-1\" class=\"pt-cv-page\" data-cvc=\"1\"><div class=\"col-md-12 col-sm-12 col-xs-12 pt-cv-content-item pt-cv-1-col\" ><div class='pt-cv-ifield'><div class=\"pt-cv-content\"><p>Barata, C. (2022).<br \/>\nDin\u00e2micas de professores de \u00e2mbito familiar\/intergeracional &#8211; no olhar do supervisor.<br \/>\nIn S. M. Lopes &#038; J. Sousa (Coord.), <em>O lugar da Educa\u00e7\u00e3o ao Longo da Vida &#8211; das pr\u00e1ticas e dos intervenientes num mundo em (trans)forma\u00e7\u00e3o<\/em> (pp. 43-53).<br \/>\nCoimbra, Portugal: Grupo Almedina. ISBN 978-989-40-0790-6<\/p>\n<\/div>\n<div class=\"pt-cv-meta-fields\"><span class=\"terms\"> <a href='https:\/\/events.ipv.pt\/cidei\/en\/category\/2022\/' title='2022' class='pt-cv-tax-2022'>2022<\/a>, <a href='https:\/\/events.ipv.pt\/cidei\/en\/category\/producao-cientifica\/capitulos-de-livro-de-edicao-nacional\/' title='Cap\u00edtulos de Livro de Edi\u00e7\u00e3o Nacional' class='pt-cv-tax-capitulos-de-livro-de-edicao-nacional'>Cap\u00edtulos de Livro de Edi\u00e7\u00e3o Nacional<\/a>, <a href='https:\/\/events.ipv.pt\/cidei\/en\/tag\/clarinda-barata\/' title='Clarinda Barata' class='pt-cv-tax-clarinda-barata'>Clarinda Barata<\/a>, <a href='https:\/\/events.ipv.pt\/cidei\/en\/category\/nucleo\/leiria\/' title='Leiria' class='pt-cv-tax-leiria'>Leiria<\/a>, <a href='https:\/\/events.ipv.pt\/cidei\/en\/category\/linha-investigacao\/politicas-educativas-didaticas-e-formacao\/' title='Pol\u00edticas Educativas Did\u00e1ticas e Forma\u00e7\u00e3o' class='pt-cv-tax-politicas-educativas-didaticas-e-formacao'>Pol\u00edticas Educativas Did\u00e1ticas e Forma\u00e7\u00e3o<\/a><\/span><\/div><\/div><\/div>\n<div class=\"col-md-12 col-sm-12 col-xs-12 pt-cv-content-item pt-cv-1-col\" ><div class='pt-cv-ifield'><div class=\"pt-cv-content\"><p>Barata, C., Santos, A. C. (2022).<br \/>\nAbordagem de projeto, a provoca\u00e7\u00e3o do pensamento Cri(a)ti(c)vo da crian\u00e7a.<br \/>\nIn M. Oliveira, M. Rodrigues, S. Milhano (Orgs.), <em>A voz e ag\u00eancia da crian\u00e7a \u2013 abordagem de projeto na forma\u00e7\u00e3o de educadores de inf\u00e2ncia<\/em> (pp. 123-141).<br \/>\nLeiria, Portugal: Associa\u00e7\u00e3o de Profissionais de Educa\u00e7\u00e3o de Inf\u00e2ncia &#038; Escola Superior de Educa\u00e7\u00e3o e Ci\u00eancias Sociais do Instituto Polit\u00e9cnico de Leiria.<br \/>\nISBN: 978-989-8797-83-4 <\/p>\n<\/div>\n<div class=\"pt-cv-meta-fields\"><span class=\"terms\"> <a href='https:\/\/events.ipv.pt\/cidei\/en\/category\/2022\/' title='2022' class='pt-cv-tax-2022'>2022<\/a>, <a href='https:\/\/events.ipv.pt\/cidei\/en\/category\/producao-cientifica\/capitulos-de-livro-de-edicao-nacional\/' title='Cap\u00edtulos de Livro de Edi\u00e7\u00e3o Nacional' class='pt-cv-tax-capitulos-de-livro-de-edicao-nacional'>Cap\u00edtulos de Livro de Edi\u00e7\u00e3o Nacional<\/a>, <a href='https:\/\/events.ipv.pt\/cidei\/en\/tag\/clarinda-barata\/' title='Clarinda Barata' class='pt-cv-tax-clarinda-barata'>Clarinda Barata<\/a>, <a href='https:\/\/events.ipv.pt\/cidei\/en\/category\/nucleo\/leiria\/' title='Leiria' class='pt-cv-tax-leiria'>Leiria<\/a>, <a href='https:\/\/events.ipv.pt\/cidei\/en\/category\/linha-investigacao\/politicas-educativas-didaticas-e-formacao\/' title='Pol\u00edticas Educativas Did\u00e1ticas e Forma\u00e7\u00e3o' class='pt-cv-tax-politicas-educativas-didaticas-e-formacao'>Pol\u00edticas Educativas Did\u00e1ticas e Forma\u00e7\u00e3o<\/a><\/span><\/div><\/div><\/div><\/div><\/div><\/div>\n<\/div>\n<div id=\"ARI\" class=\"contentEquipa bgBranco esp50\" data-group=\"grupo101\">\n[artigos] SCOPUS e\/ou WoS<br \/>\n<div class=\"pt-cv-wrapper\"><div class=\"pt-cv-view pt-cv-grid pt-cv-colsys\" id=\"pt-cv-view-27cfd96p6s\"><div data-id=\"pt-cv-page-1\" class=\"pt-cv-page cv-npf\" data-cvc=\"1\"><div class=\"col-md-12 col-sm-12 col-xs-12 pt-cv-content-item pt-cv-1-col\" ><div class='pt-cv-ifield'><div class=\"pt-cv-no-post\">No posts found.<\/div><\/div><\/div><\/div><\/div><\/div>\n<\/div>\n<div id=\"AR\" class=\"contentEquipa bgBranco esp50\" data-group=\"grupo101\">\n[artigos] outras bases de indexa\u00e7\u00e3o<br \/>\n<div class=\"pt-cv-wrapper\"><div class=\"pt-cv-view pt-cv-grid pt-cv-colsys\" id=\"pt-cv-view-3e3f76bgqs\"><div data-id=\"pt-cv-page-1\" class=\"pt-cv-page cv-npf\" data-cvc=\"1\"><div class=\"col-md-12 col-sm-12 col-xs-12 pt-cv-content-item pt-cv-1-col\" ><div class='pt-cv-ifield'><div class=\"pt-cv-no-post\">No posts found.<\/div><\/div><\/div><\/div><\/div><\/div>\n<\/div>\n<\/div>\n<\/div>\n<\/div>\n<\/div>\n<div class=\"panel auto-height bgBranco espCont\">\n<div class=\"ast-container esp100-0\">\n<h4>PROJETOS<\/h4>\n<h6>competitivos<\/h6>\n<div class=\"pt-cv-wrapper\"><div class=\"pt-cv-view pt-cv-blockgrid iscvblock iscvhybrid grid1 layout1\" id=\"pt-cv-view-7391b5bi0z\"><div data-id=\"pt-cv-page-1\" class=\"pt-cv-page\" data-cvc=\"4\"><div class=\" pt-cv-content-item pt-cv-1-col\" ><div class=\"pt-cv-thumb-wrapper  \"><a href=\"https:\/\/events.ipv.pt\/cidei\/en\/poci-03-33b5-fse-072070-link-me-up-1000-ideias\/\" class=\"_self pt-cv-href-thumbnail pt-cv-thumb-default\" target=\"_self\" ><img loading=\"lazy\" decoding=\"async\" width=\"800\" height=\"450\" src=\"https:\/\/events.ipv.pt\/cidei\/wp-content\/uploads\/2023\/12\/linkMeUp.jpg\" class=\"pt-cv-thumbnail\" alt=\"\" \/><\/a><\/div>\n<p class=\"pt-cv-title\"><a href=\"https:\/\/events.ipv.pt\/cidei\/en\/poci-03-33b5-fse-072070-link-me-up-1000-ideias\/\" class=\"_self\" target=\"_self\" >POCI-03-33B5-FSE-072070 | Link me up &#8211; 1000 ideias<\/a><\/p>\n<div class=\"pt-cv-meta-fields\"><span class=\"terms\"> <a href='https:\/\/events.ipv.pt\/cidei\/en\/tag\/2021-2023\/' title='2021-2023' class='pt-cv-tax-2021-2023'>2021-2023<\/a>, <a href='https:\/\/events.ipv.pt\/cidei\/en\/tag\/ana-isabel-silva\/' title='Ana Isabel Silva' class='pt-cv-tax-ana-isabel-silva'>Ana Isabel Silva<\/a>, <a href='https:\/\/events.ipv.pt\/cidei\/en\/tag\/carlos-vasconcelos\/' title='Carlos Vasconcelos' class='pt-cv-tax-carlos-vasconcelos'>Carlos Vasconcelos<\/a>, <a href='https:\/\/events.ipv.pt\/cidei\/en\/tag\/catarina-sousa\/' title='Catarina Sousa' class='pt-cv-tax-catarina-sousa'>Catarina Sousa<\/a>, <a href='https:\/\/events.ipv.pt\/cidei\/en\/tag\/clarinda-barata\/' title='Clarinda Barata' class='pt-cv-tax-clarinda-barata'>Clarinda Barata<\/a>, <a href='https:\/\/events.ipv.pt\/cidei\/en\/category\/projeto\/competitivo\/' title='competitivo' class='pt-cv-tax-competitivo'>competitivo<\/a>, <a href='https:\/\/events.ipv.pt\/cidei\/en\/category\/estado\/concluido\/' title='concluido' class='pt-cv-tax-concluido'>concluido<\/a>, <a href='https:\/\/events.ipv.pt\/cidei\/en\/category\/nucleo\/leiria\/' title='Leiria' class='pt-cv-tax-leiria'>Leiria<\/a>, <a href='https:\/\/events.ipv.pt\/cidei\/en\/tag\/lucia-magueta\/' title='L\u00facia Magueta' class='pt-cv-tax-lucia-magueta'>L\u00facia Magueta<\/a>, <a href='https:\/\/events.ipv.pt\/cidei\/en\/category\/projeto\/nacional\/' title='nacional' class='pt-cv-tax-nacional'>nacional<\/a>, <a href='https:\/\/events.ipv.pt\/cidei\/en\/category\/projeto\/' title='projeto' class='pt-cv-tax-projeto'>projeto<\/a>, <a href='https:\/\/events.ipv.pt\/cidei\/en\/tag\/rosina-fernandes\/' title='Rosina Fernandes' class='pt-cv-tax-rosina-fernandes'>Rosina Fernandes<\/a>, <a href='https:\/\/events.ipv.pt\/cidei\/en\/tag\/susana-amante\/' title='Susana Amante' class='pt-cv-tax-susana-amante'>Susana Amante<\/a>, <a href='https:\/\/events.ipv.pt\/cidei\/en\/category\/nucleo\/viseu\/' title='Viseu' class='pt-cv-tax-viseu'>Viseu<\/a><\/span><\/div><\/div>\n<div class=\" pt-cv-content-item pt-cv-1-col\" ><div class=\"pt-cv-thumb-wrapper  \"><a href=\"https:\/\/events.ipv.pt\/cidei\/en\/prolearn4all-maletas-pedagogicas-para-todos\/\" class=\"_self pt-cv-href-thumbnail pt-cv-thumb-default\" target=\"_self\" ><img loading=\"lazy\" decoding=\"async\" width=\"800\" height=\"450\" src=\"https:\/\/events.ipv.pt\/cidei\/wp-content\/uploads\/2017\/02\/proLearn4all.jpg\" class=\"pt-cv-thumbnail\" alt=\"\" \/><\/a><\/div>\n<p class=\"pt-cv-title\"><a href=\"https:\/\/events.ipv.pt\/cidei\/en\/prolearn4all-maletas-pedagogicas-para-todos\/\" class=\"_self\" target=\"_self\" >CENTRO-01-0145-FEDER-023474 | PROLEARN4ALL MALETAS PEDAG\u00d3GICAS PARA TODOS<\/a><\/p>\n<div class=\"pt-cv-meta-fields\"><span class=\"terms\"> <a href='https:\/\/events.ipv.pt\/cidei\/en\/tag\/2017-2019\/' title='2017-2019' class='pt-cv-tax-2017-2019'>2017-2019<\/a>, <a href='https:\/\/events.ipv.pt\/cidei\/en\/tag\/clarinda-barata\/' title='Clarinda Barata' class='pt-cv-tax-clarinda-barata'>Clarinda Barata<\/a>, <a href='https:\/\/events.ipv.pt\/cidei\/en\/category\/projeto\/competitivo\/' title='competitivo' class='pt-cv-tax-competitivo'>competitivo<\/a>, <a href='https:\/\/events.ipv.pt\/cidei\/en\/category\/estado\/concluido\/' title='concluido' class='pt-cv-tax-concluido'>concluido<\/a>, <a href='https:\/\/events.ipv.pt\/cidei\/en\/category\/linha-investigacao\/educacao-cidadania-e-inclusao\/' title='Educa\u00e7\u00e3o Cidadania e Inclus\u00e3o' class='pt-cv-tax-educacao-cidadania-e-inclusao'>Educa\u00e7\u00e3o Cidadania e Inclus\u00e3o<\/a>, <a href='https:\/\/events.ipv.pt\/cidei\/en\/category\/nucleo\/leiria\/' title='Leiria' class='pt-cv-tax-leiria'>Leiria<\/a>, <a href='https:\/\/events.ipv.pt\/cidei\/en\/category\/projeto\/nacional\/' title='nacional' class='pt-cv-tax-nacional'>nacional<\/a>, <a href='https:\/\/events.ipv.pt\/cidei\/en\/tag\/olga-santos\/' title='Olga Santos' class='pt-cv-tax-olga-santos'>Olga Santos<\/a>, <a href='https:\/\/events.ipv.pt\/cidei\/en\/category\/projeto\/' title='projeto' class='pt-cv-tax-projeto'>projeto<\/a><\/span><\/div><\/div><\/div><\/div><\/div>\t\t\t<style type=\"text\/css\" id=\"pt-cv-inline-style-012f588r4y\">\n#pt-cv-view-7391b5bi0z .pt-cv-thumb-wrapper:not(.miniwrap) {  }#pt-cv-view-7391b5bi0z .pt-cv-thumbnail:not(.pt-cv-thumbnailsm) { height: 18vh; }#pt-cv-view-7391b5bi0z > .pt-cv-page {grid-template-columns: repeat(4, 1fr);grid-gap: 15px;}\n@media all and (max-width: 1024px) { \n#pt-cv-view-7391b5bi0z > .pt-cv-page {grid-template-columns: repeat(1, 1fr);}\n} \n@media all and (max-width: 767px) { \n#pt-cv-view-7391b5bi0z > .pt-cv-page {grid-template-columns: repeat(1, 1fr);}\n} <\/style>\r\n\t\t\t\n<h6  class=\"esp20-0\">internos<\/h6>\n<div class=\"pt-cv-wrapper\"><div class=\"pt-cv-view pt-cv-blockgrid iscvblock iscvhybrid grid1 layout1\" id=\"pt-cv-view-eabf122s3o\"><div data-id=\"pt-cv-page-1\" class=\"pt-cv-page\" data-cvc=\"4\"><div class=\" pt-cv-content-item pt-cv-1-col\" ><p class=\"pt-cv-title\"><a href=\"https:\/\/events.ipv.pt\/cidei\/en\/conhecimento-cientifico-didatico-em-acao-na-pratica-pedagogica-formacao-de-professores-dos-primeiros-anos-membros-do-cidei-helia-pinto-ir-ana-paula-cardoso-ana-isabel-silva-antonio-r\/\" class=\"_self\" target=\"_self\" >CONHECIMENTO CIENT\u00cdFICO\/DID\u00c1TICO EM A\u00c7\u00c3O NA PR\u00c1TICA PEDAG\u00d3GICA \u2013 FORMA\u00c7\u00c3O DE PROFESSORES DOS PRIMEIROS ANOS<\/a><\/p>\n<div class=\"pt-cv-meta-fields\"><span class=\"terms\"> <a href='https:\/\/events.ipv.pt\/cidei\/en\/tag\/2019-2021\/' title='2019-2021' class='pt-cv-tax-2019-2021'>2019-2021<\/a>, <a href='https:\/\/events.ipv.pt\/cidei\/en\/tag\/ana-isabel-silva\/' title='Ana Isabel Silva' class='pt-cv-tax-ana-isabel-silva'>Ana Isabel Silva<\/a>, <a href='https:\/\/events.ipv.pt\/cidei\/en\/tag\/ana-paula-cardoso\/' title='Ana Paula Cardoso' class='pt-cv-tax-ana-paula-cardoso'>Ana Paula Cardoso<\/a>, <a href='https:\/\/events.ipv.pt\/cidei\/en\/tag\/antonio-ribeiro\/' title='Ant\u00f3nio Ribeiro' class='pt-cv-tax-antonio-ribeiro'>Ant\u00f3nio Ribeiro<\/a>, <a href='https:\/\/events.ipv.pt\/cidei\/en\/tag\/belmiro-rego\/' title='Belmiro Rego' class='pt-cv-tax-belmiro-rego'>Belmiro Rego<\/a>, <a href='https:\/\/events.ipv.pt\/cidei\/en\/tag\/carla-lacerda\/' title='Carla Lacerda' class='pt-cv-tax-carla-lacerda'>Carla Lacerda<\/a>, <a href='https:\/\/events.ipv.pt\/cidei\/en\/tag\/clarinda-barata\/' title='Clarinda Barata' class='pt-cv-tax-clarinda-barata'>Clarinda Barata<\/a>, <a href='https:\/\/events.ipv.pt\/cidei\/en\/category\/estado\/concluido\/' title='concluido' class='pt-cv-tax-concluido'>concluido<\/a>, <a href='https:\/\/events.ipv.pt\/cidei\/en\/tag\/dulce-melao\/' title='Dulce Mel\u00e3o' class='pt-cv-tax-dulce-melao'>Dulce Mel\u00e3o<\/a>, <a href='https:\/\/events.ipv.pt\/cidei\/en\/tag\/eduarda-roque\/' title='Eduarda Roque' class='pt-cv-tax-eduarda-roque'>Eduarda Roque<\/a>, <a href='https:\/\/events.ipv.pt\/cidei\/en\/tag\/elisabete-brito\/' title='Elisabete Brito' class='pt-cv-tax-elisabete-brito'>Elisabete Brito<\/a>, <a href='https:\/\/events.ipv.pt\/cidei\/en\/tag\/filomena-velho\/' title='Filomena Velho' class='pt-cv-tax-filomena-velho'>Filomena Velho<\/a>, <a href='https:\/\/events.ipv.pt\/cidei\/en\/tag\/florbela-rodrigues\/' title='Florbela Rodrigues' class='pt-cv-tax-florbela-rodrigues'>Florbela Rodrigues<\/a>, <a href='https:\/\/events.ipv.pt\/cidei\/en\/category\/nucleo\/guarda\/' title='Guarda' class='pt-cv-tax-guarda'>Guarda<\/a>, <a href='https:\/\/events.ipv.pt\/cidei\/en\/tag\/helia-pinto\/' title='H\u00e9lia Pinto' class='pt-cv-tax-helia-pinto'>H\u00e9lia Pinto<\/a>, <a href='https:\/\/events.ipv.pt\/cidei\/en\/tag\/henrique-ramalho\/' title='Henrique Ramalho' class='pt-cv-tax-henrique-ramalho'>Henrique Ramalho<\/a>, <a href='https:\/\/events.ipv.pt\/cidei\/en\/tag\/hugo-menino\/' title='Hugo Menino' class='pt-cv-tax-hugo-menino'>Hugo Menino<\/a>, <a href='https:\/\/events.ipv.pt\/cidei\/en\/tag\/isabel-aires-de-matos\/' title='Isabel Aires de Matos' class='pt-cv-tax-isabel-aires-de-matos'>Isabel Aires de Matos<\/a>, <a href='https:\/\/events.ipv.pt\/cidei\/en\/tag\/joao-rocha\/' title='Jo\u00e3o Rocha' class='pt-cv-tax-joao-rocha'>Jo\u00e3o Rocha<\/a>, <a href='https:\/\/events.ipv.pt\/cidei\/en\/category\/nucleo\/leiria\/' title='Leiria' class='pt-cv-tax-leiria'>Leiria<\/a>, <a href='https:\/\/events.ipv.pt\/cidei\/en\/tag\/lucia-magueta\/' title='L\u00facia Magueta' class='pt-cv-tax-lucia-magueta'>L\u00facia Magueta<\/a>, <a href='https:\/\/events.ipv.pt\/cidei\/en\/tag\/luis-menezes\/' title='Lu\u00eds Menezes' class='pt-cv-tax-luis-menezes'>Lu\u00eds Menezes<\/a>, <a href='https:\/\/events.ipv.pt\/cidei\/en\/tag\/maria-de-sao-pedro\/' title='Maria de S\u00e3o Pedro' class='pt-cv-tax-maria-de-sao-pedro'>Maria de S\u00e3o Pedro<\/a>, <a href='https:\/\/events.ipv.pt\/cidei\/en\/tag\/maria-do-ceu-ribeiro\/' title='Maria do C\u00e9u Ribeiro' class='pt-cv-tax-maria-do-ceu-ribeiro'>Maria do C\u00e9u Ribeiro<\/a>, <a href='https:\/\/events.ipv.pt\/cidei\/en\/tag\/maria-jose-gamboa\/' title='Maria Jos\u00e9 Gamboa' class='pt-cv-tax-maria-jose-gamboa'>Maria Jos\u00e9 Gamboa<\/a>, <a href='https:\/\/events.ipv.pt\/cidei\/en\/tag\/maria-pacheco-figueiredo\/' title='Maria Pacheco Figueiredo' class='pt-cv-tax-maria-pacheco-figueiredo'>Maria Pacheco Figueiredo<\/a>, <a href='https:\/\/events.ipv.pt\/cidei\/en\/tag\/marina-rodrigues\/' title='Marina Rodrigues' class='pt-cv-tax-marina-rodrigues'>Marina Rodrigues<\/a>, <a href='https:\/\/events.ipv.pt\/cidei\/en\/category\/projeto\/nacional\/' title='nacional' class='pt-cv-tax-nacional'>nacional<\/a>, <a href='https:\/\/events.ipv.pt\/cidei\/en\/tag\/olga-santos\/' title='Olga Santos' class='pt-cv-tax-olga-santos'>Olga Santos<\/a>, <a href='https:\/\/events.ipv.pt\/cidei\/en\/tag\/paulo-eira\/' title='Paulo Eira' class='pt-cv-tax-paulo-eira'>Paulo Eira<\/a>, <a href='https:\/\/events.ipv.pt\/cidei\/en\/tag\/pedro-tadeu\/' title='Pedro Tadeu' class='pt-cv-tax-pedro-tadeu'>Pedro Tadeu<\/a>, <a href='https:\/\/events.ipv.pt\/cidei\/en\/category\/linha-investigacao\/politicas-educativas-didaticas-e-formacao\/' title='Pol\u00edticas Educativas Did\u00e1ticas e Forma\u00e7\u00e3o' class='pt-cv-tax-politicas-educativas-didaticas-e-formacao'>Pol\u00edticas Educativas Did\u00e1ticas e Forma\u00e7\u00e3o<\/a>, <a href='https:\/\/events.ipv.pt\/cidei\/en\/category\/projeto-interno\/' title='projetos internos' class='pt-cv-tax-projeto-interno'>projetos internos<\/a>, <a href='https:\/\/events.ipv.pt\/cidei\/en\/tag\/susana-reis\/' title='Susana Reis' class='pt-cv-tax-susana-reis'>Susana Reis<\/a>, <a href='https:\/\/events.ipv.pt\/cidei\/en\/category\/nucleo\/viseu\/' title='Viseu' class='pt-cv-tax-viseu'>Viseu<\/a><\/span><\/div><\/div><\/div><\/div><\/div>\t\t\t<style type=\"text\/css\" id=\"pt-cv-inline-style-837daa4vz6\">\n#pt-cv-view-eabf122s3o .pt-cv-thumb-wrapper:not(.miniwrap) {  }#pt-cv-view-eabf122s3o .pt-cv-thumbnail:not(.pt-cv-thumbnailsm) { height: 250px; }#pt-cv-view-eabf122s3o > .pt-cv-page {grid-template-columns: repeat(4, 1fr);grid-gap: 15px;}\n@media all and (max-width: 1024px) { \n#pt-cv-view-eabf122s3o > .pt-cv-page {grid-template-columns: repeat(1, 1fr);}\n} \n@media all and (max-width: 767px) { \n#pt-cv-view-eabf122s3o > .pt-cv-page {grid-template-columns: repeat(1, 1fr);}\n} <\/style>\r\n\t\t\t\n<\/div>\n<\/div>\n","protected":false},"excerpt":{"rendered":"<p>Clarinda Barata Clarinda Lu\u00edsa Ferreira Barata INSTITUTO POLIT\u00c9CNICO DE LEIRIA ORCID \u2022 0000-0002-2949-808X CI\u00caNCIAVITAE \u2022 CC15-CDE8-8D9E internacionais livros cap\u00edtulos de livro nacionais livros cap\u00edtulos de livro artigos SCOPUS e\/ou WoS outras bases de indexa\u00e7\u00e3o abrir todos [internacionais] livros [internacionais] cap\u00edtulos de livro [nacionais] livros [nacionais] cap\u00edtulos de livro [artigos] SCOPUS e\/ou WoS [artigos] outras bases [&hellip;]<\/p>\n","protected":false},"author":1,"featured_media":0,"comment_status":"closed","ping_status":"closed","sticky":false,"template":"","format":"standard","meta":{"site-sidebar-layout":"default","site-content-layout":"","ast-site-content-layout":"full-width-container","site-content-style":"default","site-sidebar-style":"default","ast-global-header-display":"","ast-banner-title-visibility":"","ast-main-header-display":"","ast-hfb-above-header-display":"","ast-hfb-below-header-display":"","ast-hfb-mobile-header-display":"","site-post-title":"disabled","ast-breadcrumbs-content":"","ast-featured-img":"","footer-sml-layout":"","ast-disable-related-posts":"","theme-transparent-header-meta":"default","adv-header-id-meta":"","stick-header-meta":"","header-above-stick-meta":"","header-main-stick-meta":"","header-below-stick-meta":"","astra-migrate-meta-layouts":"set","ast-page-background-enabled":"default","ast-page-background-meta":{"desktop":{"background-color":"","background-image":"","background-repeat":"repeat","background-position":"center center","background-size":"auto","background-attachment":"scroll","background-type":"","background-media":"","overlay-type":"","overlay-color":"","overlay-opacity":"","overlay-gradient":""},"tablet":{"background-color":"","background-image":"","background-repeat":"repeat","background-position":"center center","background-size":"auto","background-attachment":"scroll","background-type":"","background-media":"","overlay-type":"","overlay-color":"","overlay-opacity":"","overlay-gradient":""},"mobile":{"background-color":"","background-image":"","background-repeat":"repeat","background-position":"center center","background-size":"auto","background-attachment":"scroll","background-type":"","background-media":"","overlay-type":"","overlay-color":"","overlay-opacity":"","overlay-gradient":""}},"ast-content-background-meta":{"desktop":{"background-color":"var(--ast-global-color-5)","background-image":"","background-repeat":"repeat","background-position":"center center","background-size":"auto","background-attachment":"scroll","background-type":"","background-media":"","overlay-type":"","overlay-color":"","overlay-opacity":"","overlay-gradient":""},"tablet":{"background-color":"var(--ast-global-color-5)","background-image":"","background-repeat":"repeat","background-position":"center center","background-size":"auto","background-attachment":"scroll","background-type":"","background-media":"","overlay-type":"","overlay-color":"","overlay-opacity":"","overlay-gradient":""},"mobile":{"background-color":"var(--ast-global-color-5)","background-image":"","background-repeat":"repeat","background-position":"center center","background-size":"auto","background-attachment":"scroll","background-type":"","background-media":"","overlay-type":"","overlay-color":"","overlay-opacity":"","overlay-gradient":""}},"footnotes":"","_links_to":"","_links_to_target":""},"categories":[380],"tags":[],"class_list":["post-10326","post","type-post","status-publish","format-standard","hentry","category-uncategorized-pt"],"_links":{"self":[{"href":"https:\/\/events.ipv.pt\/cidei\/en\/wp-json\/wp\/v2\/posts\/10326","targetHints":{"allow":["GET"]}}],"collection":[{"href":"https:\/\/events.ipv.pt\/cidei\/en\/wp-json\/wp\/v2\/posts"}],"about":[{"href":"https:\/\/events.ipv.pt\/cidei\/en\/wp-json\/wp\/v2\/types\/post"}],"author":[{"embeddable":true,"href":"https:\/\/events.ipv.pt\/cidei\/en\/wp-json\/wp\/v2\/users\/1"}],"replies":[{"embeddable":true,"href":"https:\/\/events.ipv.pt\/cidei\/en\/wp-json\/wp\/v2\/comments?post=10326"}],"version-history":[{"count":9,"href":"https:\/\/events.ipv.pt\/cidei\/en\/wp-json\/wp\/v2\/posts\/10326\/revisions"}],"predecessor-version":[{"id":11236,"href":"https:\/\/events.ipv.pt\/cidei\/en\/wp-json\/wp\/v2\/posts\/10326\/revisions\/11236"}],"wp:attachment":[{"href":"https:\/\/events.ipv.pt\/cidei\/en\/wp-json\/wp\/v2\/media?parent=10326"}],"wp:term":[{"taxonomy":"category","embeddable":true,"href":"https:\/\/events.ipv.pt\/cidei\/en\/wp-json\/wp\/v2\/categories?post=10326"},{"taxonomy":"post_tag","embeddable":true,"href":"https:\/\/events.ipv.pt\/cidei\/en\/wp-json\/wp\/v2\/tags?post=10326"}],"curies":[{"name":"wp","href":"https:\/\/api.w.org\/{rel}","templated":true}]}}