{"id":747,"count":3,"description":"","link":"https:\/\/events.ipv.pt\/cidei\/en\/category\/gestao\/investigador-responsavel-instituicao\/","name":"investigador respons\u00e1vel institui\u00e7\u00e3o","slug":"investigador-responsavel-instituicao","taxonomy":"category","parent":752,"meta":[],"_links":{"self":[{"href":"https:\/\/events.ipv.pt\/cidei\/en\/wp-json\/wp\/v2\/categories\/747","targetHints":{"allow":["GET"]}}],"collection":[{"href":"https:\/\/events.ipv.pt\/cidei\/en\/wp-json\/wp\/v2\/categories"}],"about":[{"href":"https:\/\/events.ipv.pt\/cidei\/en\/wp-json\/wp\/v2\/taxonomies\/category"}],"up":[{"embeddable":true,"href":"https:\/\/events.ipv.pt\/cidei\/en\/wp-json\/wp\/v2\/categories\/752"}],"wp:post_type":[{"href":"https:\/\/events.ipv.pt\/cidei\/en\/wp-json\/wp\/v2\/posts?categories=747"}],"curies":[{"name":"wp","href":"https:\/\/api.w.org\/{rel}","templated":true}]}}