{"id":205,"count":24,"description":"","link":"https:\/\/events.ipv.pt\/cidei\/en\/category\/linha-investigacao\/i_tic-e-multimedia-na-educacao\/","name":"i_TIC e Multim\u00e9dia na Educa\u00e7\u00e3o","slug":"i_tic-e-multimedia-na-educacao","taxonomy":"category","parent":183,"meta":[],"_links":{"self":[{"href":"https:\/\/events.ipv.pt\/cidei\/en\/wp-json\/wp\/v2\/categories\/205","targetHints":{"allow":["GET"]}}],"collection":[{"href":"https:\/\/events.ipv.pt\/cidei\/en\/wp-json\/wp\/v2\/categories"}],"about":[{"href":"https:\/\/events.ipv.pt\/cidei\/en\/wp-json\/wp\/v2\/taxonomies\/category"}],"up":[{"embeddable":true,"href":"https:\/\/events.ipv.pt\/cidei\/en\/wp-json\/wp\/v2\/categories\/183"}],"wp:post_type":[{"href":"https:\/\/events.ipv.pt\/cidei\/en\/wp-json\/wp\/v2\/posts?categories=205"}],"curies":[{"name":"wp","href":"https:\/\/api.w.org\/{rel}","templated":true}]}}