{"id":557,"date":"2021-03-11T16:24:18","date_gmt":"2021-03-11T16:24:18","guid":{"rendered":"http:\/\/127.0.0.1\/cernas\/?p=557"},"modified":"2025-11-17T13:52:12","modified_gmt":"2025-11-17T13:52:12","slug":"curso-de-formacao-continua-casos-de-investigacao-s4as","status":"publish","type":"post","link":"https:\/\/events.ipv.pt\/cernas\/pt\/curso-de-formacao-continua-casos-de-investigacao-s4as\/","title":{"rendered":"Curso de forma\u00e7\u00e3o cont\u00ednua: Casos de Investiga\u00e7\u00e3o SR4As"},"content":{"rendered":"<div class=\"ast-container\">\n<h4 style=\"color: #537c3a;\">Curso de forma\u00e7\u00e3o cont\u00ednua:<br \/>Casos de Investiga\u00e7\u00e3o SR4As<\/h4>\n<h5>em associa\u00e7\u00e3o CERNAS-ESAV<\/h5>\n<p>O objetivo gen\u00e9rico deste curso \u00e9 fornecer aos formandos compet\u00eancias para realizar e comunicar eficientemente investiga\u00e7\u00e3o aplicada em \u00e1reas da esfera da ESAV, enquanto institui\u00e7\u00e3o de ensino, e do CERNAS, enquanto centro de investiga\u00e7\u00e3o.<br \/>\n<a class=\"bt_quad\" href=\"\/cernas\/wp-content\/uploads\/curso\/curso_SR4As_at1.pdf\" rel=\"noopener noreferrer\" target=\"_blank\">mais informa\u00e7\u00e3o<\/a> <a class=\"bt_quad\" href=\"\/cernas\/wp-content\/uploads\/curso\/Reg_curso_SR4As_at1.pdf\" rel=\"noopener noreferrer\" target=\"_blank\">regulamento<\/a><\/p>\n<p>As candidaturas s\u00e3o apresentadas nos servi\u00e7os Acad\u00e9micos da ESAV, mediante impresso pr\u00f3prio.<br \/>\n<a class=\"bt_quad\" href=\"\/cernas\/wp-content\/uploads\/curso\/form_cand_curso_SR4As_at1.doc\" rel=\"noopener noreferrer\" target=\"_blank\">formul\u00e1rio de candidatura<\/a> <a class=\"bt_quad\" href=\"\/cernas\/wp-content\/uploads\/curso\/pl_invest_curso_SR4As_at1.zip\" rel=\"noopener noreferrer\" target=\"_blank\">planos de investiga\u00e7\u00e3o<\/a><\/p>\n<\/div>\n","protected":false},"excerpt":{"rendered":"<p>Curso de forma\u00e7\u00e3o cont\u00ednua:Casos de Investiga\u00e7\u00e3o SR4As em associa\u00e7\u00e3o CERNAS-ESAV O objetivo gen\u00e9rico deste curso \u00e9 fornecer aos formandos compet\u00eancias para realizar e comunicar eficientemente investiga\u00e7\u00e3o aplicada em \u00e1reas da esfera da ESAV, enquanto institui\u00e7\u00e3o de ensino, e do CERNAS, enquanto centro de investiga\u00e7\u00e3o. mais informa\u00e7\u00e3o regulamento As candidaturas s\u00e3o apresentadas nos servi\u00e7os Acad\u00e9micos da [&hellip;]<\/p>\n","protected":false},"author":1,"featured_media":0,"comment_status":"closed","ping_status":"open","sticky":false,"template":"","format":"standard","meta":{"site-sidebar-layout":"default","site-content-layout":"default","ast-site-content-layout":"default","site-content-style":"default","site-sidebar-style":"default","ast-global-header-display":"","ast-banner-title-visibility":"","ast-main-header-display":"","ast-hfb-above-header-display":"","ast-hfb-below-header-display":"","ast-hfb-mobile-header-display":"","site-post-title":"disabled","ast-breadcrumbs-content":"disabled","ast-featured-img":"","footer-sml-layout":"","ast-disable-related-posts":"","theme-transparent-header-meta":"default","adv-header-id-meta":"","stick-header-meta":"","header-above-stick-meta":"","header-main-stick-meta":"","header-below-stick-meta":"","astra-migrate-meta-layouts":"set","ast-page-background-enabled":"default","ast-page-background-meta":{"desktop":{"background-color":"","background-image":"","background-repeat":"repeat","background-position":"center center","background-size":"auto","background-attachment":"scroll","background-type":"","background-media":"","overlay-type":"","overlay-color":"","overlay-opacity":"","overlay-gradient":""},"tablet":{"background-color":"","background-image":"","background-repeat":"repeat","background-position":"center center","background-size":"auto","background-attachment":"scroll","background-type":"","background-media":"","overlay-type":"","overlay-color":"","overlay-opacity":"","overlay-gradient":""},"mobile":{"background-color":"","background-image":"","background-repeat":"repeat","background-position":"center center","background-size":"auto","background-attachment":"scroll","background-type":"","background-media":"","overlay-type":"","overlay-color":"","overlay-opacity":"","overlay-gradient":""}},"ast-content-background-meta":{"desktop":{"background-color":"var(--ast-global-color-5)","background-image":"","background-repeat":"repeat","background-position":"center center","background-size":"auto","background-attachment":"scroll","background-type":"","background-media":"","overlay-type":"","overlay-color":"","overlay-opacity":"","overlay-gradient":""},"tablet":{"background-color":"var(--ast-global-color-5)","background-image":"","background-repeat":"repeat","background-position":"center center","background-size":"auto","background-attachment":"scroll","background-type":"","background-media":"","overlay-type":"","overlay-color":"","overlay-opacity":"","overlay-gradient":""},"mobile":{"background-color":"var(--ast-global-color-5)","background-image":"","background-repeat":"repeat","background-position":"center center","background-size":"auto","background-attachment":"scroll","background-type":"","background-media":"","overlay-type":"","overlay-color":"","overlay-opacity":"","overlay-gradient":""}},"footnotes":""},"categories":[12],"tags":[],"class_list":["post-557","post","type-post","status-publish","format-standard","hentry","category-cursos"],"yoast_head":"<!-- This site is optimized with the Yoast SEO plugin v27.5 - https:\/\/yoast.com\/product\/yoast-seo-wordpress\/ -->\r\n<title>Curso de forma\u00e7\u00e3o cont\u00ednua: Casos de Investiga\u00e7\u00e3o SR4As &#8226; CERNAS - IPV<\/title>\r\n<meta name=\"robots\" content=\"noindex, follow\" \/>\r\n<meta property=\"og:locale\" content=\"pt_PT\" \/>\r\n<meta property=\"og:type\" content=\"article\" \/>\r\n<meta property=\"og:title\" content=\"Curso de forma\u00e7\u00e3o cont\u00ednua: Casos de Investiga\u00e7\u00e3o SR4As &#8226; CERNAS - IPV\" \/>\r\n<meta property=\"og:description\" content=\"Curso de forma\u00e7\u00e3o cont\u00ednua:Casos de Investiga\u00e7\u00e3o SR4As em associa\u00e7\u00e3o CERNAS-ESAV O objetivo gen\u00e9rico deste curso \u00e9 fornecer aos formandos compet\u00eancias para realizar e comunicar eficientemente investiga\u00e7\u00e3o aplicada em \u00e1reas da esfera da ESAV, enquanto institui\u00e7\u00e3o de ensino, e do CERNAS, enquanto centro de investiga\u00e7\u00e3o. mais informa\u00e7\u00e3o regulamento As candidaturas s\u00e3o apresentadas nos servi\u00e7os Acad\u00e9micos da [&hellip;]\" \/>\r\n<meta property=\"og:url\" content=\"https:\/\/events.ipv.pt\/cernas\/pt\/curso-de-formacao-continua-casos-de-investigacao-s4as\/\" \/>\r\n<meta property=\"og:site_name\" content=\"CERNAS - IPV\" \/>\r\n<meta property=\"article:published_time\" content=\"2021-03-11T16:24:18+00:00\" \/>\r\n<meta property=\"article:modified_time\" content=\"2025-11-17T13:52:12+00:00\" \/>\r\n<meta name=\"author\" content=\"cristina\" \/>\r\n<meta name=\"twitter:card\" content=\"summary_large_image\" \/>\r\n<meta name=\"twitter:label1\" content=\"Escrito por\" \/>\n\t<meta name=\"twitter:data1\" content=\"cristina\" \/>\n\t<meta name=\"twitter:label2\" content=\"Tempo estimado de leitura\" \/>\n\t<meta name=\"twitter:data2\" content=\"1 minuto\" \/>\r\n<script type=\"application\/ld+json\" class=\"yoast-schema-graph\">{\"@context\":\"https:\\\/\\\/schema.org\",\"@graph\":[{\"@type\":\"Article\",\"@id\":\"https:\\\/\\\/events.ipv.pt\\\/cernas\\\/curso-de-formacao-continua-casos-de-investigacao-s4as\\\/#article\",\"isPartOf\":{\"@id\":\"https:\\\/\\\/events.ipv.pt\\\/cernas\\\/curso-de-formacao-continua-casos-de-investigacao-s4as\\\/\"},\"author\":{\"name\":\"cristina\",\"@id\":\"https:\\\/\\\/events.ipv.pt\\\/cernas\\\/pt\\\/#\\\/schema\\\/person\\\/a4f2196b39cc86065f614febd531befb\"},\"headline\":\"Curso de forma\u00e7\u00e3o cont\u00ednua: Casos de Investiga\u00e7\u00e3o SR4As\",\"datePublished\":\"2021-03-11T16:24:18+00:00\",\"dateModified\":\"2025-11-17T13:52:12+00:00\",\"mainEntityOfPage\":{\"@id\":\"https:\\\/\\\/events.ipv.pt\\\/cernas\\\/curso-de-formacao-continua-casos-de-investigacao-s4as\\\/\"},\"wordCount\":94,\"publisher\":{\"@id\":\"https:\\\/\\\/events.ipv.pt\\\/cernas\\\/pt\\\/#organization\"},\"articleSection\":[\"cursos\"],\"inLanguage\":\"pt-PT\"},{\"@type\":\"WebPage\",\"@id\":\"https:\\\/\\\/events.ipv.pt\\\/cernas\\\/curso-de-formacao-continua-casos-de-investigacao-s4as\\\/\",\"url\":\"https:\\\/\\\/events.ipv.pt\\\/cernas\\\/curso-de-formacao-continua-casos-de-investigacao-s4as\\\/\",\"name\":\"Curso de forma\u00e7\u00e3o cont\u00ednua: Casos de Investiga\u00e7\u00e3o SR4As &#8226; CERNAS - IPV\",\"isPartOf\":{\"@id\":\"https:\\\/\\\/events.ipv.pt\\\/cernas\\\/pt\\\/#website\"},\"datePublished\":\"2021-03-11T16:24:18+00:00\",\"dateModified\":\"2025-11-17T13:52:12+00:00\",\"breadcrumb\":{\"@id\":\"https:\\\/\\\/events.ipv.pt\\\/cernas\\\/curso-de-formacao-continua-casos-de-investigacao-s4as\\\/#breadcrumb\"},\"inLanguage\":\"pt-PT\",\"potentialAction\":[{\"@type\":\"ReadAction\",\"target\":[\"https:\\\/\\\/events.ipv.pt\\\/cernas\\\/curso-de-formacao-continua-casos-de-investigacao-s4as\\\/\"]}]},{\"@type\":\"BreadcrumbList\",\"@id\":\"https:\\\/\\\/events.ipv.pt\\\/cernas\\\/curso-de-formacao-continua-casos-de-investigacao-s4as\\\/#breadcrumb\",\"itemListElement\":[{\"@type\":\"ListItem\",\"position\":1,\"name\":\"Home\",\"item\":\"https:\\\/\\\/events.ipv.pt\\\/cernas\\\/\"},{\"@type\":\"ListItem\",\"position\":2,\"name\":\"Curso de forma\u00e7\u00e3o cont\u00ednua: Casos de Investiga\u00e7\u00e3o SR4As\"}]},{\"@type\":\"WebSite\",\"@id\":\"https:\\\/\\\/events.ipv.pt\\\/cernas\\\/pt\\\/#website\",\"url\":\"https:\\\/\\\/events.ipv.pt\\\/cernas\\\/pt\\\/\",\"name\":\"CERNAS-IPV | Centro de Estudos de Recursos Naturais, Ambiente e Sociedade\",\"description\":\"\",\"publisher\":{\"@id\":\"https:\\\/\\\/events.ipv.pt\\\/cernas\\\/pt\\\/#organization\"},\"potentialAction\":[{\"@type\":\"SearchAction\",\"target\":{\"@type\":\"EntryPoint\",\"urlTemplate\":\"https:\\\/\\\/events.ipv.pt\\\/cernas\\\/pt\\\/?s={search_term_string}\"},\"query-input\":{\"@type\":\"PropertyValueSpecification\",\"valueRequired\":true,\"valueName\":\"search_term_string\"}}],\"inLanguage\":\"pt-PT\"},{\"@type\":\"Organization\",\"@id\":\"https:\\\/\\\/events.ipv.pt\\\/cernas\\\/pt\\\/#organization\",\"name\":\"Instituto Polit\u00e9cnico de Viseu\",\"url\":\"https:\\\/\\\/events.ipv.pt\\\/cernas\\\/pt\\\/\",\"logo\":{\"@type\":\"ImageObject\",\"inLanguage\":\"pt-PT\",\"@id\":\"https:\\\/\\\/events.ipv.pt\\\/cernas\\\/pt\\\/#\\\/schema\\\/logo\\\/image\\\/\",\"url\":\"http:\\\/\\\/127.0.0.1\\\/cernas\\\/wp-content\\\/uploads\\\/2021\\\/03\\\/logo_pv.png\",\"contentUrl\":\"http:\\\/\\\/127.0.0.1\\\/cernas\\\/wp-content\\\/uploads\\\/2021\\\/03\\\/logo_pv.png\",\"width\":4205,\"height\":1108,\"caption\":\"Instituto Polit\u00e9cnico de Viseu\"},\"image\":{\"@id\":\"https:\\\/\\\/events.ipv.pt\\\/cernas\\\/pt\\\/#\\\/schema\\\/logo\\\/image\\\/\"}},{\"@type\":\"Person\",\"@id\":\"https:\\\/\\\/events.ipv.pt\\\/cernas\\\/pt\\\/#\\\/schema\\\/person\\\/a4f2196b39cc86065f614febd531befb\",\"name\":\"cristina\",\"image\":{\"@type\":\"ImageObject\",\"inLanguage\":\"pt-PT\",\"@id\":\"https:\\\/\\\/secure.gravatar.com\\\/avatar\\\/2195ec5194a145ca5d2c2ad965aa08b0d72d7d4157da345cccfeaa221a984952?s=96&d=mm&r=g\",\"url\":\"https:\\\/\\\/secure.gravatar.com\\\/avatar\\\/2195ec5194a145ca5d2c2ad965aa08b0d72d7d4157da345cccfeaa221a984952?s=96&d=mm&r=g\",\"contentUrl\":\"https:\\\/\\\/secure.gravatar.com\\\/avatar\\\/2195ec5194a145ca5d2c2ad965aa08b0d72d7d4157da345cccfeaa221a984952?s=96&d=mm&r=g\",\"caption\":\"cristina\"},\"sameAs\":[\"http:\\\/\\\/localhost\\\/cernas\"]}]}<\/script>\r\n<!-- \/ Yoast SEO plugin. -->","yoast_head_json":{"title":"Curso de forma\u00e7\u00e3o cont\u00ednua: Casos de Investiga\u00e7\u00e3o SR4As &#8226; CERNAS - IPV","robots":{"index":"noindex","follow":"follow"},"og_locale":"pt_PT","og_type":"article","og_title":"Curso de forma\u00e7\u00e3o cont\u00ednua: Casos de Investiga\u00e7\u00e3o SR4As &#8226; CERNAS - IPV","og_description":"Curso de forma\u00e7\u00e3o cont\u00ednua:Casos de Investiga\u00e7\u00e3o SR4As em associa\u00e7\u00e3o CERNAS-ESAV O objetivo gen\u00e9rico deste curso \u00e9 fornecer aos formandos compet\u00eancias para realizar e comunicar eficientemente investiga\u00e7\u00e3o aplicada em \u00e1reas da esfera da ESAV, enquanto institui\u00e7\u00e3o de ensino, e do CERNAS, enquanto centro de investiga\u00e7\u00e3o. mais informa\u00e7\u00e3o regulamento As candidaturas s\u00e3o apresentadas nos servi\u00e7os Acad\u00e9micos da [&hellip;]","og_url":"https:\/\/events.ipv.pt\/cernas\/pt\/curso-de-formacao-continua-casos-de-investigacao-s4as\/","og_site_name":"CERNAS - IPV","article_published_time":"2021-03-11T16:24:18+00:00","article_modified_time":"2025-11-17T13:52:12+00:00","author":"cristina","twitter_card":"summary_large_image","twitter_misc":{"Escrito por":"cristina","Tempo estimado de leitura":"1 minuto"},"schema":{"@context":"https:\/\/schema.org","@graph":[{"@type":"Article","@id":"https:\/\/events.ipv.pt\/cernas\/curso-de-formacao-continua-casos-de-investigacao-s4as\/#article","isPartOf":{"@id":"https:\/\/events.ipv.pt\/cernas\/curso-de-formacao-continua-casos-de-investigacao-s4as\/"},"author":{"name":"cristina","@id":"https:\/\/events.ipv.pt\/cernas\/pt\/#\/schema\/person\/a4f2196b39cc86065f614febd531befb"},"headline":"Curso de forma\u00e7\u00e3o cont\u00ednua: Casos de Investiga\u00e7\u00e3o SR4As","datePublished":"2021-03-11T16:24:18+00:00","dateModified":"2025-11-17T13:52:12+00:00","mainEntityOfPage":{"@id":"https:\/\/events.ipv.pt\/cernas\/curso-de-formacao-continua-casos-de-investigacao-s4as\/"},"wordCount":94,"publisher":{"@id":"https:\/\/events.ipv.pt\/cernas\/pt\/#organization"},"articleSection":["cursos"],"inLanguage":"pt-PT"},{"@type":"WebPage","@id":"https:\/\/events.ipv.pt\/cernas\/curso-de-formacao-continua-casos-de-investigacao-s4as\/","url":"https:\/\/events.ipv.pt\/cernas\/curso-de-formacao-continua-casos-de-investigacao-s4as\/","name":"Curso de forma\u00e7\u00e3o cont\u00ednua: Casos de Investiga\u00e7\u00e3o SR4As &#8226; CERNAS - IPV","isPartOf":{"@id":"https:\/\/events.ipv.pt\/cernas\/pt\/#website"},"datePublished":"2021-03-11T16:24:18+00:00","dateModified":"2025-11-17T13:52:12+00:00","breadcrumb":{"@id":"https:\/\/events.ipv.pt\/cernas\/curso-de-formacao-continua-casos-de-investigacao-s4as\/#breadcrumb"},"inLanguage":"pt-PT","potentialAction":[{"@type":"ReadAction","target":["https:\/\/events.ipv.pt\/cernas\/curso-de-formacao-continua-casos-de-investigacao-s4as\/"]}]},{"@type":"BreadcrumbList","@id":"https:\/\/events.ipv.pt\/cernas\/curso-de-formacao-continua-casos-de-investigacao-s4as\/#breadcrumb","itemListElement":[{"@type":"ListItem","position":1,"name":"Home","item":"https:\/\/events.ipv.pt\/cernas\/"},{"@type":"ListItem","position":2,"name":"Curso de forma\u00e7\u00e3o cont\u00ednua: Casos de Investiga\u00e7\u00e3o SR4As"}]},{"@type":"WebSite","@id":"https:\/\/events.ipv.pt\/cernas\/pt\/#website","url":"https:\/\/events.ipv.pt\/cernas\/pt\/","name":"CERNAS-IPV | Centro de Estudos de Recursos Naturais, Ambiente e Sociedade","description":"","publisher":{"@id":"https:\/\/events.ipv.pt\/cernas\/pt\/#organization"},"potentialAction":[{"@type":"SearchAction","target":{"@type":"EntryPoint","urlTemplate":"https:\/\/events.ipv.pt\/cernas\/pt\/?s={search_term_string}"},"query-input":{"@type":"PropertyValueSpecification","valueRequired":true,"valueName":"search_term_string"}}],"inLanguage":"pt-PT"},{"@type":"Organization","@id":"https:\/\/events.ipv.pt\/cernas\/pt\/#organization","name":"Instituto Polit\u00e9cnico de Viseu","url":"https:\/\/events.ipv.pt\/cernas\/pt\/","logo":{"@type":"ImageObject","inLanguage":"pt-PT","@id":"https:\/\/events.ipv.pt\/cernas\/pt\/#\/schema\/logo\/image\/","url":"http:\/\/127.0.0.1\/cernas\/wp-content\/uploads\/2021\/03\/logo_pv.png","contentUrl":"http:\/\/127.0.0.1\/cernas\/wp-content\/uploads\/2021\/03\/logo_pv.png","width":4205,"height":1108,"caption":"Instituto Polit\u00e9cnico de Viseu"},"image":{"@id":"https:\/\/events.ipv.pt\/cernas\/pt\/#\/schema\/logo\/image\/"}},{"@type":"Person","@id":"https:\/\/events.ipv.pt\/cernas\/pt\/#\/schema\/person\/a4f2196b39cc86065f614febd531befb","name":"cristina","image":{"@type":"ImageObject","inLanguage":"pt-PT","@id":"https:\/\/secure.gravatar.com\/avatar\/2195ec5194a145ca5d2c2ad965aa08b0d72d7d4157da345cccfeaa221a984952?s=96&d=mm&r=g","url":"https:\/\/secure.gravatar.com\/avatar\/2195ec5194a145ca5d2c2ad965aa08b0d72d7d4157da345cccfeaa221a984952?s=96&d=mm&r=g","contentUrl":"https:\/\/secure.gravatar.com\/avatar\/2195ec5194a145ca5d2c2ad965aa08b0d72d7d4157da345cccfeaa221a984952?s=96&d=mm&r=g","caption":"cristina"},"sameAs":["http:\/\/localhost\/cernas"]}]}},"_links":{"self":[{"href":"https:\/\/events.ipv.pt\/cernas\/pt\/wp-json\/wp\/v2\/posts\/557","targetHints":{"allow":["GET"]}}],"collection":[{"href":"https:\/\/events.ipv.pt\/cernas\/pt\/wp-json\/wp\/v2\/posts"}],"about":[{"href":"https:\/\/events.ipv.pt\/cernas\/pt\/wp-json\/wp\/v2\/types\/post"}],"author":[{"embeddable":true,"href":"https:\/\/events.ipv.pt\/cernas\/pt\/wp-json\/wp\/v2\/users\/1"}],"replies":[{"embeddable":true,"href":"https:\/\/events.ipv.pt\/cernas\/pt\/wp-json\/wp\/v2\/comments?post=557"}],"version-history":[{"count":22,"href":"https:\/\/events.ipv.pt\/cernas\/pt\/wp-json\/wp\/v2\/posts\/557\/revisions"}],"predecessor-version":[{"id":3402,"href":"https:\/\/events.ipv.pt\/cernas\/pt\/wp-json\/wp\/v2\/posts\/557\/revisions\/3402"}],"wp:attachment":[{"href":"https:\/\/events.ipv.pt\/cernas\/pt\/wp-json\/wp\/v2\/media?parent=557"}],"wp:term":[{"taxonomy":"category","embeddable":true,"href":"https:\/\/events.ipv.pt\/cernas\/pt\/wp-json\/wp\/v2\/categories?post=557"},{"taxonomy":"post_tag","embeddable":true,"href":"https:\/\/events.ipv.pt\/cernas\/pt\/wp-json\/wp\/v2\/tags?post=557"}],"curies":[{"name":"wp","href":"https:\/\/api.w.org\/{rel}","templated":true}]}}