{"id":5065,"date":"2025-04-20T15:09:27","date_gmt":"2025-04-20T15:09:27","guid":{"rendered":"https:\/\/events.ipv.pt\/cernas\/?p=5065"},"modified":"2026-04-20T15:16:11","modified_gmt":"2026-04-20T15:16:11","slug":"the-interplay-between-body-mass-index-motivation-for-food-consumption-and-noncommunicable-diseases-in-the-european-population-a-cross-sectional-study","status":"publish","type":"post","link":"https:\/\/events.ipv.pt\/cernas\/pt\/the-interplay-between-body-mass-index-motivation-for-food-consumption-and-noncommunicable-diseases-in-the-european-population-a-cross-sectional-study\/","title":{"rendered":"The interplay between body mass index, motivation for food consumption, and noncommunicable diseases in the European population: A cross-sectional study"},"content":{"rendered":"<p>Ljubi\u010di\u0107 M, Matek Sari\u0107 M, Sori\u0107 T, Sari\u0107 A, Klarin I, D\u017eelalija B, Medi\u0107 A, Dilber I, Rumbak I, Ranilovi\u0107 J, Papageorgiou M, Sz\u0171cs V, Vittadini E, Klava D, Mu\u00f1oz LF, Korzeniowska M, Tarcea M, Djeki\u0107 I, Bizjak MC, Guin\u00e9 R. (2025)<br \/>\nThe interplay between body mass index, motivation for food consumption, and noncommunicable diseases in the European population: A cross-sectional study.<br \/>\nPLOS ONE, 20(5): e0322454 (21 pp.).<br \/>\n<a href=\"https:\/\/journals.plos.org\/plosone\/article?id=10.1371\/journal.pone.0322454\" target=\"_blank\">https:\/\/journals.plos.org\/plosone\/article?id=10.1371\/journal.pone.0322454<\/a><\/p>\n","protected":false},"excerpt":{"rendered":"<p>Ljubi\u010di\u0107 M, Matek Sari\u0107 M, Sori\u0107 T, Sari\u0107 A, Klarin I, D\u017eelalija B, Medi\u0107 A, Dilber I, Rumbak I, Ranilovi\u0107 J, Papageorgiou M, Sz\u0171cs V, Vittadini E, Klava D, Mu\u00f1oz LF, Korzeniowska M, Tarcea M, Djeki\u0107 I, Bizjak MC, Guin\u00e9 R. (2025) The interplay between body mass index, motivation for food consumption, and noncommunicable diseases [&hellip;]<\/p>\n","protected":false},"author":1,"featured_media":0,"comment_status":"closed","ping_status":"open","sticky":false,"template":"","format":"standard","meta":{"site-sidebar-layout":"default","site-content-layout":"","ast-site-content-layout":"default","site-content-style":"default","site-sidebar-style":"default","ast-global-header-display":"","ast-banner-title-visibility":"","ast-main-header-display":"","ast-hfb-above-header-display":"","ast-hfb-below-header-display":"","ast-hfb-mobile-header-display":"","site-post-title":"","ast-breadcrumbs-content":"","ast-featured-img":"","footer-sml-layout":"","ast-disable-related-posts":"","theme-transparent-header-meta":"default","adv-header-id-meta":"","stick-header-meta":"","header-above-stick-meta":"","header-main-stick-meta":"","header-below-stick-meta":"","astra-migrate-meta-layouts":"set","ast-page-background-enabled":"default","ast-page-background-meta":{"desktop":{"background-color":"","background-image":"","background-repeat":"repeat","background-position":"center center","background-size":"auto","background-attachment":"scroll","background-type":"","background-media":"","overlay-type":"","overlay-color":"","overlay-opacity":"","overlay-gradient":""},"tablet":{"background-color":"","background-image":"","background-repeat":"repeat","background-position":"center center","background-size":"auto","background-attachment":"scroll","background-type":"","background-media":"","overlay-type":"","overlay-color":"","overlay-opacity":"","overlay-gradient":""},"mobile":{"background-color":"","background-image":"","background-repeat":"repeat","background-position":"center center","background-size":"auto","background-attachment":"scroll","background-type":"","background-media":"","overlay-type":"","overlay-color":"","overlay-opacity":"","overlay-gradient":""}},"ast-content-background-meta":{"desktop":{"background-color":"var(--ast-global-color-5)","background-image":"","background-repeat":"repeat","background-position":"center center","background-size":"auto","background-attachment":"scroll","background-type":"","background-media":"","overlay-type":"","overlay-color":"","overlay-opacity":"","overlay-gradient":""},"tablet":{"background-color":"var(--ast-global-color-5)","background-image":"","background-repeat":"repeat","background-position":"center center","background-size":"auto","background-attachment":"scroll","background-type":"","background-media":"","overlay-type":"","overlay-color":"","overlay-opacity":"","overlay-gradient":""},"mobile":{"background-color":"var(--ast-global-color-5)","background-image":"","background-repeat":"repeat","background-position":"center center","background-size":"auto","background-attachment":"scroll","background-type":"","background-media":"","overlay-type":"","overlay-color":"","overlay-opacity":"","overlay-gradient":""}},"footnotes":""},"categories":[81,69],"tags":[34],"class_list":["post-5065","post","type-post","status-publish","format-standard","hentry","category-81","category-artigo-cientifico","tag-raquel-guine"],"yoast_head":"<!-- This site is optimized with the Yoast SEO plugin v27.5 - https:\/\/yoast.com\/product\/yoast-seo-wordpress\/ -->\r\n<title>The interplay between body mass index, motivation for food consumption, and noncommunicable diseases in the European population: A cross-sectional study &#8226; CERNAS - IPV<\/title>\r\n<meta name=\"robots\" content=\"noindex, follow\" \/>\r\n<meta property=\"og:locale\" content=\"pt_PT\" \/>\r\n<meta property=\"og:type\" content=\"article\" \/>\r\n<meta property=\"og:title\" content=\"The interplay between body mass index, motivation for food consumption, and noncommunicable diseases in the European population: A cross-sectional study &#8226; CERNAS - IPV\" \/>\r\n<meta property=\"og:description\" content=\"Ljubi\u010di\u0107 M, Matek Sari\u0107 M, Sori\u0107 T, Sari\u0107 A, Klarin I, D\u017eelalija B, Medi\u0107 A, Dilber I, Rumbak I, Ranilovi\u0107 J, Papageorgiou M, Sz\u0171cs V, Vittadini E, Klava D, Mu\u00f1oz LF, Korzeniowska M, Tarcea M, Djeki\u0107 I, Bizjak MC, Guin\u00e9 R. (2025) The interplay between body mass index, motivation for food consumption, and noncommunicable diseases [&hellip;]\" \/>\r\n<meta property=\"og:url\" content=\"https:\/\/events.ipv.pt\/cernas\/pt\/the-interplay-between-body-mass-index-motivation-for-food-consumption-and-noncommunicable-diseases-in-the-european-population-a-cross-sectional-study\/\" \/>\r\n<meta property=\"og:site_name\" content=\"CERNAS - IPV\" \/>\r\n<meta property=\"article:published_time\" content=\"2025-04-20T15:09:27+00:00\" \/>\r\n<meta property=\"article:modified_time\" content=\"2026-04-20T15:16:11+00:00\" \/>\r\n<meta name=\"author\" content=\"cristina\" \/>\r\n<meta name=\"twitter:card\" content=\"summary_large_image\" \/>\r\n<meta name=\"twitter:label1\" content=\"Escrito por\" \/>\n\t<meta name=\"twitter:data1\" content=\"cristina\" \/>\r\n<script type=\"application\/ld+json\" class=\"yoast-schema-graph\">{\"@context\":\"https:\\\/\\\/schema.org\",\"@graph\":[{\"@type\":\"Article\",\"@id\":\"https:\\\/\\\/events.ipv.pt\\\/cernas\\\/the-interplay-between-body-mass-index-motivation-for-food-consumption-and-noncommunicable-diseases-in-the-european-population-a-cross-sectional-study\\\/#article\",\"isPartOf\":{\"@id\":\"https:\\\/\\\/events.ipv.pt\\\/cernas\\\/the-interplay-between-body-mass-index-motivation-for-food-consumption-and-noncommunicable-diseases-in-the-european-population-a-cross-sectional-study\\\/\"},\"author\":{\"name\":\"cristina\",\"@id\":\"https:\\\/\\\/events.ipv.pt\\\/cernas\\\/pt\\\/#\\\/schema\\\/person\\\/a4f2196b39cc86065f614febd531befb\"},\"headline\":\"The interplay between body mass index, motivation for food consumption, and noncommunicable diseases in the European population: A cross-sectional study\",\"datePublished\":\"2025-04-20T15:09:27+00:00\",\"dateModified\":\"2026-04-20T15:16:11+00:00\",\"mainEntityOfPage\":{\"@id\":\"https:\\\/\\\/events.ipv.pt\\\/cernas\\\/the-interplay-between-body-mass-index-motivation-for-food-consumption-and-noncommunicable-diseases-in-the-european-population-a-cross-sectional-study\\\/\"},\"wordCount\":98,\"publisher\":{\"@id\":\"https:\\\/\\\/events.ipv.pt\\\/cernas\\\/pt\\\/#organization\"},\"keywords\":[\"Raquel Guin\u00e9\"],\"articleSection\":[\"2025\",\"artigo cient\u00edfico\"],\"inLanguage\":\"pt-PT\"},{\"@type\":\"WebPage\",\"@id\":\"https:\\\/\\\/events.ipv.pt\\\/cernas\\\/the-interplay-between-body-mass-index-motivation-for-food-consumption-and-noncommunicable-diseases-in-the-european-population-a-cross-sectional-study\\\/\",\"url\":\"https:\\\/\\\/events.ipv.pt\\\/cernas\\\/the-interplay-between-body-mass-index-motivation-for-food-consumption-and-noncommunicable-diseases-in-the-european-population-a-cross-sectional-study\\\/\",\"name\":\"The interplay between body mass index, motivation for food consumption, and noncommunicable diseases in the European population: A cross-sectional study &#8226; CERNAS - IPV\",\"isPartOf\":{\"@id\":\"https:\\\/\\\/events.ipv.pt\\\/cernas\\\/pt\\\/#website\"},\"datePublished\":\"2025-04-20T15:09:27+00:00\",\"dateModified\":\"2026-04-20T15:16:11+00:00\",\"breadcrumb\":{\"@id\":\"https:\\\/\\\/events.ipv.pt\\\/cernas\\\/the-interplay-between-body-mass-index-motivation-for-food-consumption-and-noncommunicable-diseases-in-the-european-population-a-cross-sectional-study\\\/#breadcrumb\"},\"inLanguage\":\"pt-PT\",\"potentialAction\":[{\"@type\":\"ReadAction\",\"target\":[\"https:\\\/\\\/events.ipv.pt\\\/cernas\\\/the-interplay-between-body-mass-index-motivation-for-food-consumption-and-noncommunicable-diseases-in-the-european-population-a-cross-sectional-study\\\/\"]}]},{\"@type\":\"BreadcrumbList\",\"@id\":\"https:\\\/\\\/events.ipv.pt\\\/cernas\\\/the-interplay-between-body-mass-index-motivation-for-food-consumption-and-noncommunicable-diseases-in-the-european-population-a-cross-sectional-study\\\/#breadcrumb\",\"itemListElement\":[{\"@type\":\"ListItem\",\"position\":1,\"name\":\"Home\",\"item\":\"https:\\\/\\\/events.ipv.pt\\\/cernas\\\/\"},{\"@type\":\"ListItem\",\"position\":2,\"name\":\"The interplay between body mass index, motivation for food consumption, and noncommunicable diseases in the European population: A cross-sectional study\"}]},{\"@type\":\"WebSite\",\"@id\":\"https:\\\/\\\/events.ipv.pt\\\/cernas\\\/pt\\\/#website\",\"url\":\"https:\\\/\\\/events.ipv.pt\\\/cernas\\\/pt\\\/\",\"name\":\"CERNAS-IPV | Centro de Estudos de Recursos Naturais, Ambiente e Sociedade\",\"description\":\"\",\"publisher\":{\"@id\":\"https:\\\/\\\/events.ipv.pt\\\/cernas\\\/pt\\\/#organization\"},\"potentialAction\":[{\"@type\":\"SearchAction\",\"target\":{\"@type\":\"EntryPoint\",\"urlTemplate\":\"https:\\\/\\\/events.ipv.pt\\\/cernas\\\/pt\\\/?s={search_term_string}\"},\"query-input\":{\"@type\":\"PropertyValueSpecification\",\"valueRequired\":true,\"valueName\":\"search_term_string\"}}],\"inLanguage\":\"pt-PT\"},{\"@type\":\"Organization\",\"@id\":\"https:\\\/\\\/events.ipv.pt\\\/cernas\\\/pt\\\/#organization\",\"name\":\"Instituto Polit\u00e9cnico de Viseu\",\"url\":\"https:\\\/\\\/events.ipv.pt\\\/cernas\\\/pt\\\/\",\"logo\":{\"@type\":\"ImageObject\",\"inLanguage\":\"pt-PT\",\"@id\":\"https:\\\/\\\/events.ipv.pt\\\/cernas\\\/pt\\\/#\\\/schema\\\/logo\\\/image\\\/\",\"url\":\"http:\\\/\\\/127.0.0.1\\\/cernas\\\/wp-content\\\/uploads\\\/2021\\\/03\\\/logo_pv.png\",\"contentUrl\":\"http:\\\/\\\/127.0.0.1\\\/cernas\\\/wp-content\\\/uploads\\\/2021\\\/03\\\/logo_pv.png\",\"width\":4205,\"height\":1108,\"caption\":\"Instituto Polit\u00e9cnico de Viseu\"},\"image\":{\"@id\":\"https:\\\/\\\/events.ipv.pt\\\/cernas\\\/pt\\\/#\\\/schema\\\/logo\\\/image\\\/\"}},{\"@type\":\"Person\",\"@id\":\"https:\\\/\\\/events.ipv.pt\\\/cernas\\\/pt\\\/#\\\/schema\\\/person\\\/a4f2196b39cc86065f614febd531befb\",\"name\":\"cristina\",\"image\":{\"@type\":\"ImageObject\",\"inLanguage\":\"pt-PT\",\"@id\":\"https:\\\/\\\/secure.gravatar.com\\\/avatar\\\/2195ec5194a145ca5d2c2ad965aa08b0d72d7d4157da345cccfeaa221a984952?s=96&d=mm&r=g\",\"url\":\"https:\\\/\\\/secure.gravatar.com\\\/avatar\\\/2195ec5194a145ca5d2c2ad965aa08b0d72d7d4157da345cccfeaa221a984952?s=96&d=mm&r=g\",\"contentUrl\":\"https:\\\/\\\/secure.gravatar.com\\\/avatar\\\/2195ec5194a145ca5d2c2ad965aa08b0d72d7d4157da345cccfeaa221a984952?s=96&d=mm&r=g\",\"caption\":\"cristina\"},\"sameAs\":[\"http:\\\/\\\/localhost\\\/cernas\"]}]}<\/script>\r\n<!-- \/ Yoast SEO plugin. -->","yoast_head_json":{"title":"The interplay between body mass index, motivation for food consumption, and noncommunicable diseases in the European population: A cross-sectional study &#8226; CERNAS - IPV","robots":{"index":"noindex","follow":"follow"},"og_locale":"pt_PT","og_type":"article","og_title":"The interplay between body mass index, motivation for food consumption, and noncommunicable diseases in the European population: A cross-sectional study &#8226; CERNAS - IPV","og_description":"Ljubi\u010di\u0107 M, Matek Sari\u0107 M, Sori\u0107 T, Sari\u0107 A, Klarin I, D\u017eelalija B, Medi\u0107 A, Dilber I, Rumbak I, Ranilovi\u0107 J, Papageorgiou M, Sz\u0171cs V, Vittadini E, Klava D, Mu\u00f1oz LF, Korzeniowska M, Tarcea M, Djeki\u0107 I, Bizjak MC, Guin\u00e9 R. (2025) The interplay between body mass index, motivation for food consumption, and noncommunicable diseases [&hellip;]","og_url":"https:\/\/events.ipv.pt\/cernas\/pt\/the-interplay-between-body-mass-index-motivation-for-food-consumption-and-noncommunicable-diseases-in-the-european-population-a-cross-sectional-study\/","og_site_name":"CERNAS - IPV","article_published_time":"2025-04-20T15:09:27+00:00","article_modified_time":"2026-04-20T15:16:11+00:00","author":"cristina","twitter_card":"summary_large_image","twitter_misc":{"Escrito por":"cristina"},"schema":{"@context":"https:\/\/schema.org","@graph":[{"@type":"Article","@id":"https:\/\/events.ipv.pt\/cernas\/the-interplay-between-body-mass-index-motivation-for-food-consumption-and-noncommunicable-diseases-in-the-european-population-a-cross-sectional-study\/#article","isPartOf":{"@id":"https:\/\/events.ipv.pt\/cernas\/the-interplay-between-body-mass-index-motivation-for-food-consumption-and-noncommunicable-diseases-in-the-european-population-a-cross-sectional-study\/"},"author":{"name":"cristina","@id":"https:\/\/events.ipv.pt\/cernas\/pt\/#\/schema\/person\/a4f2196b39cc86065f614febd531befb"},"headline":"The interplay between body mass index, motivation for food consumption, and noncommunicable diseases in the European population: A cross-sectional study","datePublished":"2025-04-20T15:09:27+00:00","dateModified":"2026-04-20T15:16:11+00:00","mainEntityOfPage":{"@id":"https:\/\/events.ipv.pt\/cernas\/the-interplay-between-body-mass-index-motivation-for-food-consumption-and-noncommunicable-diseases-in-the-european-population-a-cross-sectional-study\/"},"wordCount":98,"publisher":{"@id":"https:\/\/events.ipv.pt\/cernas\/pt\/#organization"},"keywords":["Raquel Guin\u00e9"],"articleSection":["2025","artigo cient\u00edfico"],"inLanguage":"pt-PT"},{"@type":"WebPage","@id":"https:\/\/events.ipv.pt\/cernas\/the-interplay-between-body-mass-index-motivation-for-food-consumption-and-noncommunicable-diseases-in-the-european-population-a-cross-sectional-study\/","url":"https:\/\/events.ipv.pt\/cernas\/the-interplay-between-body-mass-index-motivation-for-food-consumption-and-noncommunicable-diseases-in-the-european-population-a-cross-sectional-study\/","name":"The interplay between body mass index, motivation for food consumption, and noncommunicable diseases in the European population: A cross-sectional study &#8226; CERNAS - IPV","isPartOf":{"@id":"https:\/\/events.ipv.pt\/cernas\/pt\/#website"},"datePublished":"2025-04-20T15:09:27+00:00","dateModified":"2026-04-20T15:16:11+00:00","breadcrumb":{"@id":"https:\/\/events.ipv.pt\/cernas\/the-interplay-between-body-mass-index-motivation-for-food-consumption-and-noncommunicable-diseases-in-the-european-population-a-cross-sectional-study\/#breadcrumb"},"inLanguage":"pt-PT","potentialAction":[{"@type":"ReadAction","target":["https:\/\/events.ipv.pt\/cernas\/the-interplay-between-body-mass-index-motivation-for-food-consumption-and-noncommunicable-diseases-in-the-european-population-a-cross-sectional-study\/"]}]},{"@type":"BreadcrumbList","@id":"https:\/\/events.ipv.pt\/cernas\/the-interplay-between-body-mass-index-motivation-for-food-consumption-and-noncommunicable-diseases-in-the-european-population-a-cross-sectional-study\/#breadcrumb","itemListElement":[{"@type":"ListItem","position":1,"name":"Home","item":"https:\/\/events.ipv.pt\/cernas\/"},{"@type":"ListItem","position":2,"name":"The interplay between body mass index, motivation for food consumption, and noncommunicable diseases in the European population: A cross-sectional study"}]},{"@type":"WebSite","@id":"https:\/\/events.ipv.pt\/cernas\/pt\/#website","url":"https:\/\/events.ipv.pt\/cernas\/pt\/","name":"CERNAS-IPV | Centro de Estudos de Recursos Naturais, Ambiente e Sociedade","description":"","publisher":{"@id":"https:\/\/events.ipv.pt\/cernas\/pt\/#organization"},"potentialAction":[{"@type":"SearchAction","target":{"@type":"EntryPoint","urlTemplate":"https:\/\/events.ipv.pt\/cernas\/pt\/?s={search_term_string}"},"query-input":{"@type":"PropertyValueSpecification","valueRequired":true,"valueName":"search_term_string"}}],"inLanguage":"pt-PT"},{"@type":"Organization","@id":"https:\/\/events.ipv.pt\/cernas\/pt\/#organization","name":"Instituto Polit\u00e9cnico de Viseu","url":"https:\/\/events.ipv.pt\/cernas\/pt\/","logo":{"@type":"ImageObject","inLanguage":"pt-PT","@id":"https:\/\/events.ipv.pt\/cernas\/pt\/#\/schema\/logo\/image\/","url":"http:\/\/127.0.0.1\/cernas\/wp-content\/uploads\/2021\/03\/logo_pv.png","contentUrl":"http:\/\/127.0.0.1\/cernas\/wp-content\/uploads\/2021\/03\/logo_pv.png","width":4205,"height":1108,"caption":"Instituto Polit\u00e9cnico de Viseu"},"image":{"@id":"https:\/\/events.ipv.pt\/cernas\/pt\/#\/schema\/logo\/image\/"}},{"@type":"Person","@id":"https:\/\/events.ipv.pt\/cernas\/pt\/#\/schema\/person\/a4f2196b39cc86065f614febd531befb","name":"cristina","image":{"@type":"ImageObject","inLanguage":"pt-PT","@id":"https:\/\/secure.gravatar.com\/avatar\/2195ec5194a145ca5d2c2ad965aa08b0d72d7d4157da345cccfeaa221a984952?s=96&d=mm&r=g","url":"https:\/\/secure.gravatar.com\/avatar\/2195ec5194a145ca5d2c2ad965aa08b0d72d7d4157da345cccfeaa221a984952?s=96&d=mm&r=g","contentUrl":"https:\/\/secure.gravatar.com\/avatar\/2195ec5194a145ca5d2c2ad965aa08b0d72d7d4157da345cccfeaa221a984952?s=96&d=mm&r=g","caption":"cristina"},"sameAs":["http:\/\/localhost\/cernas"]}]}},"_links":{"self":[{"href":"https:\/\/events.ipv.pt\/cernas\/pt\/wp-json\/wp\/v2\/posts\/5065","targetHints":{"allow":["GET"]}}],"collection":[{"href":"https:\/\/events.ipv.pt\/cernas\/pt\/wp-json\/wp\/v2\/posts"}],"about":[{"href":"https:\/\/events.ipv.pt\/cernas\/pt\/wp-json\/wp\/v2\/types\/post"}],"author":[{"embeddable":true,"href":"https:\/\/events.ipv.pt\/cernas\/pt\/wp-json\/wp\/v2\/users\/1"}],"replies":[{"embeddable":true,"href":"https:\/\/events.ipv.pt\/cernas\/pt\/wp-json\/wp\/v2\/comments?post=5065"}],"version-history":[{"count":1,"href":"https:\/\/events.ipv.pt\/cernas\/pt\/wp-json\/wp\/v2\/posts\/5065\/revisions"}],"predecessor-version":[{"id":5066,"href":"https:\/\/events.ipv.pt\/cernas\/pt\/wp-json\/wp\/v2\/posts\/5065\/revisions\/5066"}],"wp:attachment":[{"href":"https:\/\/events.ipv.pt\/cernas\/pt\/wp-json\/wp\/v2\/media?parent=5065"}],"wp:term":[{"taxonomy":"category","embeddable":true,"href":"https:\/\/events.ipv.pt\/cernas\/pt\/wp-json\/wp\/v2\/categories?post=5065"},{"taxonomy":"post_tag","embeddable":true,"href":"https:\/\/events.ipv.pt\/cernas\/pt\/wp-json\/wp\/v2\/tags?post=5065"}],"curies":[{"name":"wp","href":"https:\/\/api.w.org\/{rel}","templated":true}]}}