{"id":5051,"date":"2025-04-20T14:17:42","date_gmt":"2025-04-20T14:17:42","guid":{"rendered":"https:\/\/events.ipv.pt\/cernas\/?p=5051"},"modified":"2026-04-20T14:19:06","modified_gmt":"2026-04-20T14:19:06","slug":"reference-dietary-patterns-in-portugal-mediterranean-diet-vs-atlantic-diet","status":"publish","type":"post","link":"https:\/\/events.ipv.pt\/cernas\/pt\/reference-dietary-patterns-in-portugal-mediterranean-diet-vs-atlantic-diet\/","title":{"rendered":"Reference dietary patterns in Portugal: Mediterranean diet vs Atlantic diet"},"content":{"rendered":"<p>Guin\u00e9 RPF, Floren\u00e7a SG, Amaral AL, Costa CA. (2025)<br \/>\nReference dietary patterns in Portugal: Mediterranean diet vs Atlantic diet.<br \/>\nOpen Agriculture, 10(1): 20220406 (13 pp.).<br \/>\n<a href=\"https:\/\/www.degruyterbrill.com\/document\/doi\/10.1515\/opag-2022-0406\/html?srsltid=AfmBOorLchSE9jzEU6j-SsRBq5h7BIOhCm2hBZVNOsNKacbZZAg7ellt\" target=\"_blank\">https:\/\/www.degruyterbrill.com\/document\/doi\/10.1515\/opag-2022-0406\/html?srsltid=AfmBOorLchSE9jzEU6j-SsRBq5h7BIOhCm2hBZVNOsNKacbZZAg7ellt<\/a><\/p>\n","protected":false},"excerpt":{"rendered":"<p>Guin\u00e9 RPF, Floren\u00e7a SG, Amaral AL, Costa CA. (2025) Reference dietary patterns in Portugal: Mediterranean diet vs Atlantic diet. Open Agriculture, 10(1): 20220406 (13 pp.). https:\/\/www.degruyterbrill.com\/document\/doi\/10.1515\/opag-2022-0406\/html?srsltid=AfmBOorLchSE9jzEU6j-SsRBq5h7BIOhCm2hBZVNOsNKacbZZAg7ellt<\/p>\n","protected":false},"author":1,"featured_media":0,"comment_status":"closed","ping_status":"open","sticky":false,"template":"","format":"standard","meta":{"site-sidebar-layout":"default","site-content-layout":"","ast-site-content-layout":"default","site-content-style":"default","site-sidebar-style":"default","ast-global-header-display":"","ast-banner-title-visibility":"","ast-main-header-display":"","ast-hfb-above-header-display":"","ast-hfb-below-header-display":"","ast-hfb-mobile-header-display":"","site-post-title":"","ast-breadcrumbs-content":"","ast-featured-img":"","footer-sml-layout":"","ast-disable-related-posts":"","theme-transparent-header-meta":"default","adv-header-id-meta":"","stick-header-meta":"","header-above-stick-meta":"","header-main-stick-meta":"","header-below-stick-meta":"","astra-migrate-meta-layouts":"set","ast-page-background-enabled":"default","ast-page-background-meta":{"desktop":{"background-color":"","background-image":"","background-repeat":"repeat","background-position":"center center","background-size":"auto","background-attachment":"scroll","background-type":"","background-media":"","overlay-type":"","overlay-color":"","overlay-opacity":"","overlay-gradient":""},"tablet":{"background-color":"","background-image":"","background-repeat":"repeat","background-position":"center center","background-size":"auto","background-attachment":"scroll","background-type":"","background-media":"","overlay-type":"","overlay-color":"","overlay-opacity":"","overlay-gradient":""},"mobile":{"background-color":"","background-image":"","background-repeat":"repeat","background-position":"center center","background-size":"auto","background-attachment":"scroll","background-type":"","background-media":"","overlay-type":"","overlay-color":"","overlay-opacity":"","overlay-gradient":""}},"ast-content-background-meta":{"desktop":{"background-color":"var(--ast-global-color-5)","background-image":"","background-repeat":"repeat","background-position":"center center","background-size":"auto","background-attachment":"scroll","background-type":"","background-media":"","overlay-type":"","overlay-color":"","overlay-opacity":"","overlay-gradient":""},"tablet":{"background-color":"var(--ast-global-color-5)","background-image":"","background-repeat":"repeat","background-position":"center center","background-size":"auto","background-attachment":"scroll","background-type":"","background-media":"","overlay-type":"","overlay-color":"","overlay-opacity":"","overlay-gradient":""},"mobile":{"background-color":"var(--ast-global-color-5)","background-image":"","background-repeat":"repeat","background-position":"center center","background-size":"auto","background-attachment":"scroll","background-type":"","background-media":"","overlay-type":"","overlay-color":"","overlay-opacity":"","overlay-gradient":""}},"footnotes":""},"categories":[81,69],"tags":[31,34,48],"class_list":["post-5051","post","type-post","status-publish","format-standard","hentry","category-81","category-artigo-cientifico","tag-cristina-amaro-da-costa","tag-raquel-guine","tag-sofia-florenca"],"yoast_head":"<!-- This site is optimized with the Yoast SEO plugin v27.5 - https:\/\/yoast.com\/product\/yoast-seo-wordpress\/ -->\r\n<title>Reference dietary patterns in Portugal: Mediterranean diet vs Atlantic diet &#8226; CERNAS - IPV<\/title>\r\n<meta name=\"robots\" content=\"noindex, follow\" \/>\r\n<meta property=\"og:locale\" content=\"pt_PT\" \/>\r\n<meta property=\"og:type\" content=\"article\" \/>\r\n<meta property=\"og:title\" content=\"Reference dietary patterns in Portugal: Mediterranean diet vs Atlantic diet &#8226; CERNAS - IPV\" \/>\r\n<meta property=\"og:description\" content=\"Guin\u00e9 RPF, Floren\u00e7a SG, Amaral AL, Costa CA. (2025) Reference dietary patterns in Portugal: Mediterranean diet vs Atlantic diet. Open Agriculture, 10(1): 20220406 (13 pp.). https:\/\/www.degruyterbrill.com\/document\/doi\/10.1515\/opag-2022-0406\/html?srsltid=AfmBOorLchSE9jzEU6j-SsRBq5h7BIOhCm2hBZVNOsNKacbZZAg7ellt\" \/>\r\n<meta property=\"og:url\" content=\"https:\/\/events.ipv.pt\/cernas\/pt\/reference-dietary-patterns-in-portugal-mediterranean-diet-vs-atlantic-diet\/\" \/>\r\n<meta property=\"og:site_name\" content=\"CERNAS - IPV\" \/>\r\n<meta property=\"article:published_time\" content=\"2025-04-20T14:17:42+00:00\" \/>\r\n<meta property=\"article:modified_time\" content=\"2026-04-20T14:19:06+00:00\" \/>\r\n<meta name=\"author\" content=\"cristina\" \/>\r\n<meta name=\"twitter:card\" content=\"summary_large_image\" \/>\r\n<meta name=\"twitter:label1\" content=\"Escrito por\" \/>\n\t<meta name=\"twitter:data1\" content=\"cristina\" \/>\r\n<script type=\"application\/ld+json\" class=\"yoast-schema-graph\">{\"@context\":\"https:\\\/\\\/schema.org\",\"@graph\":[{\"@type\":\"Article\",\"@id\":\"https:\\\/\\\/events.ipv.pt\\\/cernas\\\/reference-dietary-patterns-in-portugal-mediterranean-diet-vs-atlantic-diet\\\/#article\",\"isPartOf\":{\"@id\":\"https:\\\/\\\/events.ipv.pt\\\/cernas\\\/reference-dietary-patterns-in-portugal-mediterranean-diet-vs-atlantic-diet\\\/\"},\"author\":{\"name\":\"cristina\",\"@id\":\"https:\\\/\\\/events.ipv.pt\\\/cernas\\\/pt\\\/#\\\/schema\\\/person\\\/a4f2196b39cc86065f614febd531befb\"},\"headline\":\"Reference dietary patterns in Portugal: Mediterranean diet vs Atlantic diet\",\"datePublished\":\"2025-04-20T14:17:42+00:00\",\"dateModified\":\"2026-04-20T14:19:06+00:00\",\"mainEntityOfPage\":{\"@id\":\"https:\\\/\\\/events.ipv.pt\\\/cernas\\\/reference-dietary-patterns-in-portugal-mediterranean-diet-vs-atlantic-diet\\\/\"},\"wordCount\":49,\"publisher\":{\"@id\":\"https:\\\/\\\/events.ipv.pt\\\/cernas\\\/pt\\\/#organization\"},\"keywords\":[\"Cristina Amaro da Costa\",\"Raquel Guin\u00e9\",\"Sofia Floren\u00e7a\"],\"articleSection\":[\"2025\",\"artigo cient\u00edfico\"],\"inLanguage\":\"pt-PT\"},{\"@type\":\"WebPage\",\"@id\":\"https:\\\/\\\/events.ipv.pt\\\/cernas\\\/reference-dietary-patterns-in-portugal-mediterranean-diet-vs-atlantic-diet\\\/\",\"url\":\"https:\\\/\\\/events.ipv.pt\\\/cernas\\\/reference-dietary-patterns-in-portugal-mediterranean-diet-vs-atlantic-diet\\\/\",\"name\":\"Reference dietary patterns in Portugal: Mediterranean diet vs Atlantic diet &#8226; CERNAS - IPV\",\"isPartOf\":{\"@id\":\"https:\\\/\\\/events.ipv.pt\\\/cernas\\\/pt\\\/#website\"},\"datePublished\":\"2025-04-20T14:17:42+00:00\",\"dateModified\":\"2026-04-20T14:19:06+00:00\",\"breadcrumb\":{\"@id\":\"https:\\\/\\\/events.ipv.pt\\\/cernas\\\/reference-dietary-patterns-in-portugal-mediterranean-diet-vs-atlantic-diet\\\/#breadcrumb\"},\"inLanguage\":\"pt-PT\",\"potentialAction\":[{\"@type\":\"ReadAction\",\"target\":[\"https:\\\/\\\/events.ipv.pt\\\/cernas\\\/reference-dietary-patterns-in-portugal-mediterranean-diet-vs-atlantic-diet\\\/\"]}]},{\"@type\":\"BreadcrumbList\",\"@id\":\"https:\\\/\\\/events.ipv.pt\\\/cernas\\\/reference-dietary-patterns-in-portugal-mediterranean-diet-vs-atlantic-diet\\\/#breadcrumb\",\"itemListElement\":[{\"@type\":\"ListItem\",\"position\":1,\"name\":\"Home\",\"item\":\"https:\\\/\\\/events.ipv.pt\\\/cernas\\\/\"},{\"@type\":\"ListItem\",\"position\":2,\"name\":\"Reference dietary patterns in Portugal: Mediterranean diet vs Atlantic diet\"}]},{\"@type\":\"WebSite\",\"@id\":\"https:\\\/\\\/events.ipv.pt\\\/cernas\\\/pt\\\/#website\",\"url\":\"https:\\\/\\\/events.ipv.pt\\\/cernas\\\/pt\\\/\",\"name\":\"CERNAS-IPV | Centro de Estudos de Recursos Naturais, Ambiente e Sociedade\",\"description\":\"\",\"publisher\":{\"@id\":\"https:\\\/\\\/events.ipv.pt\\\/cernas\\\/pt\\\/#organization\"},\"potentialAction\":[{\"@type\":\"SearchAction\",\"target\":{\"@type\":\"EntryPoint\",\"urlTemplate\":\"https:\\\/\\\/events.ipv.pt\\\/cernas\\\/pt\\\/?s={search_term_string}\"},\"query-input\":{\"@type\":\"PropertyValueSpecification\",\"valueRequired\":true,\"valueName\":\"search_term_string\"}}],\"inLanguage\":\"pt-PT\"},{\"@type\":\"Organization\",\"@id\":\"https:\\\/\\\/events.ipv.pt\\\/cernas\\\/pt\\\/#organization\",\"name\":\"Instituto Polit\u00e9cnico de Viseu\",\"url\":\"https:\\\/\\\/events.ipv.pt\\\/cernas\\\/pt\\\/\",\"logo\":{\"@type\":\"ImageObject\",\"inLanguage\":\"pt-PT\",\"@id\":\"https:\\\/\\\/events.ipv.pt\\\/cernas\\\/pt\\\/#\\\/schema\\\/logo\\\/image\\\/\",\"url\":\"http:\\\/\\\/127.0.0.1\\\/cernas\\\/wp-content\\\/uploads\\\/2021\\\/03\\\/logo_pv.png\",\"contentUrl\":\"http:\\\/\\\/127.0.0.1\\\/cernas\\\/wp-content\\\/uploads\\\/2021\\\/03\\\/logo_pv.png\",\"width\":4205,\"height\":1108,\"caption\":\"Instituto Polit\u00e9cnico de Viseu\"},\"image\":{\"@id\":\"https:\\\/\\\/events.ipv.pt\\\/cernas\\\/pt\\\/#\\\/schema\\\/logo\\\/image\\\/\"}},{\"@type\":\"Person\",\"@id\":\"https:\\\/\\\/events.ipv.pt\\\/cernas\\\/pt\\\/#\\\/schema\\\/person\\\/a4f2196b39cc86065f614febd531befb\",\"name\":\"cristina\",\"image\":{\"@type\":\"ImageObject\",\"inLanguage\":\"pt-PT\",\"@id\":\"https:\\\/\\\/secure.gravatar.com\\\/avatar\\\/2195ec5194a145ca5d2c2ad965aa08b0d72d7d4157da345cccfeaa221a984952?s=96&d=mm&r=g\",\"url\":\"https:\\\/\\\/secure.gravatar.com\\\/avatar\\\/2195ec5194a145ca5d2c2ad965aa08b0d72d7d4157da345cccfeaa221a984952?s=96&d=mm&r=g\",\"contentUrl\":\"https:\\\/\\\/secure.gravatar.com\\\/avatar\\\/2195ec5194a145ca5d2c2ad965aa08b0d72d7d4157da345cccfeaa221a984952?s=96&d=mm&r=g\",\"caption\":\"cristina\"},\"sameAs\":[\"http:\\\/\\\/localhost\\\/cernas\"]}]}<\/script>\r\n<!-- \/ Yoast SEO plugin. -->","yoast_head_json":{"title":"Reference dietary patterns in Portugal: Mediterranean diet vs Atlantic diet &#8226; CERNAS - IPV","robots":{"index":"noindex","follow":"follow"},"og_locale":"pt_PT","og_type":"article","og_title":"Reference dietary patterns in Portugal: Mediterranean diet vs Atlantic diet &#8226; CERNAS - IPV","og_description":"Guin\u00e9 RPF, Floren\u00e7a SG, Amaral AL, Costa CA. (2025) Reference dietary patterns in Portugal: Mediterranean diet vs Atlantic diet. Open Agriculture, 10(1): 20220406 (13 pp.). https:\/\/www.degruyterbrill.com\/document\/doi\/10.1515\/opag-2022-0406\/html?srsltid=AfmBOorLchSE9jzEU6j-SsRBq5h7BIOhCm2hBZVNOsNKacbZZAg7ellt","og_url":"https:\/\/events.ipv.pt\/cernas\/pt\/reference-dietary-patterns-in-portugal-mediterranean-diet-vs-atlantic-diet\/","og_site_name":"CERNAS - IPV","article_published_time":"2025-04-20T14:17:42+00:00","article_modified_time":"2026-04-20T14:19:06+00:00","author":"cristina","twitter_card":"summary_large_image","twitter_misc":{"Escrito por":"cristina"},"schema":{"@context":"https:\/\/schema.org","@graph":[{"@type":"Article","@id":"https:\/\/events.ipv.pt\/cernas\/reference-dietary-patterns-in-portugal-mediterranean-diet-vs-atlantic-diet\/#article","isPartOf":{"@id":"https:\/\/events.ipv.pt\/cernas\/reference-dietary-patterns-in-portugal-mediterranean-diet-vs-atlantic-diet\/"},"author":{"name":"cristina","@id":"https:\/\/events.ipv.pt\/cernas\/pt\/#\/schema\/person\/a4f2196b39cc86065f614febd531befb"},"headline":"Reference dietary patterns in Portugal: Mediterranean diet vs Atlantic diet","datePublished":"2025-04-20T14:17:42+00:00","dateModified":"2026-04-20T14:19:06+00:00","mainEntityOfPage":{"@id":"https:\/\/events.ipv.pt\/cernas\/reference-dietary-patterns-in-portugal-mediterranean-diet-vs-atlantic-diet\/"},"wordCount":49,"publisher":{"@id":"https:\/\/events.ipv.pt\/cernas\/pt\/#organization"},"keywords":["Cristina Amaro da Costa","Raquel Guin\u00e9","Sofia Floren\u00e7a"],"articleSection":["2025","artigo cient\u00edfico"],"inLanguage":"pt-PT"},{"@type":"WebPage","@id":"https:\/\/events.ipv.pt\/cernas\/reference-dietary-patterns-in-portugal-mediterranean-diet-vs-atlantic-diet\/","url":"https:\/\/events.ipv.pt\/cernas\/reference-dietary-patterns-in-portugal-mediterranean-diet-vs-atlantic-diet\/","name":"Reference dietary patterns in Portugal: Mediterranean diet vs Atlantic diet &#8226; CERNAS - IPV","isPartOf":{"@id":"https:\/\/events.ipv.pt\/cernas\/pt\/#website"},"datePublished":"2025-04-20T14:17:42+00:00","dateModified":"2026-04-20T14:19:06+00:00","breadcrumb":{"@id":"https:\/\/events.ipv.pt\/cernas\/reference-dietary-patterns-in-portugal-mediterranean-diet-vs-atlantic-diet\/#breadcrumb"},"inLanguage":"pt-PT","potentialAction":[{"@type":"ReadAction","target":["https:\/\/events.ipv.pt\/cernas\/reference-dietary-patterns-in-portugal-mediterranean-diet-vs-atlantic-diet\/"]}]},{"@type":"BreadcrumbList","@id":"https:\/\/events.ipv.pt\/cernas\/reference-dietary-patterns-in-portugal-mediterranean-diet-vs-atlantic-diet\/#breadcrumb","itemListElement":[{"@type":"ListItem","position":1,"name":"Home","item":"https:\/\/events.ipv.pt\/cernas\/"},{"@type":"ListItem","position":2,"name":"Reference dietary patterns in Portugal: Mediterranean diet vs Atlantic diet"}]},{"@type":"WebSite","@id":"https:\/\/events.ipv.pt\/cernas\/pt\/#website","url":"https:\/\/events.ipv.pt\/cernas\/pt\/","name":"CERNAS-IPV | Centro de Estudos de Recursos Naturais, Ambiente e Sociedade","description":"","publisher":{"@id":"https:\/\/events.ipv.pt\/cernas\/pt\/#organization"},"potentialAction":[{"@type":"SearchAction","target":{"@type":"EntryPoint","urlTemplate":"https:\/\/events.ipv.pt\/cernas\/pt\/?s={search_term_string}"},"query-input":{"@type":"PropertyValueSpecification","valueRequired":true,"valueName":"search_term_string"}}],"inLanguage":"pt-PT"},{"@type":"Organization","@id":"https:\/\/events.ipv.pt\/cernas\/pt\/#organization","name":"Instituto Polit\u00e9cnico de Viseu","url":"https:\/\/events.ipv.pt\/cernas\/pt\/","logo":{"@type":"ImageObject","inLanguage":"pt-PT","@id":"https:\/\/events.ipv.pt\/cernas\/pt\/#\/schema\/logo\/image\/","url":"http:\/\/127.0.0.1\/cernas\/wp-content\/uploads\/2021\/03\/logo_pv.png","contentUrl":"http:\/\/127.0.0.1\/cernas\/wp-content\/uploads\/2021\/03\/logo_pv.png","width":4205,"height":1108,"caption":"Instituto Polit\u00e9cnico de Viseu"},"image":{"@id":"https:\/\/events.ipv.pt\/cernas\/pt\/#\/schema\/logo\/image\/"}},{"@type":"Person","@id":"https:\/\/events.ipv.pt\/cernas\/pt\/#\/schema\/person\/a4f2196b39cc86065f614febd531befb","name":"cristina","image":{"@type":"ImageObject","inLanguage":"pt-PT","@id":"https:\/\/secure.gravatar.com\/avatar\/2195ec5194a145ca5d2c2ad965aa08b0d72d7d4157da345cccfeaa221a984952?s=96&d=mm&r=g","url":"https:\/\/secure.gravatar.com\/avatar\/2195ec5194a145ca5d2c2ad965aa08b0d72d7d4157da345cccfeaa221a984952?s=96&d=mm&r=g","contentUrl":"https:\/\/secure.gravatar.com\/avatar\/2195ec5194a145ca5d2c2ad965aa08b0d72d7d4157da345cccfeaa221a984952?s=96&d=mm&r=g","caption":"cristina"},"sameAs":["http:\/\/localhost\/cernas"]}]}},"_links":{"self":[{"href":"https:\/\/events.ipv.pt\/cernas\/pt\/wp-json\/wp\/v2\/posts\/5051","targetHints":{"allow":["GET"]}}],"collection":[{"href":"https:\/\/events.ipv.pt\/cernas\/pt\/wp-json\/wp\/v2\/posts"}],"about":[{"href":"https:\/\/events.ipv.pt\/cernas\/pt\/wp-json\/wp\/v2\/types\/post"}],"author":[{"embeddable":true,"href":"https:\/\/events.ipv.pt\/cernas\/pt\/wp-json\/wp\/v2\/users\/1"}],"replies":[{"embeddable":true,"href":"https:\/\/events.ipv.pt\/cernas\/pt\/wp-json\/wp\/v2\/comments?post=5051"}],"version-history":[{"count":1,"href":"https:\/\/events.ipv.pt\/cernas\/pt\/wp-json\/wp\/v2\/posts\/5051\/revisions"}],"predecessor-version":[{"id":5052,"href":"https:\/\/events.ipv.pt\/cernas\/pt\/wp-json\/wp\/v2\/posts\/5051\/revisions\/5052"}],"wp:attachment":[{"href":"https:\/\/events.ipv.pt\/cernas\/pt\/wp-json\/wp\/v2\/media?parent=5051"}],"wp:term":[{"taxonomy":"category","embeddable":true,"href":"https:\/\/events.ipv.pt\/cernas\/pt\/wp-json\/wp\/v2\/categories?post=5051"},{"taxonomy":"post_tag","embeddable":true,"href":"https:\/\/events.ipv.pt\/cernas\/pt\/wp-json\/wp\/v2\/tags?post=5051"}],"curies":[{"name":"wp","href":"https:\/\/api.w.org\/{rel}","templated":true}]}}