{"id":5049,"date":"2025-04-20T14:15:27","date_gmt":"2025-04-20T14:15:27","guid":{"rendered":"https:\/\/events.ipv.pt\/cernas\/?p=5049"},"modified":"2026-04-20T14:16:42","modified_gmt":"2026-04-20T14:16:42","slug":"investigacao-e-formacao-em-questoes-de-genero-com-criancas","status":"publish","type":"post","link":"https:\/\/events.ipv.pt\/cernas\/pt\/investigacao-e-formacao-em-questoes-de-genero-com-criancas\/","title":{"rendered":"Investiga\u00e7\u00e3o e forma\u00e7\u00e3o em quest\u00f5es de g\u00e9nero com crian\u00e7as"},"content":{"rendered":"<p>Almeida, A. M., Cardoso, A. P., Lacerda, C., Ferreira M., Campos, S., &#038; Guin\u00e9, R. (2025).<br \/>\nInvestiga\u00e7\u00e3o e forma\u00e7\u00e3o em quest\u00f5es de g\u00e9nero com crian\u00e7as.<br \/>\nMillenium &#8211; Journal of Education, Technologies, and Health, 2 (ed. espec. n\u00ba17), e39971 (12 pp.).<br \/>\n<a href=\"https:\/\/repositorio.ipv.pt\/entities\/publication\/99e954a8-75f9-42bc-99c2-785576c23e2b\" target=\"_blank\">https:\/\/repositorio.ipv.pt\/entities\/publication\/99e954a8-75f9-42bc-99c2-785576c23e2b<\/a><\/p>\n","protected":false},"excerpt":{"rendered":"<p>Almeida, A. M., Cardoso, A. P., Lacerda, C., Ferreira M., Campos, S., &#038; Guin\u00e9, R. (2025). Investiga\u00e7\u00e3o e forma\u00e7\u00e3o em quest\u00f5es de g\u00e9nero com crian\u00e7as. Millenium &#8211; Journal of Education, Technologies, and Health, 2 (ed. espec. n\u00ba17), e39971 (12 pp.). https:\/\/repositorio.ipv.pt\/entities\/publication\/99e954a8-75f9-42bc-99c2-785576c23e2b<\/p>\n","protected":false},"author":1,"featured_media":0,"comment_status":"closed","ping_status":"open","sticky":false,"template":"","format":"standard","meta":{"site-sidebar-layout":"default","site-content-layout":"","ast-site-content-layout":"default","site-content-style":"default","site-sidebar-style":"default","ast-global-header-display":"","ast-banner-title-visibility":"","ast-main-header-display":"","ast-hfb-above-header-display":"","ast-hfb-below-header-display":"","ast-hfb-mobile-header-display":"","site-post-title":"","ast-breadcrumbs-content":"","ast-featured-img":"","footer-sml-layout":"","ast-disable-related-posts":"","theme-transparent-header-meta":"default","adv-header-id-meta":"","stick-header-meta":"","header-above-stick-meta":"","header-main-stick-meta":"","header-below-stick-meta":"","astra-migrate-meta-layouts":"set","ast-page-background-enabled":"default","ast-page-background-meta":{"desktop":{"background-color":"","background-image":"","background-repeat":"repeat","background-position":"center center","background-size":"auto","background-attachment":"scroll","background-type":"","background-media":"","overlay-type":"","overlay-color":"","overlay-opacity":"","overlay-gradient":""},"tablet":{"background-color":"","background-image":"","background-repeat":"repeat","background-position":"center center","background-size":"auto","background-attachment":"scroll","background-type":"","background-media":"","overlay-type":"","overlay-color":"","overlay-opacity":"","overlay-gradient":""},"mobile":{"background-color":"","background-image":"","background-repeat":"repeat","background-position":"center center","background-size":"auto","background-attachment":"scroll","background-type":"","background-media":"","overlay-type":"","overlay-color":"","overlay-opacity":"","overlay-gradient":""}},"ast-content-background-meta":{"desktop":{"background-color":"var(--ast-global-color-5)","background-image":"","background-repeat":"repeat","background-position":"center center","background-size":"auto","background-attachment":"scroll","background-type":"","background-media":"","overlay-type":"","overlay-color":"","overlay-opacity":"","overlay-gradient":""},"tablet":{"background-color":"var(--ast-global-color-5)","background-image":"","background-repeat":"repeat","background-position":"center center","background-size":"auto","background-attachment":"scroll","background-type":"","background-media":"","overlay-type":"","overlay-color":"","overlay-opacity":"","overlay-gradient":""},"mobile":{"background-color":"var(--ast-global-color-5)","background-image":"","background-repeat":"repeat","background-position":"center center","background-size":"auto","background-attachment":"scroll","background-type":"","background-media":"","overlay-type":"","overlay-color":"","overlay-opacity":"","overlay-gradient":""}},"footnotes":""},"categories":[81,69],"tags":[34],"class_list":["post-5049","post","type-post","status-publish","format-standard","hentry","category-81","category-artigo-cientifico","tag-raquel-guine"],"yoast_head":"<!-- This site is optimized with the Yoast SEO plugin v27.5 - https:\/\/yoast.com\/product\/yoast-seo-wordpress\/ -->\r\n<title>Investiga\u00e7\u00e3o e forma\u00e7\u00e3o em quest\u00f5es de g\u00e9nero com crian\u00e7as &#8226; CERNAS - IPV<\/title>\r\n<meta name=\"robots\" content=\"noindex, follow\" \/>\r\n<meta property=\"og:locale\" content=\"pt_PT\" \/>\r\n<meta property=\"og:type\" content=\"article\" \/>\r\n<meta property=\"og:title\" content=\"Investiga\u00e7\u00e3o e forma\u00e7\u00e3o em quest\u00f5es de g\u00e9nero com crian\u00e7as &#8226; CERNAS - IPV\" \/>\r\n<meta property=\"og:description\" content=\"Almeida, A. M., Cardoso, A. P., Lacerda, C., Ferreira M., Campos, S., &#038; Guin\u00e9, R. (2025). Investiga\u00e7\u00e3o e forma\u00e7\u00e3o em quest\u00f5es de g\u00e9nero com crian\u00e7as. Millenium &#8211; Journal of Education, Technologies, and Health, 2 (ed. espec. n\u00ba17), e39971 (12 pp.). https:\/\/repositorio.ipv.pt\/entities\/publication\/99e954a8-75f9-42bc-99c2-785576c23e2b\" \/>\r\n<meta property=\"og:url\" content=\"https:\/\/events.ipv.pt\/cernas\/pt\/investigacao-e-formacao-em-questoes-de-genero-com-criancas\/\" \/>\r\n<meta property=\"og:site_name\" content=\"CERNAS - IPV\" \/>\r\n<meta property=\"article:published_time\" content=\"2025-04-20T14:15:27+00:00\" \/>\r\n<meta property=\"article:modified_time\" content=\"2026-04-20T14:16:42+00:00\" \/>\r\n<meta name=\"author\" content=\"cristina\" \/>\r\n<meta name=\"twitter:card\" content=\"summary_large_image\" \/>\r\n<meta name=\"twitter:label1\" content=\"Escrito por\" \/>\n\t<meta name=\"twitter:data1\" content=\"cristina\" \/>\r\n<script type=\"application\/ld+json\" class=\"yoast-schema-graph\">{\"@context\":\"https:\\\/\\\/schema.org\",\"@graph\":[{\"@type\":\"Article\",\"@id\":\"https:\\\/\\\/events.ipv.pt\\\/cernas\\\/investigacao-e-formacao-em-questoes-de-genero-com-criancas\\\/#article\",\"isPartOf\":{\"@id\":\"https:\\\/\\\/events.ipv.pt\\\/cernas\\\/investigacao-e-formacao-em-questoes-de-genero-com-criancas\\\/\"},\"author\":{\"name\":\"cristina\",\"@id\":\"https:\\\/\\\/events.ipv.pt\\\/cernas\\\/pt\\\/#\\\/schema\\\/person\\\/a4f2196b39cc86065f614febd531befb\"},\"headline\":\"Investiga\u00e7\u00e3o e forma\u00e7\u00e3o em quest\u00f5es de g\u00e9nero com crian\u00e7as\",\"datePublished\":\"2025-04-20T14:15:27+00:00\",\"dateModified\":\"2026-04-20T14:16:42+00:00\",\"mainEntityOfPage\":{\"@id\":\"https:\\\/\\\/events.ipv.pt\\\/cernas\\\/investigacao-e-formacao-em-questoes-de-genero-com-criancas\\\/\"},\"wordCount\":72,\"publisher\":{\"@id\":\"https:\\\/\\\/events.ipv.pt\\\/cernas\\\/pt\\\/#organization\"},\"keywords\":[\"Raquel Guin\u00e9\"],\"articleSection\":[\"2025\",\"artigo cient\u00edfico\"],\"inLanguage\":\"pt-PT\"},{\"@type\":\"WebPage\",\"@id\":\"https:\\\/\\\/events.ipv.pt\\\/cernas\\\/investigacao-e-formacao-em-questoes-de-genero-com-criancas\\\/\",\"url\":\"https:\\\/\\\/events.ipv.pt\\\/cernas\\\/investigacao-e-formacao-em-questoes-de-genero-com-criancas\\\/\",\"name\":\"Investiga\u00e7\u00e3o e forma\u00e7\u00e3o em quest\u00f5es de g\u00e9nero com crian\u00e7as &#8226; CERNAS - IPV\",\"isPartOf\":{\"@id\":\"https:\\\/\\\/events.ipv.pt\\\/cernas\\\/pt\\\/#website\"},\"datePublished\":\"2025-04-20T14:15:27+00:00\",\"dateModified\":\"2026-04-20T14:16:42+00:00\",\"breadcrumb\":{\"@id\":\"https:\\\/\\\/events.ipv.pt\\\/cernas\\\/investigacao-e-formacao-em-questoes-de-genero-com-criancas\\\/#breadcrumb\"},\"inLanguage\":\"pt-PT\",\"potentialAction\":[{\"@type\":\"ReadAction\",\"target\":[\"https:\\\/\\\/events.ipv.pt\\\/cernas\\\/investigacao-e-formacao-em-questoes-de-genero-com-criancas\\\/\"]}]},{\"@type\":\"BreadcrumbList\",\"@id\":\"https:\\\/\\\/events.ipv.pt\\\/cernas\\\/investigacao-e-formacao-em-questoes-de-genero-com-criancas\\\/#breadcrumb\",\"itemListElement\":[{\"@type\":\"ListItem\",\"position\":1,\"name\":\"Home\",\"item\":\"https:\\\/\\\/events.ipv.pt\\\/cernas\\\/\"},{\"@type\":\"ListItem\",\"position\":2,\"name\":\"Investiga\u00e7\u00e3o e forma\u00e7\u00e3o em quest\u00f5es de g\u00e9nero com crian\u00e7as\"}]},{\"@type\":\"WebSite\",\"@id\":\"https:\\\/\\\/events.ipv.pt\\\/cernas\\\/pt\\\/#website\",\"url\":\"https:\\\/\\\/events.ipv.pt\\\/cernas\\\/pt\\\/\",\"name\":\"CERNAS-IPV | Centro de Estudos de Recursos Naturais, Ambiente e Sociedade\",\"description\":\"\",\"publisher\":{\"@id\":\"https:\\\/\\\/events.ipv.pt\\\/cernas\\\/pt\\\/#organization\"},\"potentialAction\":[{\"@type\":\"SearchAction\",\"target\":{\"@type\":\"EntryPoint\",\"urlTemplate\":\"https:\\\/\\\/events.ipv.pt\\\/cernas\\\/pt\\\/?s={search_term_string}\"},\"query-input\":{\"@type\":\"PropertyValueSpecification\",\"valueRequired\":true,\"valueName\":\"search_term_string\"}}],\"inLanguage\":\"pt-PT\"},{\"@type\":\"Organization\",\"@id\":\"https:\\\/\\\/events.ipv.pt\\\/cernas\\\/pt\\\/#organization\",\"name\":\"Instituto Polit\u00e9cnico de Viseu\",\"url\":\"https:\\\/\\\/events.ipv.pt\\\/cernas\\\/pt\\\/\",\"logo\":{\"@type\":\"ImageObject\",\"inLanguage\":\"pt-PT\",\"@id\":\"https:\\\/\\\/events.ipv.pt\\\/cernas\\\/pt\\\/#\\\/schema\\\/logo\\\/image\\\/\",\"url\":\"http:\\\/\\\/127.0.0.1\\\/cernas\\\/wp-content\\\/uploads\\\/2021\\\/03\\\/logo_pv.png\",\"contentUrl\":\"http:\\\/\\\/127.0.0.1\\\/cernas\\\/wp-content\\\/uploads\\\/2021\\\/03\\\/logo_pv.png\",\"width\":4205,\"height\":1108,\"caption\":\"Instituto Polit\u00e9cnico de Viseu\"},\"image\":{\"@id\":\"https:\\\/\\\/events.ipv.pt\\\/cernas\\\/pt\\\/#\\\/schema\\\/logo\\\/image\\\/\"}},{\"@type\":\"Person\",\"@id\":\"https:\\\/\\\/events.ipv.pt\\\/cernas\\\/pt\\\/#\\\/schema\\\/person\\\/a4f2196b39cc86065f614febd531befb\",\"name\":\"cristina\",\"image\":{\"@type\":\"ImageObject\",\"inLanguage\":\"pt-PT\",\"@id\":\"https:\\\/\\\/secure.gravatar.com\\\/avatar\\\/2195ec5194a145ca5d2c2ad965aa08b0d72d7d4157da345cccfeaa221a984952?s=96&d=mm&r=g\",\"url\":\"https:\\\/\\\/secure.gravatar.com\\\/avatar\\\/2195ec5194a145ca5d2c2ad965aa08b0d72d7d4157da345cccfeaa221a984952?s=96&d=mm&r=g\",\"contentUrl\":\"https:\\\/\\\/secure.gravatar.com\\\/avatar\\\/2195ec5194a145ca5d2c2ad965aa08b0d72d7d4157da345cccfeaa221a984952?s=96&d=mm&r=g\",\"caption\":\"cristina\"},\"sameAs\":[\"http:\\\/\\\/localhost\\\/cernas\"]}]}<\/script>\r\n<!-- \/ Yoast SEO plugin. -->","yoast_head_json":{"title":"Investiga\u00e7\u00e3o e forma\u00e7\u00e3o em quest\u00f5es de g\u00e9nero com crian\u00e7as &#8226; CERNAS - IPV","robots":{"index":"noindex","follow":"follow"},"og_locale":"pt_PT","og_type":"article","og_title":"Investiga\u00e7\u00e3o e forma\u00e7\u00e3o em quest\u00f5es de g\u00e9nero com crian\u00e7as &#8226; CERNAS - IPV","og_description":"Almeida, A. M., Cardoso, A. P., Lacerda, C., Ferreira M., Campos, S., &#038; Guin\u00e9, R. (2025). Investiga\u00e7\u00e3o e forma\u00e7\u00e3o em quest\u00f5es de g\u00e9nero com crian\u00e7as. Millenium &#8211; Journal of Education, Technologies, and Health, 2 (ed. espec. n\u00ba17), e39971 (12 pp.). https:\/\/repositorio.ipv.pt\/entities\/publication\/99e954a8-75f9-42bc-99c2-785576c23e2b","og_url":"https:\/\/events.ipv.pt\/cernas\/pt\/investigacao-e-formacao-em-questoes-de-genero-com-criancas\/","og_site_name":"CERNAS - IPV","article_published_time":"2025-04-20T14:15:27+00:00","article_modified_time":"2026-04-20T14:16:42+00:00","author":"cristina","twitter_card":"summary_large_image","twitter_misc":{"Escrito por":"cristina"},"schema":{"@context":"https:\/\/schema.org","@graph":[{"@type":"Article","@id":"https:\/\/events.ipv.pt\/cernas\/investigacao-e-formacao-em-questoes-de-genero-com-criancas\/#article","isPartOf":{"@id":"https:\/\/events.ipv.pt\/cernas\/investigacao-e-formacao-em-questoes-de-genero-com-criancas\/"},"author":{"name":"cristina","@id":"https:\/\/events.ipv.pt\/cernas\/pt\/#\/schema\/person\/a4f2196b39cc86065f614febd531befb"},"headline":"Investiga\u00e7\u00e3o e forma\u00e7\u00e3o em quest\u00f5es de g\u00e9nero com crian\u00e7as","datePublished":"2025-04-20T14:15:27+00:00","dateModified":"2026-04-20T14:16:42+00:00","mainEntityOfPage":{"@id":"https:\/\/events.ipv.pt\/cernas\/investigacao-e-formacao-em-questoes-de-genero-com-criancas\/"},"wordCount":72,"publisher":{"@id":"https:\/\/events.ipv.pt\/cernas\/pt\/#organization"},"keywords":["Raquel Guin\u00e9"],"articleSection":["2025","artigo cient\u00edfico"],"inLanguage":"pt-PT"},{"@type":"WebPage","@id":"https:\/\/events.ipv.pt\/cernas\/investigacao-e-formacao-em-questoes-de-genero-com-criancas\/","url":"https:\/\/events.ipv.pt\/cernas\/investigacao-e-formacao-em-questoes-de-genero-com-criancas\/","name":"Investiga\u00e7\u00e3o e forma\u00e7\u00e3o em quest\u00f5es de g\u00e9nero com crian\u00e7as &#8226; CERNAS - IPV","isPartOf":{"@id":"https:\/\/events.ipv.pt\/cernas\/pt\/#website"},"datePublished":"2025-04-20T14:15:27+00:00","dateModified":"2026-04-20T14:16:42+00:00","breadcrumb":{"@id":"https:\/\/events.ipv.pt\/cernas\/investigacao-e-formacao-em-questoes-de-genero-com-criancas\/#breadcrumb"},"inLanguage":"pt-PT","potentialAction":[{"@type":"ReadAction","target":["https:\/\/events.ipv.pt\/cernas\/investigacao-e-formacao-em-questoes-de-genero-com-criancas\/"]}]},{"@type":"BreadcrumbList","@id":"https:\/\/events.ipv.pt\/cernas\/investigacao-e-formacao-em-questoes-de-genero-com-criancas\/#breadcrumb","itemListElement":[{"@type":"ListItem","position":1,"name":"Home","item":"https:\/\/events.ipv.pt\/cernas\/"},{"@type":"ListItem","position":2,"name":"Investiga\u00e7\u00e3o e forma\u00e7\u00e3o em quest\u00f5es de g\u00e9nero com crian\u00e7as"}]},{"@type":"WebSite","@id":"https:\/\/events.ipv.pt\/cernas\/pt\/#website","url":"https:\/\/events.ipv.pt\/cernas\/pt\/","name":"CERNAS-IPV | Centro de Estudos de Recursos Naturais, Ambiente e Sociedade","description":"","publisher":{"@id":"https:\/\/events.ipv.pt\/cernas\/pt\/#organization"},"potentialAction":[{"@type":"SearchAction","target":{"@type":"EntryPoint","urlTemplate":"https:\/\/events.ipv.pt\/cernas\/pt\/?s={search_term_string}"},"query-input":{"@type":"PropertyValueSpecification","valueRequired":true,"valueName":"search_term_string"}}],"inLanguage":"pt-PT"},{"@type":"Organization","@id":"https:\/\/events.ipv.pt\/cernas\/pt\/#organization","name":"Instituto Polit\u00e9cnico de Viseu","url":"https:\/\/events.ipv.pt\/cernas\/pt\/","logo":{"@type":"ImageObject","inLanguage":"pt-PT","@id":"https:\/\/events.ipv.pt\/cernas\/pt\/#\/schema\/logo\/image\/","url":"http:\/\/127.0.0.1\/cernas\/wp-content\/uploads\/2021\/03\/logo_pv.png","contentUrl":"http:\/\/127.0.0.1\/cernas\/wp-content\/uploads\/2021\/03\/logo_pv.png","width":4205,"height":1108,"caption":"Instituto Polit\u00e9cnico de Viseu"},"image":{"@id":"https:\/\/events.ipv.pt\/cernas\/pt\/#\/schema\/logo\/image\/"}},{"@type":"Person","@id":"https:\/\/events.ipv.pt\/cernas\/pt\/#\/schema\/person\/a4f2196b39cc86065f614febd531befb","name":"cristina","image":{"@type":"ImageObject","inLanguage":"pt-PT","@id":"https:\/\/secure.gravatar.com\/avatar\/2195ec5194a145ca5d2c2ad965aa08b0d72d7d4157da345cccfeaa221a984952?s=96&d=mm&r=g","url":"https:\/\/secure.gravatar.com\/avatar\/2195ec5194a145ca5d2c2ad965aa08b0d72d7d4157da345cccfeaa221a984952?s=96&d=mm&r=g","contentUrl":"https:\/\/secure.gravatar.com\/avatar\/2195ec5194a145ca5d2c2ad965aa08b0d72d7d4157da345cccfeaa221a984952?s=96&d=mm&r=g","caption":"cristina"},"sameAs":["http:\/\/localhost\/cernas"]}]}},"_links":{"self":[{"href":"https:\/\/events.ipv.pt\/cernas\/pt\/wp-json\/wp\/v2\/posts\/5049","targetHints":{"allow":["GET"]}}],"collection":[{"href":"https:\/\/events.ipv.pt\/cernas\/pt\/wp-json\/wp\/v2\/posts"}],"about":[{"href":"https:\/\/events.ipv.pt\/cernas\/pt\/wp-json\/wp\/v2\/types\/post"}],"author":[{"embeddable":true,"href":"https:\/\/events.ipv.pt\/cernas\/pt\/wp-json\/wp\/v2\/users\/1"}],"replies":[{"embeddable":true,"href":"https:\/\/events.ipv.pt\/cernas\/pt\/wp-json\/wp\/v2\/comments?post=5049"}],"version-history":[{"count":1,"href":"https:\/\/events.ipv.pt\/cernas\/pt\/wp-json\/wp\/v2\/posts\/5049\/revisions"}],"predecessor-version":[{"id":5050,"href":"https:\/\/events.ipv.pt\/cernas\/pt\/wp-json\/wp\/v2\/posts\/5049\/revisions\/5050"}],"wp:attachment":[{"href":"https:\/\/events.ipv.pt\/cernas\/pt\/wp-json\/wp\/v2\/media?parent=5049"}],"wp:term":[{"taxonomy":"category","embeddable":true,"href":"https:\/\/events.ipv.pt\/cernas\/pt\/wp-json\/wp\/v2\/categories?post=5049"},{"taxonomy":"post_tag","embeddable":true,"href":"https:\/\/events.ipv.pt\/cernas\/pt\/wp-json\/wp\/v2\/tags?post=5049"}],"curies":[{"name":"wp","href":"https:\/\/api.w.org\/{rel}","templated":true}]}}