{"id":3912,"date":"2021-11-19T11:36:20","date_gmt":"2021-11-19T11:36:20","guid":{"rendered":"https:\/\/events.ipv.pt\/cernas\/?p=3912"},"modified":"2025-11-19T11:36:45","modified_gmt":"2025-11-19T11:36:45","slug":"performance-de-aprendizagem-e-o-abandono-escolar-no-ensino-superior","status":"publish","type":"post","link":"https:\/\/events.ipv.pt\/cernas\/pt\/performance-de-aprendizagem-e-o-abandono-escolar-no-ensino-superior\/","title":{"rendered":"Performance de Aprendizagem e o Abandono Escolar no Ensino Superior"},"content":{"rendered":"<p>Ferreira M, Cardoso AP, Cabral L, Campos S, Duarte J, Chaves C, Guin\u00e9 R. (2021)<br \/>\nPerformance de Aprendizagem e o Abandono Escolar no Ensino Superior.<br \/>\nIn Ferreira M, Campos S, Cardoso AP, Chaves C. (Eds.) Compet\u00eancias Emocionais e Preven\u00e7\u00e3o do Abandono no Ensino Superior, Cap\u00edtulo 7 (Parte 3), pp. 90-101, Edi\u00e7\u00f5es Esgotadas, Viseu.<\/p>\n","protected":false},"excerpt":{"rendered":"<p>Ferreira M, Cardoso AP, Cabral L, Campos S, Duarte J, Chaves C, Guin\u00e9 R. (2021) Performance de Aprendizagem e o Abandono Escolar no Ensino Superior. In Ferreira M, Campos S, Cardoso AP, Chaves C. (Eds.) Compet\u00eancias Emocionais e Preven\u00e7\u00e3o do Abandono no Ensino Superior, Cap\u00edtulo 7 (Parte 3), pp. 90-101, Edi\u00e7\u00f5es Esgotadas, Viseu.<\/p>\n","protected":false},"author":1,"featured_media":0,"comment_status":"closed","ping_status":"open","sticky":false,"template":"","format":"standard","meta":{"site-sidebar-layout":"default","site-content-layout":"","ast-site-content-layout":"default","site-content-style":"default","site-sidebar-style":"default","ast-global-header-display":"","ast-banner-title-visibility":"","ast-main-header-display":"","ast-hfb-above-header-display":"","ast-hfb-below-header-display":"","ast-hfb-mobile-header-display":"","site-post-title":"","ast-breadcrumbs-content":"","ast-featured-img":"","footer-sml-layout":"","ast-disable-related-posts":"","theme-transparent-header-meta":"default","adv-header-id-meta":"","stick-header-meta":"","header-above-stick-meta":"","header-main-stick-meta":"","header-below-stick-meta":"","astra-migrate-meta-layouts":"set","ast-page-background-enabled":"default","ast-page-background-meta":{"desktop":{"background-color":"","background-image":"","background-repeat":"repeat","background-position":"center center","background-size":"auto","background-attachment":"scroll","background-type":"","background-media":"","overlay-type":"","overlay-color":"","overlay-opacity":"","overlay-gradient":""},"tablet":{"background-color":"","background-image":"","background-repeat":"repeat","background-position":"center center","background-size":"auto","background-attachment":"scroll","background-type":"","background-media":"","overlay-type":"","overlay-color":"","overlay-opacity":"","overlay-gradient":""},"mobile":{"background-color":"","background-image":"","background-repeat":"repeat","background-position":"center center","background-size":"auto","background-attachment":"scroll","background-type":"","background-media":"","overlay-type":"","overlay-color":"","overlay-opacity":"","overlay-gradient":""}},"ast-content-background-meta":{"desktop":{"background-color":"var(--ast-global-color-5)","background-image":"","background-repeat":"repeat","background-position":"center center","background-size":"auto","background-attachment":"scroll","background-type":"","background-media":"","overlay-type":"","overlay-color":"","overlay-opacity":"","overlay-gradient":""},"tablet":{"background-color":"var(--ast-global-color-5)","background-image":"","background-repeat":"repeat","background-position":"center center","background-size":"auto","background-attachment":"scroll","background-type":"","background-media":"","overlay-type":"","overlay-color":"","overlay-opacity":"","overlay-gradient":""},"mobile":{"background-color":"var(--ast-global-color-5)","background-image":"","background-repeat":"repeat","background-position":"center center","background-size":"auto","background-attachment":"scroll","background-type":"","background-media":"","overlay-type":"","overlay-color":"","overlay-opacity":"","overlay-gradient":""}},"footnotes":""},"categories":[62,40],"tags":[34],"class_list":["post-3912","post","type-post","status-publish","format-standard","hentry","category-62","category-capitulo-de-livro","tag-raquel-guine"],"yoast_head":"<!-- This site is optimized with the Yoast SEO plugin v27.5 - https:\/\/yoast.com\/product\/yoast-seo-wordpress\/ -->\r\n<title>Performance de Aprendizagem e o Abandono Escolar no Ensino Superior &#8226; CERNAS - IPV<\/title>\r\n<meta name=\"robots\" content=\"noindex, follow\" \/>\r\n<meta property=\"og:locale\" content=\"pt_PT\" \/>\r\n<meta property=\"og:type\" content=\"article\" \/>\r\n<meta property=\"og:title\" content=\"Performance de Aprendizagem e o Abandono Escolar no Ensino Superior &#8226; CERNAS - IPV\" \/>\r\n<meta property=\"og:description\" content=\"Ferreira M, Cardoso AP, Cabral L, Campos S, Duarte J, Chaves C, Guin\u00e9 R. (2021) Performance de Aprendizagem e o Abandono Escolar no Ensino Superior. In Ferreira M, Campos S, Cardoso AP, Chaves C. (Eds.) Compet\u00eancias Emocionais e Preven\u00e7\u00e3o do Abandono no Ensino Superior, Cap\u00edtulo 7 (Parte 3), pp. 90-101, Edi\u00e7\u00f5es Esgotadas, Viseu.\" \/>\r\n<meta property=\"og:url\" content=\"https:\/\/events.ipv.pt\/cernas\/pt\/performance-de-aprendizagem-e-o-abandono-escolar-no-ensino-superior\/\" \/>\r\n<meta property=\"og:site_name\" content=\"CERNAS - IPV\" \/>\r\n<meta property=\"article:published_time\" content=\"2021-11-19T11:36:20+00:00\" \/>\r\n<meta property=\"article:modified_time\" content=\"2025-11-19T11:36:45+00:00\" \/>\r\n<meta name=\"author\" content=\"cristina\" \/>\r\n<meta name=\"twitter:card\" content=\"summary_large_image\" \/>\r\n<meta name=\"twitter:label1\" content=\"Escrito por\" \/>\n\t<meta name=\"twitter:data1\" content=\"cristina\" \/>\r\n<script type=\"application\/ld+json\" class=\"yoast-schema-graph\">{\"@context\":\"https:\\\/\\\/schema.org\",\"@graph\":[{\"@type\":\"Article\",\"@id\":\"https:\\\/\\\/events.ipv.pt\\\/cernas\\\/performance-de-aprendizagem-e-o-abandono-escolar-no-ensino-superior\\\/#article\",\"isPartOf\":{\"@id\":\"https:\\\/\\\/events.ipv.pt\\\/cernas\\\/performance-de-aprendizagem-e-o-abandono-escolar-no-ensino-superior\\\/\"},\"author\":{\"name\":\"cristina\",\"@id\":\"https:\\\/\\\/events.ipv.pt\\\/cernas\\\/pt\\\/#\\\/schema\\\/person\\\/a4f2196b39cc86065f614febd531befb\"},\"headline\":\"Performance de Aprendizagem e o Abandono Escolar no Ensino Superior\",\"datePublished\":\"2021-11-19T11:36:20+00:00\",\"dateModified\":\"2025-11-19T11:36:45+00:00\",\"mainEntityOfPage\":{\"@id\":\"https:\\\/\\\/events.ipv.pt\\\/cernas\\\/performance-de-aprendizagem-e-o-abandono-escolar-no-ensino-superior\\\/\"},\"wordCount\":64,\"publisher\":{\"@id\":\"https:\\\/\\\/events.ipv.pt\\\/cernas\\\/pt\\\/#organization\"},\"keywords\":[\"Raquel Guin\u00e9\"],\"articleSection\":[\"2021\",\"cap\u00edtulo de livro\"],\"inLanguage\":\"pt-PT\"},{\"@type\":\"WebPage\",\"@id\":\"https:\\\/\\\/events.ipv.pt\\\/cernas\\\/performance-de-aprendizagem-e-o-abandono-escolar-no-ensino-superior\\\/\",\"url\":\"https:\\\/\\\/events.ipv.pt\\\/cernas\\\/performance-de-aprendizagem-e-o-abandono-escolar-no-ensino-superior\\\/\",\"name\":\"Performance de Aprendizagem e o Abandono Escolar no Ensino Superior &#8226; CERNAS - IPV\",\"isPartOf\":{\"@id\":\"https:\\\/\\\/events.ipv.pt\\\/cernas\\\/pt\\\/#website\"},\"datePublished\":\"2021-11-19T11:36:20+00:00\",\"dateModified\":\"2025-11-19T11:36:45+00:00\",\"breadcrumb\":{\"@id\":\"https:\\\/\\\/events.ipv.pt\\\/cernas\\\/performance-de-aprendizagem-e-o-abandono-escolar-no-ensino-superior\\\/#breadcrumb\"},\"inLanguage\":\"pt-PT\",\"potentialAction\":[{\"@type\":\"ReadAction\",\"target\":[\"https:\\\/\\\/events.ipv.pt\\\/cernas\\\/performance-de-aprendizagem-e-o-abandono-escolar-no-ensino-superior\\\/\"]}]},{\"@type\":\"BreadcrumbList\",\"@id\":\"https:\\\/\\\/events.ipv.pt\\\/cernas\\\/performance-de-aprendizagem-e-o-abandono-escolar-no-ensino-superior\\\/#breadcrumb\",\"itemListElement\":[{\"@type\":\"ListItem\",\"position\":1,\"name\":\"Home\",\"item\":\"https:\\\/\\\/events.ipv.pt\\\/cernas\\\/\"},{\"@type\":\"ListItem\",\"position\":2,\"name\":\"Performance de Aprendizagem e o Abandono Escolar no Ensino Superior\"}]},{\"@type\":\"WebSite\",\"@id\":\"https:\\\/\\\/events.ipv.pt\\\/cernas\\\/pt\\\/#website\",\"url\":\"https:\\\/\\\/events.ipv.pt\\\/cernas\\\/pt\\\/\",\"name\":\"CERNAS-IPV | Centro de Estudos de Recursos Naturais, Ambiente e Sociedade\",\"description\":\"\",\"publisher\":{\"@id\":\"https:\\\/\\\/events.ipv.pt\\\/cernas\\\/pt\\\/#organization\"},\"potentialAction\":[{\"@type\":\"SearchAction\",\"target\":{\"@type\":\"EntryPoint\",\"urlTemplate\":\"https:\\\/\\\/events.ipv.pt\\\/cernas\\\/pt\\\/?s={search_term_string}\"},\"query-input\":{\"@type\":\"PropertyValueSpecification\",\"valueRequired\":true,\"valueName\":\"search_term_string\"}}],\"inLanguage\":\"pt-PT\"},{\"@type\":\"Organization\",\"@id\":\"https:\\\/\\\/events.ipv.pt\\\/cernas\\\/pt\\\/#organization\",\"name\":\"Instituto Polit\u00e9cnico de Viseu\",\"url\":\"https:\\\/\\\/events.ipv.pt\\\/cernas\\\/pt\\\/\",\"logo\":{\"@type\":\"ImageObject\",\"inLanguage\":\"pt-PT\",\"@id\":\"https:\\\/\\\/events.ipv.pt\\\/cernas\\\/pt\\\/#\\\/schema\\\/logo\\\/image\\\/\",\"url\":\"http:\\\/\\\/127.0.0.1\\\/cernas\\\/wp-content\\\/uploads\\\/2021\\\/03\\\/logo_pv.png\",\"contentUrl\":\"http:\\\/\\\/127.0.0.1\\\/cernas\\\/wp-content\\\/uploads\\\/2021\\\/03\\\/logo_pv.png\",\"width\":4205,\"height\":1108,\"caption\":\"Instituto Polit\u00e9cnico de Viseu\"},\"image\":{\"@id\":\"https:\\\/\\\/events.ipv.pt\\\/cernas\\\/pt\\\/#\\\/schema\\\/logo\\\/image\\\/\"}},{\"@type\":\"Person\",\"@id\":\"https:\\\/\\\/events.ipv.pt\\\/cernas\\\/pt\\\/#\\\/schema\\\/person\\\/a4f2196b39cc86065f614febd531befb\",\"name\":\"cristina\",\"image\":{\"@type\":\"ImageObject\",\"inLanguage\":\"pt-PT\",\"@id\":\"https:\\\/\\\/secure.gravatar.com\\\/avatar\\\/2195ec5194a145ca5d2c2ad965aa08b0d72d7d4157da345cccfeaa221a984952?s=96&d=mm&r=g\",\"url\":\"https:\\\/\\\/secure.gravatar.com\\\/avatar\\\/2195ec5194a145ca5d2c2ad965aa08b0d72d7d4157da345cccfeaa221a984952?s=96&d=mm&r=g\",\"contentUrl\":\"https:\\\/\\\/secure.gravatar.com\\\/avatar\\\/2195ec5194a145ca5d2c2ad965aa08b0d72d7d4157da345cccfeaa221a984952?s=96&d=mm&r=g\",\"caption\":\"cristina\"},\"sameAs\":[\"http:\\\/\\\/localhost\\\/cernas\"]}]}<\/script>\r\n<!-- \/ Yoast SEO plugin. -->","yoast_head_json":{"title":"Performance de Aprendizagem e o Abandono Escolar no Ensino Superior &#8226; CERNAS - IPV","robots":{"index":"noindex","follow":"follow"},"og_locale":"pt_PT","og_type":"article","og_title":"Performance de Aprendizagem e o Abandono Escolar no Ensino Superior &#8226; CERNAS - IPV","og_description":"Ferreira M, Cardoso AP, Cabral L, Campos S, Duarte J, Chaves C, Guin\u00e9 R. (2021) Performance de Aprendizagem e o Abandono Escolar no Ensino Superior. In Ferreira M, Campos S, Cardoso AP, Chaves C. (Eds.) Compet\u00eancias Emocionais e Preven\u00e7\u00e3o do Abandono no Ensino Superior, Cap\u00edtulo 7 (Parte 3), pp. 90-101, Edi\u00e7\u00f5es Esgotadas, Viseu.","og_url":"https:\/\/events.ipv.pt\/cernas\/pt\/performance-de-aprendizagem-e-o-abandono-escolar-no-ensino-superior\/","og_site_name":"CERNAS - IPV","article_published_time":"2021-11-19T11:36:20+00:00","article_modified_time":"2025-11-19T11:36:45+00:00","author":"cristina","twitter_card":"summary_large_image","twitter_misc":{"Escrito por":"cristina"},"schema":{"@context":"https:\/\/schema.org","@graph":[{"@type":"Article","@id":"https:\/\/events.ipv.pt\/cernas\/performance-de-aprendizagem-e-o-abandono-escolar-no-ensino-superior\/#article","isPartOf":{"@id":"https:\/\/events.ipv.pt\/cernas\/performance-de-aprendizagem-e-o-abandono-escolar-no-ensino-superior\/"},"author":{"name":"cristina","@id":"https:\/\/events.ipv.pt\/cernas\/pt\/#\/schema\/person\/a4f2196b39cc86065f614febd531befb"},"headline":"Performance de Aprendizagem e o Abandono Escolar no Ensino Superior","datePublished":"2021-11-19T11:36:20+00:00","dateModified":"2025-11-19T11:36:45+00:00","mainEntityOfPage":{"@id":"https:\/\/events.ipv.pt\/cernas\/performance-de-aprendizagem-e-o-abandono-escolar-no-ensino-superior\/"},"wordCount":64,"publisher":{"@id":"https:\/\/events.ipv.pt\/cernas\/pt\/#organization"},"keywords":["Raquel Guin\u00e9"],"articleSection":["2021","cap\u00edtulo de livro"],"inLanguage":"pt-PT"},{"@type":"WebPage","@id":"https:\/\/events.ipv.pt\/cernas\/performance-de-aprendizagem-e-o-abandono-escolar-no-ensino-superior\/","url":"https:\/\/events.ipv.pt\/cernas\/performance-de-aprendizagem-e-o-abandono-escolar-no-ensino-superior\/","name":"Performance de Aprendizagem e o Abandono Escolar no Ensino Superior &#8226; CERNAS - IPV","isPartOf":{"@id":"https:\/\/events.ipv.pt\/cernas\/pt\/#website"},"datePublished":"2021-11-19T11:36:20+00:00","dateModified":"2025-11-19T11:36:45+00:00","breadcrumb":{"@id":"https:\/\/events.ipv.pt\/cernas\/performance-de-aprendizagem-e-o-abandono-escolar-no-ensino-superior\/#breadcrumb"},"inLanguage":"pt-PT","potentialAction":[{"@type":"ReadAction","target":["https:\/\/events.ipv.pt\/cernas\/performance-de-aprendizagem-e-o-abandono-escolar-no-ensino-superior\/"]}]},{"@type":"BreadcrumbList","@id":"https:\/\/events.ipv.pt\/cernas\/performance-de-aprendizagem-e-o-abandono-escolar-no-ensino-superior\/#breadcrumb","itemListElement":[{"@type":"ListItem","position":1,"name":"Home","item":"https:\/\/events.ipv.pt\/cernas\/"},{"@type":"ListItem","position":2,"name":"Performance de Aprendizagem e o Abandono Escolar no Ensino Superior"}]},{"@type":"WebSite","@id":"https:\/\/events.ipv.pt\/cernas\/pt\/#website","url":"https:\/\/events.ipv.pt\/cernas\/pt\/","name":"CERNAS-IPV | Centro de Estudos de Recursos Naturais, Ambiente e Sociedade","description":"","publisher":{"@id":"https:\/\/events.ipv.pt\/cernas\/pt\/#organization"},"potentialAction":[{"@type":"SearchAction","target":{"@type":"EntryPoint","urlTemplate":"https:\/\/events.ipv.pt\/cernas\/pt\/?s={search_term_string}"},"query-input":{"@type":"PropertyValueSpecification","valueRequired":true,"valueName":"search_term_string"}}],"inLanguage":"pt-PT"},{"@type":"Organization","@id":"https:\/\/events.ipv.pt\/cernas\/pt\/#organization","name":"Instituto Polit\u00e9cnico de Viseu","url":"https:\/\/events.ipv.pt\/cernas\/pt\/","logo":{"@type":"ImageObject","inLanguage":"pt-PT","@id":"https:\/\/events.ipv.pt\/cernas\/pt\/#\/schema\/logo\/image\/","url":"http:\/\/127.0.0.1\/cernas\/wp-content\/uploads\/2021\/03\/logo_pv.png","contentUrl":"http:\/\/127.0.0.1\/cernas\/wp-content\/uploads\/2021\/03\/logo_pv.png","width":4205,"height":1108,"caption":"Instituto Polit\u00e9cnico de Viseu"},"image":{"@id":"https:\/\/events.ipv.pt\/cernas\/pt\/#\/schema\/logo\/image\/"}},{"@type":"Person","@id":"https:\/\/events.ipv.pt\/cernas\/pt\/#\/schema\/person\/a4f2196b39cc86065f614febd531befb","name":"cristina","image":{"@type":"ImageObject","inLanguage":"pt-PT","@id":"https:\/\/secure.gravatar.com\/avatar\/2195ec5194a145ca5d2c2ad965aa08b0d72d7d4157da345cccfeaa221a984952?s=96&d=mm&r=g","url":"https:\/\/secure.gravatar.com\/avatar\/2195ec5194a145ca5d2c2ad965aa08b0d72d7d4157da345cccfeaa221a984952?s=96&d=mm&r=g","contentUrl":"https:\/\/secure.gravatar.com\/avatar\/2195ec5194a145ca5d2c2ad965aa08b0d72d7d4157da345cccfeaa221a984952?s=96&d=mm&r=g","caption":"cristina"},"sameAs":["http:\/\/localhost\/cernas"]}]}},"_links":{"self":[{"href":"https:\/\/events.ipv.pt\/cernas\/pt\/wp-json\/wp\/v2\/posts\/3912","targetHints":{"allow":["GET"]}}],"collection":[{"href":"https:\/\/events.ipv.pt\/cernas\/pt\/wp-json\/wp\/v2\/posts"}],"about":[{"href":"https:\/\/events.ipv.pt\/cernas\/pt\/wp-json\/wp\/v2\/types\/post"}],"author":[{"embeddable":true,"href":"https:\/\/events.ipv.pt\/cernas\/pt\/wp-json\/wp\/v2\/users\/1"}],"replies":[{"embeddable":true,"href":"https:\/\/events.ipv.pt\/cernas\/pt\/wp-json\/wp\/v2\/comments?post=3912"}],"version-history":[{"count":1,"href":"https:\/\/events.ipv.pt\/cernas\/pt\/wp-json\/wp\/v2\/posts\/3912\/revisions"}],"predecessor-version":[{"id":3913,"href":"https:\/\/events.ipv.pt\/cernas\/pt\/wp-json\/wp\/v2\/posts\/3912\/revisions\/3913"}],"wp:attachment":[{"href":"https:\/\/events.ipv.pt\/cernas\/pt\/wp-json\/wp\/v2\/media?parent=3912"}],"wp:term":[{"taxonomy":"category","embeddable":true,"href":"https:\/\/events.ipv.pt\/cernas\/pt\/wp-json\/wp\/v2\/categories?post=3912"},{"taxonomy":"post_tag","embeddable":true,"href":"https:\/\/events.ipv.pt\/cernas\/pt\/wp-json\/wp\/v2\/tags?post=3912"}],"curies":[{"name":"wp","href":"https:\/\/api.w.org\/{rel}","templated":true}]}}