{"id":345,"date":"2019-01-10T16:27:06","date_gmt":"2019-01-10T16:27:06","guid":{"rendered":"http:\/\/127.0.0.1\/cernas\/?p=345"},"modified":"2024-04-09T08:33:31","modified_gmt":"2024-04-09T08:33:31","slug":"contributos-da-agricultura-familiar-para-a-promocao-de-sistemas-alimentares-e-dietas-sustentaveis","status":"publish","type":"post","link":"https:\/\/events.ipv.pt\/cernas\/pt\/contributos-da-agricultura-familiar-para-a-promocao-de-sistemas-alimentares-e-dietas-sustentaveis\/","title":{"rendered":"Contributos da Agricultura Familiar para a promo\u00e7\u00e3o de sistemas alimentares e dietas sustent\u00e1veis"},"content":{"rendered":"<div class=\"ast-container\">\n<p>PDR2020-20.2.4-FEADER-058145<br \/>\n<i class=\"fa fa-folder-open\"><\/i> <span style=\"font-size: 0.8em;\">Contributos da Agricultura Familiar para a promo\u00e7\u00e3o de sistemas alimentares e dietas sustent\u00e1veis<\/span><br \/>\n<i class=\"fa fa-tag\"><\/i> PDR 2020<br \/>\n<i class=\"fa fa-clock-o\"><\/i> 2019 &#8211; 2022 <a class=\"bt_quad\" href=\"https:\/\/www.ipv.pt\/pi\/PDR2020-2024-058145.pdf\" rel=\"noopener\" target=\"_blank\">mais<\/a><br \/>\n<img loading=\"lazy\" decoding=\"async\" src=\"http:\/\/127.0.0.1\/cernas\/wp-content\/uploads\/2019\/01\/pdr.png\" alt=\"\" width=\"454\" height=\"37\" class=\"alignnone size-full wp-image-839\" srcset=\"https:\/\/events.ipv.pt\/cernas\/wp-content\/uploads\/2019\/01\/pdr.png 454w, https:\/\/events.ipv.pt\/cernas\/wp-content\/uploads\/2019\/01\/pdr-300x24.png 300w\" sizes=\"auto, (max-width: 454px) 100vw, 454px\" \/><\/p>\n<\/div>\n","protected":false},"excerpt":{"rendered":"<p>PDR2020-20.2.4-FEADER-058145 Contributos da Agricultura Familiar para a promo\u00e7\u00e3o de sistemas alimentares e dietas sustent\u00e1veis PDR 2020 2019 &#8211; 2022 mais<\/p>\n","protected":false},"author":1,"featured_media":2070,"comment_status":"closed","ping_status":"open","sticky":false,"template":"","format":"standard","meta":{"site-sidebar-layout":"default","site-content-layout":"default","ast-site-content-layout":"default","site-content-style":"default","site-sidebar-style":"default","ast-global-header-display":"","ast-banner-title-visibility":"","ast-main-header-display":"","ast-hfb-above-header-display":"","ast-hfb-below-header-display":"","ast-hfb-mobile-header-display":"","site-post-title":"","ast-breadcrumbs-content":"","ast-featured-img":"","footer-sml-layout":"","ast-disable-related-posts":"","theme-transparent-header-meta":"default","adv-header-id-meta":"","stick-header-meta":"","header-above-stick-meta":"","header-main-stick-meta":"","header-below-stick-meta":"","astra-migrate-meta-layouts":"set","ast-page-background-enabled":"default","ast-page-background-meta":{"desktop":{"background-color":"","background-image":"","background-repeat":"repeat","background-position":"center center","background-size":"auto","background-attachment":"scroll","background-type":"","background-media":"","overlay-type":"","overlay-color":"","overlay-opacity":"","overlay-gradient":""},"tablet":{"background-color":"","background-image":"","background-repeat":"repeat","background-position":"center center","background-size":"auto","background-attachment":"scroll","background-type":"","background-media":"","overlay-type":"","overlay-color":"","overlay-opacity":"","overlay-gradient":""},"mobile":{"background-color":"","background-image":"","background-repeat":"repeat","background-position":"center center","background-size":"auto","background-attachment":"scroll","background-type":"","background-media":"","overlay-type":"","overlay-color":"","overlay-opacity":"","overlay-gradient":""}},"ast-content-background-meta":{"desktop":{"background-color":"var(--ast-global-color-5)","background-image":"","background-repeat":"repeat","background-position":"center center","background-size":"auto","background-attachment":"scroll","background-type":"","background-media":"","overlay-type":"","overlay-color":"","overlay-opacity":"","overlay-gradient":""},"tablet":{"background-color":"var(--ast-global-color-5)","background-image":"","background-repeat":"repeat","background-position":"center center","background-size":"auto","background-attachment":"scroll","background-type":"","background-media":"","overlay-type":"","overlay-color":"","overlay-opacity":"","overlay-gradient":""},"mobile":{"background-color":"var(--ast-global-color-5)","background-image":"","background-repeat":"repeat","background-position":"center center","background-size":"auto","background-attachment":"scroll","background-type":"","background-media":"","overlay-type":"","overlay-color":"","overlay-opacity":"","overlay-gradient":""}},"footnotes":""},"categories":[17,7],"tags":[],"class_list":["post-345","post","type-post","status-publish","format-standard","has-post-thumbnail","hentry","category-concluido","category-projetos"],"yoast_head":"<!-- This site is optimized with the Yoast SEO plugin v27.5 - https:\/\/yoast.com\/product\/yoast-seo-wordpress\/ -->\r\n<title>Contributos da Agricultura Familiar para a promo\u00e7\u00e3o de sistemas alimentares e dietas sustent\u00e1veis &#8226; CERNAS - IPV<\/title>\r\n<meta name=\"robots\" content=\"noindex, follow\" \/>\r\n<meta property=\"og:locale\" content=\"pt_PT\" \/>\r\n<meta property=\"og:type\" content=\"article\" \/>\r\n<meta property=\"og:title\" content=\"Contributos da Agricultura Familiar para a promo\u00e7\u00e3o de sistemas alimentares e dietas sustent\u00e1veis &#8226; CERNAS - IPV\" \/>\r\n<meta property=\"og:description\" content=\"PDR2020-20.2.4-FEADER-058145 Contributos da Agricultura Familiar para a promo\u00e7\u00e3o de sistemas alimentares e dietas sustent\u00e1veis PDR 2020 2019 &#8211; 2022 mais\" \/>\r\n<meta property=\"og:url\" content=\"https:\/\/events.ipv.pt\/cernas\/pt\/contributos-da-agricultura-familiar-para-a-promocao-de-sistemas-alimentares-e-dietas-sustentaveis\/\" \/>\r\n<meta property=\"og:site_name\" content=\"CERNAS - IPV\" \/>\r\n<meta property=\"article:published_time\" content=\"2019-01-10T16:27:06+00:00\" \/>\r\n<meta property=\"article:modified_time\" content=\"2024-04-09T08:33:31+00:00\" \/>\r\n<meta property=\"og:image\" content=\"https:\/\/events.ipv.pt\/cernas\/wp-content\/uploads\/2019\/01\/contributos.jpg\" \/>\r\n\t<meta property=\"og:image:width\" content=\"370\" \/>\r\n\t<meta property=\"og:image:height\" content=\"264\" \/>\r\n\t<meta property=\"og:image:type\" content=\"image\/jpeg\" \/>\r\n<meta name=\"author\" content=\"cristina\" \/>\r\n<meta name=\"twitter:card\" content=\"summary_large_image\" \/>\r\n<meta name=\"twitter:label1\" content=\"Escrito por\" \/>\n\t<meta name=\"twitter:data1\" content=\"cristina\" \/>\n\t<meta name=\"twitter:label2\" content=\"Tempo estimado de leitura\" \/>\n\t<meta name=\"twitter:data2\" content=\"1 minuto\" \/>\r\n<script type=\"application\/ld+json\" class=\"yoast-schema-graph\">{\"@context\":\"https:\\\/\\\/schema.org\",\"@graph\":[{\"@type\":\"Article\",\"@id\":\"https:\\\/\\\/events.ipv.pt\\\/cernas\\\/contributos-da-agricultura-familiar-para-a-promocao-de-sistemas-alimentares-e-dietas-sustentaveis\\\/#article\",\"isPartOf\":{\"@id\":\"https:\\\/\\\/events.ipv.pt\\\/cernas\\\/contributos-da-agricultura-familiar-para-a-promocao-de-sistemas-alimentares-e-dietas-sustentaveis\\\/\"},\"author\":{\"name\":\"cristina\",\"@id\":\"https:\\\/\\\/events.ipv.pt\\\/cernas\\\/pt\\\/#\\\/schema\\\/person\\\/a4f2196b39cc86065f614febd531befb\"},\"headline\":\"Contributos da Agricultura Familiar para a promo\u00e7\u00e3o de sistemas alimentares e dietas sustent\u00e1veis\",\"datePublished\":\"2019-01-10T16:27:06+00:00\",\"dateModified\":\"2024-04-09T08:33:31+00:00\",\"mainEntityOfPage\":{\"@id\":\"https:\\\/\\\/events.ipv.pt\\\/cernas\\\/contributos-da-agricultura-familiar-para-a-promocao-de-sistemas-alimentares-e-dietas-sustentaveis\\\/\"},\"wordCount\":36,\"publisher\":{\"@id\":\"https:\\\/\\\/events.ipv.pt\\\/cernas\\\/pt\\\/#organization\"},\"image\":{\"@id\":\"https:\\\/\\\/events.ipv.pt\\\/cernas\\\/contributos-da-agricultura-familiar-para-a-promocao-de-sistemas-alimentares-e-dietas-sustentaveis\\\/#primaryimage\"},\"thumbnailUrl\":\"https:\\\/\\\/events.ipv.pt\\\/cernas\\\/wp-content\\\/uploads\\\/2019\\\/01\\\/contributos.jpg\",\"articleSection\":[\"concluido\",\"projetos\"],\"inLanguage\":\"pt-PT\"},{\"@type\":\"WebPage\",\"@id\":\"https:\\\/\\\/events.ipv.pt\\\/cernas\\\/contributos-da-agricultura-familiar-para-a-promocao-de-sistemas-alimentares-e-dietas-sustentaveis\\\/\",\"url\":\"https:\\\/\\\/events.ipv.pt\\\/cernas\\\/contributos-da-agricultura-familiar-para-a-promocao-de-sistemas-alimentares-e-dietas-sustentaveis\\\/\",\"name\":\"Contributos da Agricultura Familiar para a promo\u00e7\u00e3o de sistemas alimentares e dietas sustent\u00e1veis &#8226; CERNAS - IPV\",\"isPartOf\":{\"@id\":\"https:\\\/\\\/events.ipv.pt\\\/cernas\\\/pt\\\/#website\"},\"primaryImageOfPage\":{\"@id\":\"https:\\\/\\\/events.ipv.pt\\\/cernas\\\/contributos-da-agricultura-familiar-para-a-promocao-de-sistemas-alimentares-e-dietas-sustentaveis\\\/#primaryimage\"},\"image\":{\"@id\":\"https:\\\/\\\/events.ipv.pt\\\/cernas\\\/contributos-da-agricultura-familiar-para-a-promocao-de-sistemas-alimentares-e-dietas-sustentaveis\\\/#primaryimage\"},\"thumbnailUrl\":\"https:\\\/\\\/events.ipv.pt\\\/cernas\\\/wp-content\\\/uploads\\\/2019\\\/01\\\/contributos.jpg\",\"datePublished\":\"2019-01-10T16:27:06+00:00\",\"dateModified\":\"2024-04-09T08:33:31+00:00\",\"breadcrumb\":{\"@id\":\"https:\\\/\\\/events.ipv.pt\\\/cernas\\\/contributos-da-agricultura-familiar-para-a-promocao-de-sistemas-alimentares-e-dietas-sustentaveis\\\/#breadcrumb\"},\"inLanguage\":\"pt-PT\",\"potentialAction\":[{\"@type\":\"ReadAction\",\"target\":[\"https:\\\/\\\/events.ipv.pt\\\/cernas\\\/contributos-da-agricultura-familiar-para-a-promocao-de-sistemas-alimentares-e-dietas-sustentaveis\\\/\"]}]},{\"@type\":\"ImageObject\",\"inLanguage\":\"pt-PT\",\"@id\":\"https:\\\/\\\/events.ipv.pt\\\/cernas\\\/contributos-da-agricultura-familiar-para-a-promocao-de-sistemas-alimentares-e-dietas-sustentaveis\\\/#primaryimage\",\"url\":\"https:\\\/\\\/events.ipv.pt\\\/cernas\\\/wp-content\\\/uploads\\\/2019\\\/01\\\/contributos.jpg\",\"contentUrl\":\"https:\\\/\\\/events.ipv.pt\\\/cernas\\\/wp-content\\\/uploads\\\/2019\\\/01\\\/contributos.jpg\",\"width\":370,\"height\":264},{\"@type\":\"BreadcrumbList\",\"@id\":\"https:\\\/\\\/events.ipv.pt\\\/cernas\\\/contributos-da-agricultura-familiar-para-a-promocao-de-sistemas-alimentares-e-dietas-sustentaveis\\\/#breadcrumb\",\"itemListElement\":[{\"@type\":\"ListItem\",\"position\":1,\"name\":\"Home\",\"item\":\"https:\\\/\\\/events.ipv.pt\\\/cernas\\\/\"},{\"@type\":\"ListItem\",\"position\":2,\"name\":\"Contributos da Agricultura Familiar para a promo\u00e7\u00e3o de sistemas alimentares e dietas sustent\u00e1veis\"}]},{\"@type\":\"WebSite\",\"@id\":\"https:\\\/\\\/events.ipv.pt\\\/cernas\\\/pt\\\/#website\",\"url\":\"https:\\\/\\\/events.ipv.pt\\\/cernas\\\/pt\\\/\",\"name\":\"CERNAS-IPV | Centro de Estudos de Recursos Naturais, Ambiente e Sociedade\",\"description\":\"\",\"publisher\":{\"@id\":\"https:\\\/\\\/events.ipv.pt\\\/cernas\\\/pt\\\/#organization\"},\"potentialAction\":[{\"@type\":\"SearchAction\",\"target\":{\"@type\":\"EntryPoint\",\"urlTemplate\":\"https:\\\/\\\/events.ipv.pt\\\/cernas\\\/pt\\\/?s={search_term_string}\"},\"query-input\":{\"@type\":\"PropertyValueSpecification\",\"valueRequired\":true,\"valueName\":\"search_term_string\"}}],\"inLanguage\":\"pt-PT\"},{\"@type\":\"Organization\",\"@id\":\"https:\\\/\\\/events.ipv.pt\\\/cernas\\\/pt\\\/#organization\",\"name\":\"Instituto Polit\u00e9cnico de Viseu\",\"url\":\"https:\\\/\\\/events.ipv.pt\\\/cernas\\\/pt\\\/\",\"logo\":{\"@type\":\"ImageObject\",\"inLanguage\":\"pt-PT\",\"@id\":\"https:\\\/\\\/events.ipv.pt\\\/cernas\\\/pt\\\/#\\\/schema\\\/logo\\\/image\\\/\",\"url\":\"http:\\\/\\\/127.0.0.1\\\/cernas\\\/wp-content\\\/uploads\\\/2021\\\/03\\\/logo_pv.png\",\"contentUrl\":\"http:\\\/\\\/127.0.0.1\\\/cernas\\\/wp-content\\\/uploads\\\/2021\\\/03\\\/logo_pv.png\",\"width\":4205,\"height\":1108,\"caption\":\"Instituto Polit\u00e9cnico de Viseu\"},\"image\":{\"@id\":\"https:\\\/\\\/events.ipv.pt\\\/cernas\\\/pt\\\/#\\\/schema\\\/logo\\\/image\\\/\"}},{\"@type\":\"Person\",\"@id\":\"https:\\\/\\\/events.ipv.pt\\\/cernas\\\/pt\\\/#\\\/schema\\\/person\\\/a4f2196b39cc86065f614febd531befb\",\"name\":\"cristina\",\"image\":{\"@type\":\"ImageObject\",\"inLanguage\":\"pt-PT\",\"@id\":\"https:\\\/\\\/secure.gravatar.com\\\/avatar\\\/2195ec5194a145ca5d2c2ad965aa08b0d72d7d4157da345cccfeaa221a984952?s=96&d=mm&r=g\",\"url\":\"https:\\\/\\\/secure.gravatar.com\\\/avatar\\\/2195ec5194a145ca5d2c2ad965aa08b0d72d7d4157da345cccfeaa221a984952?s=96&d=mm&r=g\",\"contentUrl\":\"https:\\\/\\\/secure.gravatar.com\\\/avatar\\\/2195ec5194a145ca5d2c2ad965aa08b0d72d7d4157da345cccfeaa221a984952?s=96&d=mm&r=g\",\"caption\":\"cristina\"},\"sameAs\":[\"http:\\\/\\\/localhost\\\/cernas\"]}]}<\/script>\r\n<!-- \/ Yoast SEO plugin. -->","yoast_head_json":{"title":"Contributos da Agricultura Familiar para a promo\u00e7\u00e3o de sistemas alimentares e dietas sustent\u00e1veis &#8226; CERNAS - IPV","robots":{"index":"noindex","follow":"follow"},"og_locale":"pt_PT","og_type":"article","og_title":"Contributos da Agricultura Familiar para a promo\u00e7\u00e3o de sistemas alimentares e dietas sustent\u00e1veis &#8226; CERNAS - IPV","og_description":"PDR2020-20.2.4-FEADER-058145 Contributos da Agricultura Familiar para a promo\u00e7\u00e3o de sistemas alimentares e dietas sustent\u00e1veis PDR 2020 2019 &#8211; 2022 mais","og_url":"https:\/\/events.ipv.pt\/cernas\/pt\/contributos-da-agricultura-familiar-para-a-promocao-de-sistemas-alimentares-e-dietas-sustentaveis\/","og_site_name":"CERNAS - IPV","article_published_time":"2019-01-10T16:27:06+00:00","article_modified_time":"2024-04-09T08:33:31+00:00","og_image":[{"width":370,"height":264,"url":"https:\/\/events.ipv.pt\/cernas\/wp-content\/uploads\/2019\/01\/contributos.jpg","type":"image\/jpeg"}],"author":"cristina","twitter_card":"summary_large_image","twitter_misc":{"Escrito por":"cristina","Tempo estimado de leitura":"1 minuto"},"schema":{"@context":"https:\/\/schema.org","@graph":[{"@type":"Article","@id":"https:\/\/events.ipv.pt\/cernas\/contributos-da-agricultura-familiar-para-a-promocao-de-sistemas-alimentares-e-dietas-sustentaveis\/#article","isPartOf":{"@id":"https:\/\/events.ipv.pt\/cernas\/contributos-da-agricultura-familiar-para-a-promocao-de-sistemas-alimentares-e-dietas-sustentaveis\/"},"author":{"name":"cristina","@id":"https:\/\/events.ipv.pt\/cernas\/pt\/#\/schema\/person\/a4f2196b39cc86065f614febd531befb"},"headline":"Contributos da Agricultura Familiar para a promo\u00e7\u00e3o de sistemas alimentares e dietas sustent\u00e1veis","datePublished":"2019-01-10T16:27:06+00:00","dateModified":"2024-04-09T08:33:31+00:00","mainEntityOfPage":{"@id":"https:\/\/events.ipv.pt\/cernas\/contributos-da-agricultura-familiar-para-a-promocao-de-sistemas-alimentares-e-dietas-sustentaveis\/"},"wordCount":36,"publisher":{"@id":"https:\/\/events.ipv.pt\/cernas\/pt\/#organization"},"image":{"@id":"https:\/\/events.ipv.pt\/cernas\/contributos-da-agricultura-familiar-para-a-promocao-de-sistemas-alimentares-e-dietas-sustentaveis\/#primaryimage"},"thumbnailUrl":"https:\/\/events.ipv.pt\/cernas\/wp-content\/uploads\/2019\/01\/contributos.jpg","articleSection":["concluido","projetos"],"inLanguage":"pt-PT"},{"@type":"WebPage","@id":"https:\/\/events.ipv.pt\/cernas\/contributos-da-agricultura-familiar-para-a-promocao-de-sistemas-alimentares-e-dietas-sustentaveis\/","url":"https:\/\/events.ipv.pt\/cernas\/contributos-da-agricultura-familiar-para-a-promocao-de-sistemas-alimentares-e-dietas-sustentaveis\/","name":"Contributos da Agricultura Familiar para a promo\u00e7\u00e3o de sistemas alimentares e dietas sustent\u00e1veis &#8226; CERNAS - IPV","isPartOf":{"@id":"https:\/\/events.ipv.pt\/cernas\/pt\/#website"},"primaryImageOfPage":{"@id":"https:\/\/events.ipv.pt\/cernas\/contributos-da-agricultura-familiar-para-a-promocao-de-sistemas-alimentares-e-dietas-sustentaveis\/#primaryimage"},"image":{"@id":"https:\/\/events.ipv.pt\/cernas\/contributos-da-agricultura-familiar-para-a-promocao-de-sistemas-alimentares-e-dietas-sustentaveis\/#primaryimage"},"thumbnailUrl":"https:\/\/events.ipv.pt\/cernas\/wp-content\/uploads\/2019\/01\/contributos.jpg","datePublished":"2019-01-10T16:27:06+00:00","dateModified":"2024-04-09T08:33:31+00:00","breadcrumb":{"@id":"https:\/\/events.ipv.pt\/cernas\/contributos-da-agricultura-familiar-para-a-promocao-de-sistemas-alimentares-e-dietas-sustentaveis\/#breadcrumb"},"inLanguage":"pt-PT","potentialAction":[{"@type":"ReadAction","target":["https:\/\/events.ipv.pt\/cernas\/contributos-da-agricultura-familiar-para-a-promocao-de-sistemas-alimentares-e-dietas-sustentaveis\/"]}]},{"@type":"ImageObject","inLanguage":"pt-PT","@id":"https:\/\/events.ipv.pt\/cernas\/contributos-da-agricultura-familiar-para-a-promocao-de-sistemas-alimentares-e-dietas-sustentaveis\/#primaryimage","url":"https:\/\/events.ipv.pt\/cernas\/wp-content\/uploads\/2019\/01\/contributos.jpg","contentUrl":"https:\/\/events.ipv.pt\/cernas\/wp-content\/uploads\/2019\/01\/contributos.jpg","width":370,"height":264},{"@type":"BreadcrumbList","@id":"https:\/\/events.ipv.pt\/cernas\/contributos-da-agricultura-familiar-para-a-promocao-de-sistemas-alimentares-e-dietas-sustentaveis\/#breadcrumb","itemListElement":[{"@type":"ListItem","position":1,"name":"Home","item":"https:\/\/events.ipv.pt\/cernas\/"},{"@type":"ListItem","position":2,"name":"Contributos da Agricultura Familiar para a promo\u00e7\u00e3o de sistemas alimentares e dietas sustent\u00e1veis"}]},{"@type":"WebSite","@id":"https:\/\/events.ipv.pt\/cernas\/pt\/#website","url":"https:\/\/events.ipv.pt\/cernas\/pt\/","name":"CERNAS-IPV | Centro de Estudos de Recursos Naturais, Ambiente e Sociedade","description":"","publisher":{"@id":"https:\/\/events.ipv.pt\/cernas\/pt\/#organization"},"potentialAction":[{"@type":"SearchAction","target":{"@type":"EntryPoint","urlTemplate":"https:\/\/events.ipv.pt\/cernas\/pt\/?s={search_term_string}"},"query-input":{"@type":"PropertyValueSpecification","valueRequired":true,"valueName":"search_term_string"}}],"inLanguage":"pt-PT"},{"@type":"Organization","@id":"https:\/\/events.ipv.pt\/cernas\/pt\/#organization","name":"Instituto Polit\u00e9cnico de Viseu","url":"https:\/\/events.ipv.pt\/cernas\/pt\/","logo":{"@type":"ImageObject","inLanguage":"pt-PT","@id":"https:\/\/events.ipv.pt\/cernas\/pt\/#\/schema\/logo\/image\/","url":"http:\/\/127.0.0.1\/cernas\/wp-content\/uploads\/2021\/03\/logo_pv.png","contentUrl":"http:\/\/127.0.0.1\/cernas\/wp-content\/uploads\/2021\/03\/logo_pv.png","width":4205,"height":1108,"caption":"Instituto Polit\u00e9cnico de Viseu"},"image":{"@id":"https:\/\/events.ipv.pt\/cernas\/pt\/#\/schema\/logo\/image\/"}},{"@type":"Person","@id":"https:\/\/events.ipv.pt\/cernas\/pt\/#\/schema\/person\/a4f2196b39cc86065f614febd531befb","name":"cristina","image":{"@type":"ImageObject","inLanguage":"pt-PT","@id":"https:\/\/secure.gravatar.com\/avatar\/2195ec5194a145ca5d2c2ad965aa08b0d72d7d4157da345cccfeaa221a984952?s=96&d=mm&r=g","url":"https:\/\/secure.gravatar.com\/avatar\/2195ec5194a145ca5d2c2ad965aa08b0d72d7d4157da345cccfeaa221a984952?s=96&d=mm&r=g","contentUrl":"https:\/\/secure.gravatar.com\/avatar\/2195ec5194a145ca5d2c2ad965aa08b0d72d7d4157da345cccfeaa221a984952?s=96&d=mm&r=g","caption":"cristina"},"sameAs":["http:\/\/localhost\/cernas"]}]}},"_links":{"self":[{"href":"https:\/\/events.ipv.pt\/cernas\/pt\/wp-json\/wp\/v2\/posts\/345","targetHints":{"allow":["GET"]}}],"collection":[{"href":"https:\/\/events.ipv.pt\/cernas\/pt\/wp-json\/wp\/v2\/posts"}],"about":[{"href":"https:\/\/events.ipv.pt\/cernas\/pt\/wp-json\/wp\/v2\/types\/post"}],"author":[{"embeddable":true,"href":"https:\/\/events.ipv.pt\/cernas\/pt\/wp-json\/wp\/v2\/users\/1"}],"replies":[{"embeddable":true,"href":"https:\/\/events.ipv.pt\/cernas\/pt\/wp-json\/wp\/v2\/comments?post=345"}],"version-history":[{"count":5,"href":"https:\/\/events.ipv.pt\/cernas\/pt\/wp-json\/wp\/v2\/posts\/345\/revisions"}],"predecessor-version":[{"id":2734,"href":"https:\/\/events.ipv.pt\/cernas\/pt\/wp-json\/wp\/v2\/posts\/345\/revisions\/2734"}],"wp:featuredmedia":[{"embeddable":true,"href":"https:\/\/events.ipv.pt\/cernas\/pt\/wp-json\/wp\/v2\/media\/2070"}],"wp:attachment":[{"href":"https:\/\/events.ipv.pt\/cernas\/pt\/wp-json\/wp\/v2\/media?parent=345"}],"wp:term":[{"taxonomy":"category","embeddable":true,"href":"https:\/\/events.ipv.pt\/cernas\/pt\/wp-json\/wp\/v2\/categories?post=345"},{"taxonomy":"post_tag","embeddable":true,"href":"https:\/\/events.ipv.pt\/cernas\/pt\/wp-json\/wp\/v2\/tags?post=345"}],"curies":[{"name":"wp","href":"https:\/\/api.w.org\/{rel}","templated":true}]}}