{"id":2077,"date":"2020-12-05T10:12:56","date_gmt":"2020-12-05T10:12:56","guid":{"rendered":"http:\/\/127.0.0.1\/cernas\/?p=2077"},"modified":"2024-04-09T08:32:18","modified_gmt":"2024-04-09T08:32:18","slug":"programa-valorizacao-da-fileira-dos-vinhos-da-regiao-centro-acao-valorizacao-economicas-de-castas-na-regiao-do-dao","status":"publish","type":"post","link":"https:\/\/events.ipv.pt\/cernas\/pt\/programa-valorizacao-da-fileira-dos-vinhos-da-regiao-centro-acao-valorizacao-economicas-de-castas-na-regiao-do-dao\/","title":{"rendered":"Programa Valoriza\u00e7\u00e3o da Fileira dos Vinhos da Regi\u00e3o Centro-A\u00e7\u00e3o: Valoriza\u00e7\u00e3o Econ\u00f3micas de Castas na Regi\u00e3o do D\u00e3o"},"content":{"rendered":"<div class=\"ast-container\">\n<p>CENTRO-04-3928-FEDER-000028<br \/>\n<i class=\"fa fa-folder-open\"><\/i> <span style=\"font-size: 0.8em;\">Programa Valoriza\u00e7\u00e3o da Fileira dos Vinhos da Regi\u00e3o Centro-A\u00e7\u00e3o: Valoriza\u00e7\u00e3o Econ\u00f3micas de Castas na Regi\u00e3o do D\u00e3o<\/span><br \/>\n<i class=\"fa fa-clock-o\"><\/i> 2020 &#8211; 2022 <a class=\"bt_quad\" href=\"http:\/\/www.centro.portugal2020.pt\/index.php\/provere-programa-de-valorizacao-economica-dos-recursos-endogenos\/item\/918\" rel=\"noopener\" target=\"_blank\">mais<\/a><\/p>\n<\/div>\n","protected":false},"excerpt":{"rendered":"<p>CENTRO-04-3928-FEDER-000028 Programa Valoriza\u00e7\u00e3o da Fileira dos Vinhos da Regi\u00e3o Centro-A\u00e7\u00e3o: Valoriza\u00e7\u00e3o Econ\u00f3micas de Castas na Regi\u00e3o do D\u00e3o 2020 &#8211; 2022 mais<\/p>\n","protected":false},"author":1,"featured_media":257,"comment_status":"closed","ping_status":"open","sticky":false,"template":"","format":"standard","meta":{"site-sidebar-layout":"default","site-content-layout":"","ast-site-content-layout":"default","site-content-style":"default","site-sidebar-style":"default","ast-global-header-display":"","ast-banner-title-visibility":"","ast-main-header-display":"","ast-hfb-above-header-display":"","ast-hfb-below-header-display":"","ast-hfb-mobile-header-display":"","site-post-title":"","ast-breadcrumbs-content":"","ast-featured-img":"","footer-sml-layout":"","ast-disable-related-posts":"","theme-transparent-header-meta":"default","adv-header-id-meta":"","stick-header-meta":"","header-above-stick-meta":"","header-main-stick-meta":"","header-below-stick-meta":"","astra-migrate-meta-layouts":"set","ast-page-background-enabled":"default","ast-page-background-meta":{"desktop":{"background-color":"","background-image":"","background-repeat":"repeat","background-position":"center center","background-size":"auto","background-attachment":"scroll","background-type":"","background-media":"","overlay-type":"","overlay-color":"","overlay-opacity":"","overlay-gradient":""},"tablet":{"background-color":"","background-image":"","background-repeat":"repeat","background-position":"center center","background-size":"auto","background-attachment":"scroll","background-type":"","background-media":"","overlay-type":"","overlay-color":"","overlay-opacity":"","overlay-gradient":""},"mobile":{"background-color":"","background-image":"","background-repeat":"repeat","background-position":"center center","background-size":"auto","background-attachment":"scroll","background-type":"","background-media":"","overlay-type":"","overlay-color":"","overlay-opacity":"","overlay-gradient":""}},"ast-content-background-meta":{"desktop":{"background-color":"var(--ast-global-color-5)","background-image":"","background-repeat":"repeat","background-position":"center center","background-size":"auto","background-attachment":"scroll","background-type":"","background-media":"","overlay-type":"","overlay-color":"","overlay-opacity":"","overlay-gradient":""},"tablet":{"background-color":"var(--ast-global-color-5)","background-image":"","background-repeat":"repeat","background-position":"center center","background-size":"auto","background-attachment":"scroll","background-type":"","background-media":"","overlay-type":"","overlay-color":"","overlay-opacity":"","overlay-gradient":""},"mobile":{"background-color":"var(--ast-global-color-5)","background-image":"","background-repeat":"repeat","background-position":"center center","background-size":"auto","background-attachment":"scroll","background-type":"","background-media":"","overlay-type":"","overlay-color":"","overlay-opacity":"","overlay-gradient":""}},"footnotes":""},"categories":[17,7],"tags":[],"class_list":["post-2077","post","type-post","status-publish","format-standard","has-post-thumbnail","hentry","category-concluido","category-projetos"],"yoast_head":"<!-- This site is optimized with the Yoast SEO plugin v27.4 - https:\/\/yoast.com\/product\/yoast-seo-wordpress\/ -->\r\n<title>Programa Valoriza\u00e7\u00e3o da Fileira dos Vinhos da Regi\u00e3o Centro-A\u00e7\u00e3o: Valoriza\u00e7\u00e3o Econ\u00f3micas de Castas na Regi\u00e3o do D\u00e3o &#8226; CERNAS - IPV<\/title>\r\n<meta name=\"robots\" content=\"noindex, follow\" \/>\r\n<meta property=\"og:locale\" content=\"pt_PT\" \/>\r\n<meta property=\"og:type\" content=\"article\" \/>\r\n<meta property=\"og:title\" content=\"Programa Valoriza\u00e7\u00e3o da Fileira dos Vinhos da Regi\u00e3o Centro-A\u00e7\u00e3o: Valoriza\u00e7\u00e3o Econ\u00f3micas de Castas na Regi\u00e3o do D\u00e3o &#8226; CERNAS - IPV\" \/>\r\n<meta property=\"og:description\" content=\"CENTRO-04-3928-FEDER-000028 Programa Valoriza\u00e7\u00e3o da Fileira dos Vinhos da Regi\u00e3o Centro-A\u00e7\u00e3o: Valoriza\u00e7\u00e3o Econ\u00f3micas de Castas na Regi\u00e3o do D\u00e3o 2020 &#8211; 2022 mais\" \/>\r\n<meta property=\"og:url\" content=\"https:\/\/events.ipv.pt\/cernas\/pt\/programa-valorizacao-da-fileira-dos-vinhos-da-regiao-centro-acao-valorizacao-economicas-de-castas-na-regiao-do-dao\/\" \/>\r\n<meta property=\"og:site_name\" content=\"CERNAS - IPV\" \/>\r\n<meta property=\"article:published_time\" content=\"2020-12-05T10:12:56+00:00\" \/>\r\n<meta property=\"article:modified_time\" content=\"2024-04-09T08:32:18+00:00\" \/>\r\n<meta property=\"og:image\" content=\"https:\/\/events.ipv.pt\/cernas\/wp-content\/uploads\/2021\/03\/mk.jpg\" \/>\r\n\t<meta property=\"og:image:width\" content=\"370\" \/>\r\n\t<meta property=\"og:image:height\" content=\"264\" \/>\r\n\t<meta property=\"og:image:type\" content=\"image\/jpeg\" \/>\r\n<meta name=\"author\" content=\"cristina\" \/>\r\n<meta name=\"twitter:card\" content=\"summary_large_image\" \/>\r\n<meta name=\"twitter:label1\" content=\"Escrito por\" \/>\n\t<meta name=\"twitter:data1\" content=\"cristina\" \/>\n\t<meta name=\"twitter:label2\" content=\"Tempo estimado de leitura\" \/>\n\t<meta name=\"twitter:data2\" content=\"1 minuto\" \/>\r\n<script type=\"application\/ld+json\" class=\"yoast-schema-graph\">{\"@context\":\"https:\\\/\\\/schema.org\",\"@graph\":[{\"@type\":\"Article\",\"@id\":\"https:\\\/\\\/events.ipv.pt\\\/cernas\\\/programa-valorizacao-da-fileira-dos-vinhos-da-regiao-centro-acao-valorizacao-economicas-de-castas-na-regiao-do-dao\\\/#article\",\"isPartOf\":{\"@id\":\"https:\\\/\\\/events.ipv.pt\\\/cernas\\\/programa-valorizacao-da-fileira-dos-vinhos-da-regiao-centro-acao-valorizacao-economicas-de-castas-na-regiao-do-dao\\\/\"},\"author\":{\"name\":\"cristina\",\"@id\":\"https:\\\/\\\/events.ipv.pt\\\/cernas\\\/pt\\\/#\\\/schema\\\/person\\\/a4f2196b39cc86065f614febd531befb\"},\"headline\":\"Programa Valoriza\u00e7\u00e3o da Fileira dos Vinhos da Regi\u00e3o Centro-A\u00e7\u00e3o: Valoriza\u00e7\u00e3o Econ\u00f3micas de Castas na Regi\u00e3o do D\u00e3o\",\"datePublished\":\"2020-12-05T10:12:56+00:00\",\"dateModified\":\"2024-04-09T08:32:18+00:00\",\"mainEntityOfPage\":{\"@id\":\"https:\\\/\\\/events.ipv.pt\\\/cernas\\\/programa-valorizacao-da-fileira-dos-vinhos-da-regiao-centro-acao-valorizacao-economicas-de-castas-na-regiao-do-dao\\\/\"},\"wordCount\":53,\"publisher\":{\"@id\":\"https:\\\/\\\/events.ipv.pt\\\/cernas\\\/pt\\\/#organization\"},\"image\":{\"@id\":\"https:\\\/\\\/events.ipv.pt\\\/cernas\\\/programa-valorizacao-da-fileira-dos-vinhos-da-regiao-centro-acao-valorizacao-economicas-de-castas-na-regiao-do-dao\\\/#primaryimage\"},\"thumbnailUrl\":\"https:\\\/\\\/events.ipv.pt\\\/cernas\\\/wp-content\\\/uploads\\\/2021\\\/03\\\/mk.jpg\",\"articleSection\":[\"concluido\",\"projetos\"],\"inLanguage\":\"pt-PT\"},{\"@type\":\"WebPage\",\"@id\":\"https:\\\/\\\/events.ipv.pt\\\/cernas\\\/programa-valorizacao-da-fileira-dos-vinhos-da-regiao-centro-acao-valorizacao-economicas-de-castas-na-regiao-do-dao\\\/\",\"url\":\"https:\\\/\\\/events.ipv.pt\\\/cernas\\\/programa-valorizacao-da-fileira-dos-vinhos-da-regiao-centro-acao-valorizacao-economicas-de-castas-na-regiao-do-dao\\\/\",\"name\":\"Programa Valoriza\u00e7\u00e3o da Fileira dos Vinhos da Regi\u00e3o Centro-A\u00e7\u00e3o: Valoriza\u00e7\u00e3o Econ\u00f3micas de Castas na Regi\u00e3o do D\u00e3o &#8226; CERNAS - IPV\",\"isPartOf\":{\"@id\":\"https:\\\/\\\/events.ipv.pt\\\/cernas\\\/pt\\\/#website\"},\"primaryImageOfPage\":{\"@id\":\"https:\\\/\\\/events.ipv.pt\\\/cernas\\\/programa-valorizacao-da-fileira-dos-vinhos-da-regiao-centro-acao-valorizacao-economicas-de-castas-na-regiao-do-dao\\\/#primaryimage\"},\"image\":{\"@id\":\"https:\\\/\\\/events.ipv.pt\\\/cernas\\\/programa-valorizacao-da-fileira-dos-vinhos-da-regiao-centro-acao-valorizacao-economicas-de-castas-na-regiao-do-dao\\\/#primaryimage\"},\"thumbnailUrl\":\"https:\\\/\\\/events.ipv.pt\\\/cernas\\\/wp-content\\\/uploads\\\/2021\\\/03\\\/mk.jpg\",\"datePublished\":\"2020-12-05T10:12:56+00:00\",\"dateModified\":\"2024-04-09T08:32:18+00:00\",\"breadcrumb\":{\"@id\":\"https:\\\/\\\/events.ipv.pt\\\/cernas\\\/programa-valorizacao-da-fileira-dos-vinhos-da-regiao-centro-acao-valorizacao-economicas-de-castas-na-regiao-do-dao\\\/#breadcrumb\"},\"inLanguage\":\"pt-PT\",\"potentialAction\":[{\"@type\":\"ReadAction\",\"target\":[\"https:\\\/\\\/events.ipv.pt\\\/cernas\\\/programa-valorizacao-da-fileira-dos-vinhos-da-regiao-centro-acao-valorizacao-economicas-de-castas-na-regiao-do-dao\\\/\"]}]},{\"@type\":\"ImageObject\",\"inLanguage\":\"pt-PT\",\"@id\":\"https:\\\/\\\/events.ipv.pt\\\/cernas\\\/programa-valorizacao-da-fileira-dos-vinhos-da-regiao-centro-acao-valorizacao-economicas-de-castas-na-regiao-do-dao\\\/#primaryimage\",\"url\":\"https:\\\/\\\/events.ipv.pt\\\/cernas\\\/wp-content\\\/uploads\\\/2021\\\/03\\\/mk.jpg\",\"contentUrl\":\"https:\\\/\\\/events.ipv.pt\\\/cernas\\\/wp-content\\\/uploads\\\/2021\\\/03\\\/mk.jpg\",\"width\":370,\"height\":264},{\"@type\":\"BreadcrumbList\",\"@id\":\"https:\\\/\\\/events.ipv.pt\\\/cernas\\\/programa-valorizacao-da-fileira-dos-vinhos-da-regiao-centro-acao-valorizacao-economicas-de-castas-na-regiao-do-dao\\\/#breadcrumb\",\"itemListElement\":[{\"@type\":\"ListItem\",\"position\":1,\"name\":\"Home\",\"item\":\"https:\\\/\\\/events.ipv.pt\\\/cernas\\\/\"},{\"@type\":\"ListItem\",\"position\":2,\"name\":\"Programa Valoriza\u00e7\u00e3o da Fileira dos Vinhos da Regi\u00e3o Centro-A\u00e7\u00e3o: Valoriza\u00e7\u00e3o Econ\u00f3micas de Castas na Regi\u00e3o do D\u00e3o\"}]},{\"@type\":\"WebSite\",\"@id\":\"https:\\\/\\\/events.ipv.pt\\\/cernas\\\/pt\\\/#website\",\"url\":\"https:\\\/\\\/events.ipv.pt\\\/cernas\\\/pt\\\/\",\"name\":\"CERNAS-IPV | Centro de Estudos de Recursos Naturais, Ambiente e Sociedade\",\"description\":\"\",\"publisher\":{\"@id\":\"https:\\\/\\\/events.ipv.pt\\\/cernas\\\/pt\\\/#organization\"},\"potentialAction\":[{\"@type\":\"SearchAction\",\"target\":{\"@type\":\"EntryPoint\",\"urlTemplate\":\"https:\\\/\\\/events.ipv.pt\\\/cernas\\\/pt\\\/?s={search_term_string}\"},\"query-input\":{\"@type\":\"PropertyValueSpecification\",\"valueRequired\":true,\"valueName\":\"search_term_string\"}}],\"inLanguage\":\"pt-PT\"},{\"@type\":\"Organization\",\"@id\":\"https:\\\/\\\/events.ipv.pt\\\/cernas\\\/pt\\\/#organization\",\"name\":\"Instituto Polit\u00e9cnico de Viseu\",\"url\":\"https:\\\/\\\/events.ipv.pt\\\/cernas\\\/pt\\\/\",\"logo\":{\"@type\":\"ImageObject\",\"inLanguage\":\"pt-PT\",\"@id\":\"https:\\\/\\\/events.ipv.pt\\\/cernas\\\/pt\\\/#\\\/schema\\\/logo\\\/image\\\/\",\"url\":\"http:\\\/\\\/127.0.0.1\\\/cernas\\\/wp-content\\\/uploads\\\/2021\\\/03\\\/logo_pv.png\",\"contentUrl\":\"http:\\\/\\\/127.0.0.1\\\/cernas\\\/wp-content\\\/uploads\\\/2021\\\/03\\\/logo_pv.png\",\"width\":4205,\"height\":1108,\"caption\":\"Instituto Polit\u00e9cnico de Viseu\"},\"image\":{\"@id\":\"https:\\\/\\\/events.ipv.pt\\\/cernas\\\/pt\\\/#\\\/schema\\\/logo\\\/image\\\/\"}},{\"@type\":\"Person\",\"@id\":\"https:\\\/\\\/events.ipv.pt\\\/cernas\\\/pt\\\/#\\\/schema\\\/person\\\/a4f2196b39cc86065f614febd531befb\",\"name\":\"cristina\",\"image\":{\"@type\":\"ImageObject\",\"inLanguage\":\"pt-PT\",\"@id\":\"https:\\\/\\\/secure.gravatar.com\\\/avatar\\\/2195ec5194a145ca5d2c2ad965aa08b0d72d7d4157da345cccfeaa221a984952?s=96&d=mm&r=g\",\"url\":\"https:\\\/\\\/secure.gravatar.com\\\/avatar\\\/2195ec5194a145ca5d2c2ad965aa08b0d72d7d4157da345cccfeaa221a984952?s=96&d=mm&r=g\",\"contentUrl\":\"https:\\\/\\\/secure.gravatar.com\\\/avatar\\\/2195ec5194a145ca5d2c2ad965aa08b0d72d7d4157da345cccfeaa221a984952?s=96&d=mm&r=g\",\"caption\":\"cristina\"},\"sameAs\":[\"http:\\\/\\\/localhost\\\/cernas\"]}]}<\/script>\r\n<!-- \/ Yoast SEO plugin. -->","yoast_head_json":{"title":"Programa Valoriza\u00e7\u00e3o da Fileira dos Vinhos da Regi\u00e3o Centro-A\u00e7\u00e3o: Valoriza\u00e7\u00e3o Econ\u00f3micas de Castas na Regi\u00e3o do D\u00e3o &#8226; CERNAS - IPV","robots":{"index":"noindex","follow":"follow"},"og_locale":"pt_PT","og_type":"article","og_title":"Programa Valoriza\u00e7\u00e3o da Fileira dos Vinhos da Regi\u00e3o Centro-A\u00e7\u00e3o: Valoriza\u00e7\u00e3o Econ\u00f3micas de Castas na Regi\u00e3o do D\u00e3o &#8226; CERNAS - IPV","og_description":"CENTRO-04-3928-FEDER-000028 Programa Valoriza\u00e7\u00e3o da Fileira dos Vinhos da Regi\u00e3o Centro-A\u00e7\u00e3o: Valoriza\u00e7\u00e3o Econ\u00f3micas de Castas na Regi\u00e3o do D\u00e3o 2020 &#8211; 2022 mais","og_url":"https:\/\/events.ipv.pt\/cernas\/pt\/programa-valorizacao-da-fileira-dos-vinhos-da-regiao-centro-acao-valorizacao-economicas-de-castas-na-regiao-do-dao\/","og_site_name":"CERNAS - IPV","article_published_time":"2020-12-05T10:12:56+00:00","article_modified_time":"2024-04-09T08:32:18+00:00","og_image":[{"width":370,"height":264,"url":"https:\/\/events.ipv.pt\/cernas\/wp-content\/uploads\/2021\/03\/mk.jpg","type":"image\/jpeg"}],"author":"cristina","twitter_card":"summary_large_image","twitter_misc":{"Escrito por":"cristina","Tempo estimado de leitura":"1 minuto"},"schema":{"@context":"https:\/\/schema.org","@graph":[{"@type":"Article","@id":"https:\/\/events.ipv.pt\/cernas\/programa-valorizacao-da-fileira-dos-vinhos-da-regiao-centro-acao-valorizacao-economicas-de-castas-na-regiao-do-dao\/#article","isPartOf":{"@id":"https:\/\/events.ipv.pt\/cernas\/programa-valorizacao-da-fileira-dos-vinhos-da-regiao-centro-acao-valorizacao-economicas-de-castas-na-regiao-do-dao\/"},"author":{"name":"cristina","@id":"https:\/\/events.ipv.pt\/cernas\/pt\/#\/schema\/person\/a4f2196b39cc86065f614febd531befb"},"headline":"Programa Valoriza\u00e7\u00e3o da Fileira dos Vinhos da Regi\u00e3o Centro-A\u00e7\u00e3o: Valoriza\u00e7\u00e3o Econ\u00f3micas de Castas na Regi\u00e3o do D\u00e3o","datePublished":"2020-12-05T10:12:56+00:00","dateModified":"2024-04-09T08:32:18+00:00","mainEntityOfPage":{"@id":"https:\/\/events.ipv.pt\/cernas\/programa-valorizacao-da-fileira-dos-vinhos-da-regiao-centro-acao-valorizacao-economicas-de-castas-na-regiao-do-dao\/"},"wordCount":53,"publisher":{"@id":"https:\/\/events.ipv.pt\/cernas\/pt\/#organization"},"image":{"@id":"https:\/\/events.ipv.pt\/cernas\/programa-valorizacao-da-fileira-dos-vinhos-da-regiao-centro-acao-valorizacao-economicas-de-castas-na-regiao-do-dao\/#primaryimage"},"thumbnailUrl":"https:\/\/events.ipv.pt\/cernas\/wp-content\/uploads\/2021\/03\/mk.jpg","articleSection":["concluido","projetos"],"inLanguage":"pt-PT"},{"@type":"WebPage","@id":"https:\/\/events.ipv.pt\/cernas\/programa-valorizacao-da-fileira-dos-vinhos-da-regiao-centro-acao-valorizacao-economicas-de-castas-na-regiao-do-dao\/","url":"https:\/\/events.ipv.pt\/cernas\/programa-valorizacao-da-fileira-dos-vinhos-da-regiao-centro-acao-valorizacao-economicas-de-castas-na-regiao-do-dao\/","name":"Programa Valoriza\u00e7\u00e3o da Fileira dos Vinhos da Regi\u00e3o Centro-A\u00e7\u00e3o: Valoriza\u00e7\u00e3o Econ\u00f3micas de Castas na Regi\u00e3o do D\u00e3o &#8226; CERNAS - IPV","isPartOf":{"@id":"https:\/\/events.ipv.pt\/cernas\/pt\/#website"},"primaryImageOfPage":{"@id":"https:\/\/events.ipv.pt\/cernas\/programa-valorizacao-da-fileira-dos-vinhos-da-regiao-centro-acao-valorizacao-economicas-de-castas-na-regiao-do-dao\/#primaryimage"},"image":{"@id":"https:\/\/events.ipv.pt\/cernas\/programa-valorizacao-da-fileira-dos-vinhos-da-regiao-centro-acao-valorizacao-economicas-de-castas-na-regiao-do-dao\/#primaryimage"},"thumbnailUrl":"https:\/\/events.ipv.pt\/cernas\/wp-content\/uploads\/2021\/03\/mk.jpg","datePublished":"2020-12-05T10:12:56+00:00","dateModified":"2024-04-09T08:32:18+00:00","breadcrumb":{"@id":"https:\/\/events.ipv.pt\/cernas\/programa-valorizacao-da-fileira-dos-vinhos-da-regiao-centro-acao-valorizacao-economicas-de-castas-na-regiao-do-dao\/#breadcrumb"},"inLanguage":"pt-PT","potentialAction":[{"@type":"ReadAction","target":["https:\/\/events.ipv.pt\/cernas\/programa-valorizacao-da-fileira-dos-vinhos-da-regiao-centro-acao-valorizacao-economicas-de-castas-na-regiao-do-dao\/"]}]},{"@type":"ImageObject","inLanguage":"pt-PT","@id":"https:\/\/events.ipv.pt\/cernas\/programa-valorizacao-da-fileira-dos-vinhos-da-regiao-centro-acao-valorizacao-economicas-de-castas-na-regiao-do-dao\/#primaryimage","url":"https:\/\/events.ipv.pt\/cernas\/wp-content\/uploads\/2021\/03\/mk.jpg","contentUrl":"https:\/\/events.ipv.pt\/cernas\/wp-content\/uploads\/2021\/03\/mk.jpg","width":370,"height":264},{"@type":"BreadcrumbList","@id":"https:\/\/events.ipv.pt\/cernas\/programa-valorizacao-da-fileira-dos-vinhos-da-regiao-centro-acao-valorizacao-economicas-de-castas-na-regiao-do-dao\/#breadcrumb","itemListElement":[{"@type":"ListItem","position":1,"name":"Home","item":"https:\/\/events.ipv.pt\/cernas\/"},{"@type":"ListItem","position":2,"name":"Programa Valoriza\u00e7\u00e3o da Fileira dos Vinhos da Regi\u00e3o Centro-A\u00e7\u00e3o: Valoriza\u00e7\u00e3o Econ\u00f3micas de Castas na Regi\u00e3o do D\u00e3o"}]},{"@type":"WebSite","@id":"https:\/\/events.ipv.pt\/cernas\/pt\/#website","url":"https:\/\/events.ipv.pt\/cernas\/pt\/","name":"CERNAS-IPV | Centro de Estudos de Recursos Naturais, Ambiente e Sociedade","description":"","publisher":{"@id":"https:\/\/events.ipv.pt\/cernas\/pt\/#organization"},"potentialAction":[{"@type":"SearchAction","target":{"@type":"EntryPoint","urlTemplate":"https:\/\/events.ipv.pt\/cernas\/pt\/?s={search_term_string}"},"query-input":{"@type":"PropertyValueSpecification","valueRequired":true,"valueName":"search_term_string"}}],"inLanguage":"pt-PT"},{"@type":"Organization","@id":"https:\/\/events.ipv.pt\/cernas\/pt\/#organization","name":"Instituto Polit\u00e9cnico de Viseu","url":"https:\/\/events.ipv.pt\/cernas\/pt\/","logo":{"@type":"ImageObject","inLanguage":"pt-PT","@id":"https:\/\/events.ipv.pt\/cernas\/pt\/#\/schema\/logo\/image\/","url":"http:\/\/127.0.0.1\/cernas\/wp-content\/uploads\/2021\/03\/logo_pv.png","contentUrl":"http:\/\/127.0.0.1\/cernas\/wp-content\/uploads\/2021\/03\/logo_pv.png","width":4205,"height":1108,"caption":"Instituto Polit\u00e9cnico de Viseu"},"image":{"@id":"https:\/\/events.ipv.pt\/cernas\/pt\/#\/schema\/logo\/image\/"}},{"@type":"Person","@id":"https:\/\/events.ipv.pt\/cernas\/pt\/#\/schema\/person\/a4f2196b39cc86065f614febd531befb","name":"cristina","image":{"@type":"ImageObject","inLanguage":"pt-PT","@id":"https:\/\/secure.gravatar.com\/avatar\/2195ec5194a145ca5d2c2ad965aa08b0d72d7d4157da345cccfeaa221a984952?s=96&d=mm&r=g","url":"https:\/\/secure.gravatar.com\/avatar\/2195ec5194a145ca5d2c2ad965aa08b0d72d7d4157da345cccfeaa221a984952?s=96&d=mm&r=g","contentUrl":"https:\/\/secure.gravatar.com\/avatar\/2195ec5194a145ca5d2c2ad965aa08b0d72d7d4157da345cccfeaa221a984952?s=96&d=mm&r=g","caption":"cristina"},"sameAs":["http:\/\/localhost\/cernas"]}]}},"_links":{"self":[{"href":"https:\/\/events.ipv.pt\/cernas\/pt\/wp-json\/wp\/v2\/posts\/2077","targetHints":{"allow":["GET"]}}],"collection":[{"href":"https:\/\/events.ipv.pt\/cernas\/pt\/wp-json\/wp\/v2\/posts"}],"about":[{"href":"https:\/\/events.ipv.pt\/cernas\/pt\/wp-json\/wp\/v2\/types\/post"}],"author":[{"embeddable":true,"href":"https:\/\/events.ipv.pt\/cernas\/pt\/wp-json\/wp\/v2\/users\/1"}],"replies":[{"embeddable":true,"href":"https:\/\/events.ipv.pt\/cernas\/pt\/wp-json\/wp\/v2\/comments?post=2077"}],"version-history":[{"count":4,"href":"https:\/\/events.ipv.pt\/cernas\/pt\/wp-json\/wp\/v2\/posts\/2077\/revisions"}],"predecessor-version":[{"id":2732,"href":"https:\/\/events.ipv.pt\/cernas\/pt\/wp-json\/wp\/v2\/posts\/2077\/revisions\/2732"}],"wp:featuredmedia":[{"embeddable":true,"href":"https:\/\/events.ipv.pt\/cernas\/pt\/wp-json\/wp\/v2\/media\/257"}],"wp:attachment":[{"href":"https:\/\/events.ipv.pt\/cernas\/pt\/wp-json\/wp\/v2\/media?parent=2077"}],"wp:term":[{"taxonomy":"category","embeddable":true,"href":"https:\/\/events.ipv.pt\/cernas\/pt\/wp-json\/wp\/v2\/categories?post=2077"},{"taxonomy":"post_tag","embeddable":true,"href":"https:\/\/events.ipv.pt\/cernas\/pt\/wp-json\/wp\/v2\/tags?post=2077"}],"curies":[{"name":"wp","href":"https:\/\/api.w.org\/{rel}","templated":true}]}}