{"id":2059,"date":"2023-12-04T11:37:26","date_gmt":"2023-12-04T11:37:26","guid":{"rendered":"http:\/\/127.0.0.1\/cernas\/?p=2059"},"modified":"2025-11-18T15:14:33","modified_gmt":"2025-11-18T15:14:33","slug":"manual-de-boas-praticas-gestao-do-solo-e-da-agua-em-especies-produtoras-de-frutos-secos","status":"publish","type":"post","link":"https:\/\/events.ipv.pt\/cernas\/pt\/manual-de-boas-praticas-gestao-do-solo-e-da-agua-em-especies-produtoras-de-frutos-secos\/","title":{"rendered":"Manual de Boas Pr\u00e1ticas Gest\u00e3o do Solo e da \u00c1gua em Esp\u00e9cies Produtoras de Frutos Secos"},"content":{"rendered":"<p>Rodrigues MA, Correia CM (Coord.) Rodrigues MA, Arrobas M, Santos AL, Marr\u00e3o R, Santos D, Machado O, Pato RL, Amaro R, Cunha MJ, Gomes AA, Menino R, Castro IV, Gai\u00e3o D, Costa CA, Costa DT, Correia PMR, Guin\u00e9 R, Correia HE (Aut.). (2022)<br \/>\n<a href=\"\/cernas\/wp-content\/uploads\/2023\/12\/2023_CNCFS_Manual  EGIS.pdf\" rel=\"noopener\" target=\"_blank\"><em>Manual de Boas Pr\u00e1ticas Gest\u00e3o do Solo e da \u00c1gua em Esp\u00e9cies Produtoras de Frutos Secos<\/em><\/a><br \/>\n104 pp. CNCFS \u2013 Centro Nacional de Compet\u00eancias dos Frutos Secos, Bragan\u00e7a<\/p>\n","protected":false},"excerpt":{"rendered":"<p>Rodrigues MA, Correia CM (Coord.) Rodrigues MA, Arrobas M, Santos AL, Marr\u00e3o R, Santos D, Machado O, Pato RL, Amaro R, Cunha MJ, Gomes AA, Menino R, Castro IV, Gai\u00e3o D, Costa CA, Costa DT, Correia PMR, Guin\u00e9 R, Correia HE (Aut.). (2022) Manual de Boas Pr\u00e1ticas Gest\u00e3o do Solo e da \u00c1gua em Esp\u00e9cies [&hellip;]<\/p>\n","protected":false},"author":1,"featured_media":2060,"comment_status":"closed","ping_status":"open","sticky":false,"template":"","format":"standard","meta":{"site-sidebar-layout":"default","site-content-layout":"","ast-site-content-layout":"narrow-width-container","site-content-style":"boxed","site-sidebar-style":"default","ast-global-header-display":"","ast-banner-title-visibility":"","ast-main-header-display":"","ast-hfb-above-header-display":"","ast-hfb-below-header-display":"","ast-hfb-mobile-header-display":"","site-post-title":"disabled","ast-breadcrumbs-content":"","ast-featured-img":"","footer-sml-layout":"","ast-disable-related-posts":"","theme-transparent-header-meta":"default","adv-header-id-meta":"","stick-header-meta":"","header-above-stick-meta":"","header-main-stick-meta":"","header-below-stick-meta":"","astra-migrate-meta-layouts":"set","ast-page-background-enabled":"default","ast-page-background-meta":{"desktop":{"background-color":"","background-image":"","background-repeat":"repeat","background-position":"center center","background-size":"auto","background-attachment":"scroll","background-type":"","background-media":"","overlay-type":"","overlay-color":"","overlay-opacity":"","overlay-gradient":""},"tablet":{"background-color":"","background-image":"","background-repeat":"repeat","background-position":"center center","background-size":"auto","background-attachment":"scroll","background-type":"","background-media":"","overlay-type":"","overlay-color":"","overlay-opacity":"","overlay-gradient":""},"mobile":{"background-color":"","background-image":"","background-repeat":"repeat","background-position":"center center","background-size":"auto","background-attachment":"scroll","background-type":"","background-media":"","overlay-type":"","overlay-color":"","overlay-opacity":"","overlay-gradient":""}},"ast-content-background-meta":{"desktop":{"background-color":"var(--ast-global-color-5)","background-image":"","background-repeat":"repeat","background-position":"center center","background-size":"auto","background-attachment":"scroll","background-type":"","background-media":"","overlay-type":"","overlay-color":"","overlay-opacity":"","overlay-gradient":""},"tablet":{"background-color":"var(--ast-global-color-5)","background-image":"","background-repeat":"repeat","background-position":"center center","background-size":"auto","background-attachment":"scroll","background-type":"","background-media":"","overlay-type":"","overlay-color":"","overlay-opacity":"","overlay-gradient":""},"mobile":{"background-color":"var(--ast-global-color-5)","background-image":"","background-repeat":"repeat","background-position":"center center","background-size":"auto","background-attachment":"scroll","background-type":"","background-media":"","overlay-type":"","overlay-color":"","overlay-opacity":"","overlay-gradient":""}},"footnotes":""},"categories":[10],"tags":[31,33,35,32,34],"class_list":["post-2059","post","type-post","status-publish","format-standard","has-post-thumbnail","hentry","category-livros","tag-cristina-amaro-da-costa","tag-daniela-costa","tag-helena-correia","tag-paula-correia","tag-raquel-guine"],"yoast_head":"<!-- This site is optimized with the Yoast SEO plugin v27.5 - https:\/\/yoast.com\/product\/yoast-seo-wordpress\/ -->\r\n<title>Manual de Boas Pr\u00e1ticas Gest\u00e3o do Solo e da \u00c1gua em Esp\u00e9cies Produtoras de Frutos Secos &#8226; CERNAS - IPV<\/title>\r\n<meta name=\"robots\" content=\"noindex, follow\" \/>\r\n<meta property=\"og:locale\" content=\"pt_PT\" \/>\r\n<meta property=\"og:type\" content=\"article\" \/>\r\n<meta property=\"og:title\" content=\"Manual de Boas Pr\u00e1ticas Gest\u00e3o do Solo e da \u00c1gua em Esp\u00e9cies Produtoras de Frutos Secos &#8226; CERNAS - IPV\" \/>\r\n<meta property=\"og:description\" content=\"Rodrigues MA, Correia CM (Coord.) Rodrigues MA, Arrobas M, Santos AL, Marr\u00e3o R, Santos D, Machado O, Pato RL, Amaro R, Cunha MJ, Gomes AA, Menino R, Castro IV, Gai\u00e3o D, Costa CA, Costa DT, Correia PMR, Guin\u00e9 R, Correia HE (Aut.). (2022) Manual de Boas Pr\u00e1ticas Gest\u00e3o do Solo e da \u00c1gua em Esp\u00e9cies [&hellip;]\" \/>\r\n<meta property=\"og:url\" content=\"https:\/\/events.ipv.pt\/cernas\/pt\/manual-de-boas-praticas-gestao-do-solo-e-da-agua-em-especies-produtoras-de-frutos-secos\/\" \/>\r\n<meta property=\"og:site_name\" content=\"CERNAS - IPV\" \/>\r\n<meta property=\"article:published_time\" content=\"2023-12-04T11:37:26+00:00\" \/>\r\n<meta property=\"article:modified_time\" content=\"2025-11-18T15:14:33+00:00\" \/>\r\n<meta property=\"og:image\" content=\"https:\/\/events.ipv.pt\/cernas\/wp-content\/uploads\/2023\/12\/gestaoSolo.jpg\" \/>\r\n\t<meta property=\"og:image:width\" content=\"500\" \/>\r\n\t<meta property=\"og:image:height\" content=\"600\" \/>\r\n\t<meta property=\"og:image:type\" content=\"image\/jpeg\" \/>\r\n<meta name=\"author\" content=\"cristina\" \/>\r\n<meta name=\"twitter:card\" content=\"summary_large_image\" \/>\r\n<meta name=\"twitter:label1\" content=\"Escrito por\" \/>\n\t<meta name=\"twitter:data1\" content=\"cristina\" \/>\n\t<meta name=\"twitter:label2\" content=\"Tempo estimado de leitura\" \/>\n\t<meta name=\"twitter:data2\" content=\"1 minuto\" \/>\r\n<script type=\"application\/ld+json\" class=\"yoast-schema-graph\">{\"@context\":\"https:\\\/\\\/schema.org\",\"@graph\":[{\"@type\":\"Article\",\"@id\":\"https:\\\/\\\/events.ipv.pt\\\/cernas\\\/manual-de-boas-praticas-gestao-do-solo-e-da-agua-em-especies-produtoras-de-frutos-secos\\\/#article\",\"isPartOf\":{\"@id\":\"https:\\\/\\\/events.ipv.pt\\\/cernas\\\/manual-de-boas-praticas-gestao-do-solo-e-da-agua-em-especies-produtoras-de-frutos-secos\\\/\"},\"author\":{\"name\":\"cristina\",\"@id\":\"https:\\\/\\\/events.ipv.pt\\\/cernas\\\/pt\\\/#\\\/schema\\\/person\\\/a4f2196b39cc86065f614febd531befb\"},\"headline\":\"Manual de Boas Pr\u00e1ticas Gest\u00e3o do Solo e da \u00c1gua em Esp\u00e9cies Produtoras de Frutos Secos\",\"datePublished\":\"2023-12-04T11:37:26+00:00\",\"dateModified\":\"2025-11-18T15:14:33+00:00\",\"mainEntityOfPage\":{\"@id\":\"https:\\\/\\\/events.ipv.pt\\\/cernas\\\/manual-de-boas-praticas-gestao-do-solo-e-da-agua-em-especies-produtoras-de-frutos-secos\\\/\"},\"wordCount\":94,\"publisher\":{\"@id\":\"https:\\\/\\\/events.ipv.pt\\\/cernas\\\/pt\\\/#organization\"},\"image\":{\"@id\":\"https:\\\/\\\/events.ipv.pt\\\/cernas\\\/manual-de-boas-praticas-gestao-do-solo-e-da-agua-em-especies-produtoras-de-frutos-secos\\\/#primaryimage\"},\"thumbnailUrl\":\"https:\\\/\\\/events.ipv.pt\\\/cernas\\\/wp-content\\\/uploads\\\/2023\\\/12\\\/gestaoSolo.jpg\",\"keywords\":[\"Cristina Amaro da Costa\",\"Daniela Costa\",\"Helena Correia\",\"Paula Correia\",\"Raquel Guin\u00e9\"],\"articleSection\":[\"livros\"],\"inLanguage\":\"pt-PT\"},{\"@type\":\"WebPage\",\"@id\":\"https:\\\/\\\/events.ipv.pt\\\/cernas\\\/manual-de-boas-praticas-gestao-do-solo-e-da-agua-em-especies-produtoras-de-frutos-secos\\\/\",\"url\":\"https:\\\/\\\/events.ipv.pt\\\/cernas\\\/manual-de-boas-praticas-gestao-do-solo-e-da-agua-em-especies-produtoras-de-frutos-secos\\\/\",\"name\":\"Manual de Boas Pr\u00e1ticas Gest\u00e3o do Solo e da \u00c1gua em Esp\u00e9cies Produtoras de Frutos Secos &#8226; CERNAS - IPV\",\"isPartOf\":{\"@id\":\"https:\\\/\\\/events.ipv.pt\\\/cernas\\\/pt\\\/#website\"},\"primaryImageOfPage\":{\"@id\":\"https:\\\/\\\/events.ipv.pt\\\/cernas\\\/manual-de-boas-praticas-gestao-do-solo-e-da-agua-em-especies-produtoras-de-frutos-secos\\\/#primaryimage\"},\"image\":{\"@id\":\"https:\\\/\\\/events.ipv.pt\\\/cernas\\\/manual-de-boas-praticas-gestao-do-solo-e-da-agua-em-especies-produtoras-de-frutos-secos\\\/#primaryimage\"},\"thumbnailUrl\":\"https:\\\/\\\/events.ipv.pt\\\/cernas\\\/wp-content\\\/uploads\\\/2023\\\/12\\\/gestaoSolo.jpg\",\"datePublished\":\"2023-12-04T11:37:26+00:00\",\"dateModified\":\"2025-11-18T15:14:33+00:00\",\"breadcrumb\":{\"@id\":\"https:\\\/\\\/events.ipv.pt\\\/cernas\\\/manual-de-boas-praticas-gestao-do-solo-e-da-agua-em-especies-produtoras-de-frutos-secos\\\/#breadcrumb\"},\"inLanguage\":\"pt-PT\",\"potentialAction\":[{\"@type\":\"ReadAction\",\"target\":[\"https:\\\/\\\/events.ipv.pt\\\/cernas\\\/manual-de-boas-praticas-gestao-do-solo-e-da-agua-em-especies-produtoras-de-frutos-secos\\\/\"]}]},{\"@type\":\"ImageObject\",\"inLanguage\":\"pt-PT\",\"@id\":\"https:\\\/\\\/events.ipv.pt\\\/cernas\\\/manual-de-boas-praticas-gestao-do-solo-e-da-agua-em-especies-produtoras-de-frutos-secos\\\/#primaryimage\",\"url\":\"https:\\\/\\\/events.ipv.pt\\\/cernas\\\/wp-content\\\/uploads\\\/2023\\\/12\\\/gestaoSolo.jpg\",\"contentUrl\":\"https:\\\/\\\/events.ipv.pt\\\/cernas\\\/wp-content\\\/uploads\\\/2023\\\/12\\\/gestaoSolo.jpg\",\"width\":500,\"height\":600},{\"@type\":\"BreadcrumbList\",\"@id\":\"https:\\\/\\\/events.ipv.pt\\\/cernas\\\/manual-de-boas-praticas-gestao-do-solo-e-da-agua-em-especies-produtoras-de-frutos-secos\\\/#breadcrumb\",\"itemListElement\":[{\"@type\":\"ListItem\",\"position\":1,\"name\":\"Home\",\"item\":\"https:\\\/\\\/events.ipv.pt\\\/cernas\\\/\"},{\"@type\":\"ListItem\",\"position\":2,\"name\":\"Manual de Boas Pr\u00e1ticas Gest\u00e3o do Solo e da \u00c1gua em Esp\u00e9cies Produtoras de Frutos Secos\"}]},{\"@type\":\"WebSite\",\"@id\":\"https:\\\/\\\/events.ipv.pt\\\/cernas\\\/pt\\\/#website\",\"url\":\"https:\\\/\\\/events.ipv.pt\\\/cernas\\\/pt\\\/\",\"name\":\"CERNAS-IPV | Centro de Estudos de Recursos Naturais, Ambiente e Sociedade\",\"description\":\"\",\"publisher\":{\"@id\":\"https:\\\/\\\/events.ipv.pt\\\/cernas\\\/pt\\\/#organization\"},\"potentialAction\":[{\"@type\":\"SearchAction\",\"target\":{\"@type\":\"EntryPoint\",\"urlTemplate\":\"https:\\\/\\\/events.ipv.pt\\\/cernas\\\/pt\\\/?s={search_term_string}\"},\"query-input\":{\"@type\":\"PropertyValueSpecification\",\"valueRequired\":true,\"valueName\":\"search_term_string\"}}],\"inLanguage\":\"pt-PT\"},{\"@type\":\"Organization\",\"@id\":\"https:\\\/\\\/events.ipv.pt\\\/cernas\\\/pt\\\/#organization\",\"name\":\"Instituto Polit\u00e9cnico de Viseu\",\"url\":\"https:\\\/\\\/events.ipv.pt\\\/cernas\\\/pt\\\/\",\"logo\":{\"@type\":\"ImageObject\",\"inLanguage\":\"pt-PT\",\"@id\":\"https:\\\/\\\/events.ipv.pt\\\/cernas\\\/pt\\\/#\\\/schema\\\/logo\\\/image\\\/\",\"url\":\"http:\\\/\\\/127.0.0.1\\\/cernas\\\/wp-content\\\/uploads\\\/2021\\\/03\\\/logo_pv.png\",\"contentUrl\":\"http:\\\/\\\/127.0.0.1\\\/cernas\\\/wp-content\\\/uploads\\\/2021\\\/03\\\/logo_pv.png\",\"width\":4205,\"height\":1108,\"caption\":\"Instituto Polit\u00e9cnico de Viseu\"},\"image\":{\"@id\":\"https:\\\/\\\/events.ipv.pt\\\/cernas\\\/pt\\\/#\\\/schema\\\/logo\\\/image\\\/\"}},{\"@type\":\"Person\",\"@id\":\"https:\\\/\\\/events.ipv.pt\\\/cernas\\\/pt\\\/#\\\/schema\\\/person\\\/a4f2196b39cc86065f614febd531befb\",\"name\":\"cristina\",\"image\":{\"@type\":\"ImageObject\",\"inLanguage\":\"pt-PT\",\"@id\":\"https:\\\/\\\/secure.gravatar.com\\\/avatar\\\/2195ec5194a145ca5d2c2ad965aa08b0d72d7d4157da345cccfeaa221a984952?s=96&d=mm&r=g\",\"url\":\"https:\\\/\\\/secure.gravatar.com\\\/avatar\\\/2195ec5194a145ca5d2c2ad965aa08b0d72d7d4157da345cccfeaa221a984952?s=96&d=mm&r=g\",\"contentUrl\":\"https:\\\/\\\/secure.gravatar.com\\\/avatar\\\/2195ec5194a145ca5d2c2ad965aa08b0d72d7d4157da345cccfeaa221a984952?s=96&d=mm&r=g\",\"caption\":\"cristina\"},\"sameAs\":[\"http:\\\/\\\/localhost\\\/cernas\"]}]}<\/script>\r\n<!-- \/ Yoast SEO plugin. -->","yoast_head_json":{"title":"Manual de Boas Pr\u00e1ticas Gest\u00e3o do Solo e da \u00c1gua em Esp\u00e9cies Produtoras de Frutos Secos &#8226; CERNAS - IPV","robots":{"index":"noindex","follow":"follow"},"og_locale":"pt_PT","og_type":"article","og_title":"Manual de Boas Pr\u00e1ticas Gest\u00e3o do Solo e da \u00c1gua em Esp\u00e9cies Produtoras de Frutos Secos &#8226; CERNAS - IPV","og_description":"Rodrigues MA, Correia CM (Coord.) Rodrigues MA, Arrobas M, Santos AL, Marr\u00e3o R, Santos D, Machado O, Pato RL, Amaro R, Cunha MJ, Gomes AA, Menino R, Castro IV, Gai\u00e3o D, Costa CA, Costa DT, Correia PMR, Guin\u00e9 R, Correia HE (Aut.). (2022) Manual de Boas Pr\u00e1ticas Gest\u00e3o do Solo e da \u00c1gua em Esp\u00e9cies [&hellip;]","og_url":"https:\/\/events.ipv.pt\/cernas\/pt\/manual-de-boas-praticas-gestao-do-solo-e-da-agua-em-especies-produtoras-de-frutos-secos\/","og_site_name":"CERNAS - IPV","article_published_time":"2023-12-04T11:37:26+00:00","article_modified_time":"2025-11-18T15:14:33+00:00","og_image":[{"width":500,"height":600,"url":"https:\/\/events.ipv.pt\/cernas\/wp-content\/uploads\/2023\/12\/gestaoSolo.jpg","type":"image\/jpeg"}],"author":"cristina","twitter_card":"summary_large_image","twitter_misc":{"Escrito por":"cristina","Tempo estimado de leitura":"1 minuto"},"schema":{"@context":"https:\/\/schema.org","@graph":[{"@type":"Article","@id":"https:\/\/events.ipv.pt\/cernas\/manual-de-boas-praticas-gestao-do-solo-e-da-agua-em-especies-produtoras-de-frutos-secos\/#article","isPartOf":{"@id":"https:\/\/events.ipv.pt\/cernas\/manual-de-boas-praticas-gestao-do-solo-e-da-agua-em-especies-produtoras-de-frutos-secos\/"},"author":{"name":"cristina","@id":"https:\/\/events.ipv.pt\/cernas\/pt\/#\/schema\/person\/a4f2196b39cc86065f614febd531befb"},"headline":"Manual de Boas Pr\u00e1ticas Gest\u00e3o do Solo e da \u00c1gua em Esp\u00e9cies Produtoras de Frutos Secos","datePublished":"2023-12-04T11:37:26+00:00","dateModified":"2025-11-18T15:14:33+00:00","mainEntityOfPage":{"@id":"https:\/\/events.ipv.pt\/cernas\/manual-de-boas-praticas-gestao-do-solo-e-da-agua-em-especies-produtoras-de-frutos-secos\/"},"wordCount":94,"publisher":{"@id":"https:\/\/events.ipv.pt\/cernas\/pt\/#organization"},"image":{"@id":"https:\/\/events.ipv.pt\/cernas\/manual-de-boas-praticas-gestao-do-solo-e-da-agua-em-especies-produtoras-de-frutos-secos\/#primaryimage"},"thumbnailUrl":"https:\/\/events.ipv.pt\/cernas\/wp-content\/uploads\/2023\/12\/gestaoSolo.jpg","keywords":["Cristina Amaro da Costa","Daniela Costa","Helena Correia","Paula Correia","Raquel Guin\u00e9"],"articleSection":["livros"],"inLanguage":"pt-PT"},{"@type":"WebPage","@id":"https:\/\/events.ipv.pt\/cernas\/manual-de-boas-praticas-gestao-do-solo-e-da-agua-em-especies-produtoras-de-frutos-secos\/","url":"https:\/\/events.ipv.pt\/cernas\/manual-de-boas-praticas-gestao-do-solo-e-da-agua-em-especies-produtoras-de-frutos-secos\/","name":"Manual de Boas Pr\u00e1ticas Gest\u00e3o do Solo e da \u00c1gua em Esp\u00e9cies Produtoras de Frutos Secos &#8226; CERNAS - IPV","isPartOf":{"@id":"https:\/\/events.ipv.pt\/cernas\/pt\/#website"},"primaryImageOfPage":{"@id":"https:\/\/events.ipv.pt\/cernas\/manual-de-boas-praticas-gestao-do-solo-e-da-agua-em-especies-produtoras-de-frutos-secos\/#primaryimage"},"image":{"@id":"https:\/\/events.ipv.pt\/cernas\/manual-de-boas-praticas-gestao-do-solo-e-da-agua-em-especies-produtoras-de-frutos-secos\/#primaryimage"},"thumbnailUrl":"https:\/\/events.ipv.pt\/cernas\/wp-content\/uploads\/2023\/12\/gestaoSolo.jpg","datePublished":"2023-12-04T11:37:26+00:00","dateModified":"2025-11-18T15:14:33+00:00","breadcrumb":{"@id":"https:\/\/events.ipv.pt\/cernas\/manual-de-boas-praticas-gestao-do-solo-e-da-agua-em-especies-produtoras-de-frutos-secos\/#breadcrumb"},"inLanguage":"pt-PT","potentialAction":[{"@type":"ReadAction","target":["https:\/\/events.ipv.pt\/cernas\/manual-de-boas-praticas-gestao-do-solo-e-da-agua-em-especies-produtoras-de-frutos-secos\/"]}]},{"@type":"ImageObject","inLanguage":"pt-PT","@id":"https:\/\/events.ipv.pt\/cernas\/manual-de-boas-praticas-gestao-do-solo-e-da-agua-em-especies-produtoras-de-frutos-secos\/#primaryimage","url":"https:\/\/events.ipv.pt\/cernas\/wp-content\/uploads\/2023\/12\/gestaoSolo.jpg","contentUrl":"https:\/\/events.ipv.pt\/cernas\/wp-content\/uploads\/2023\/12\/gestaoSolo.jpg","width":500,"height":600},{"@type":"BreadcrumbList","@id":"https:\/\/events.ipv.pt\/cernas\/manual-de-boas-praticas-gestao-do-solo-e-da-agua-em-especies-produtoras-de-frutos-secos\/#breadcrumb","itemListElement":[{"@type":"ListItem","position":1,"name":"Home","item":"https:\/\/events.ipv.pt\/cernas\/"},{"@type":"ListItem","position":2,"name":"Manual de Boas Pr\u00e1ticas Gest\u00e3o do Solo e da \u00c1gua em Esp\u00e9cies Produtoras de Frutos Secos"}]},{"@type":"WebSite","@id":"https:\/\/events.ipv.pt\/cernas\/pt\/#website","url":"https:\/\/events.ipv.pt\/cernas\/pt\/","name":"CERNAS-IPV | Centro de Estudos de Recursos Naturais, Ambiente e Sociedade","description":"","publisher":{"@id":"https:\/\/events.ipv.pt\/cernas\/pt\/#organization"},"potentialAction":[{"@type":"SearchAction","target":{"@type":"EntryPoint","urlTemplate":"https:\/\/events.ipv.pt\/cernas\/pt\/?s={search_term_string}"},"query-input":{"@type":"PropertyValueSpecification","valueRequired":true,"valueName":"search_term_string"}}],"inLanguage":"pt-PT"},{"@type":"Organization","@id":"https:\/\/events.ipv.pt\/cernas\/pt\/#organization","name":"Instituto Polit\u00e9cnico de Viseu","url":"https:\/\/events.ipv.pt\/cernas\/pt\/","logo":{"@type":"ImageObject","inLanguage":"pt-PT","@id":"https:\/\/events.ipv.pt\/cernas\/pt\/#\/schema\/logo\/image\/","url":"http:\/\/127.0.0.1\/cernas\/wp-content\/uploads\/2021\/03\/logo_pv.png","contentUrl":"http:\/\/127.0.0.1\/cernas\/wp-content\/uploads\/2021\/03\/logo_pv.png","width":4205,"height":1108,"caption":"Instituto Polit\u00e9cnico de Viseu"},"image":{"@id":"https:\/\/events.ipv.pt\/cernas\/pt\/#\/schema\/logo\/image\/"}},{"@type":"Person","@id":"https:\/\/events.ipv.pt\/cernas\/pt\/#\/schema\/person\/a4f2196b39cc86065f614febd531befb","name":"cristina","image":{"@type":"ImageObject","inLanguage":"pt-PT","@id":"https:\/\/secure.gravatar.com\/avatar\/2195ec5194a145ca5d2c2ad965aa08b0d72d7d4157da345cccfeaa221a984952?s=96&d=mm&r=g","url":"https:\/\/secure.gravatar.com\/avatar\/2195ec5194a145ca5d2c2ad965aa08b0d72d7d4157da345cccfeaa221a984952?s=96&d=mm&r=g","contentUrl":"https:\/\/secure.gravatar.com\/avatar\/2195ec5194a145ca5d2c2ad965aa08b0d72d7d4157da345cccfeaa221a984952?s=96&d=mm&r=g","caption":"cristina"},"sameAs":["http:\/\/localhost\/cernas"]}]}},"_links":{"self":[{"href":"https:\/\/events.ipv.pt\/cernas\/pt\/wp-json\/wp\/v2\/posts\/2059","targetHints":{"allow":["GET"]}}],"collection":[{"href":"https:\/\/events.ipv.pt\/cernas\/pt\/wp-json\/wp\/v2\/posts"}],"about":[{"href":"https:\/\/events.ipv.pt\/cernas\/pt\/wp-json\/wp\/v2\/types\/post"}],"author":[{"embeddable":true,"href":"https:\/\/events.ipv.pt\/cernas\/pt\/wp-json\/wp\/v2\/users\/1"}],"replies":[{"embeddable":true,"href":"https:\/\/events.ipv.pt\/cernas\/pt\/wp-json\/wp\/v2\/comments?post=2059"}],"version-history":[{"count":5,"href":"https:\/\/events.ipv.pt\/cernas\/pt\/wp-json\/wp\/v2\/posts\/2059\/revisions"}],"predecessor-version":[{"id":3598,"href":"https:\/\/events.ipv.pt\/cernas\/pt\/wp-json\/wp\/v2\/posts\/2059\/revisions\/3598"}],"wp:featuredmedia":[{"embeddable":true,"href":"https:\/\/events.ipv.pt\/cernas\/pt\/wp-json\/wp\/v2\/media\/2060"}],"wp:attachment":[{"href":"https:\/\/events.ipv.pt\/cernas\/pt\/wp-json\/wp\/v2\/media?parent=2059"}],"wp:term":[{"taxonomy":"category","embeddable":true,"href":"https:\/\/events.ipv.pt\/cernas\/pt\/wp-json\/wp\/v2\/categories?post=2059"},{"taxonomy":"post_tag","embeddable":true,"href":"https:\/\/events.ipv.pt\/cernas\/pt\/wp-json\/wp\/v2\/tags?post=2059"}],"curies":[{"name":"wp","href":"https:\/\/api.w.org\/{rel}","templated":true}]}}