{"id":1386,"date":"2022-05-31T10:31:12","date_gmt":"2022-05-31T10:31:12","guid":{"rendered":"http:\/\/127.0.0.1\/cernas\/?p=1386"},"modified":"2025-11-18T15:24:51","modified_gmt":"2025-11-18T15:24:51","slug":"abstract-book-international-web-conference-on-food-choice-eating-motivation","status":"publish","type":"post","link":"https:\/\/events.ipv.pt\/cernas\/pt\/abstract-book-international-web-conference-on-food-choice-eating-motivation\/","title":{"rendered":"Abstract Book: International Web Conference on Food Choice &#038; Eating Motivation"},"content":{"rendered":"<p> Lima, C., Cunha, A. M., Pereira, A., Carvalho, R., Dulyanska, Y., Guin\u00e9, R. (2022)<br \/>\n<a href=\"\/fcem\/wp-content\/uploads\/2022\/05\/abstractBook_FCEM_print.pdf\" rel=\"noopener\" target=\"_blank\"><em>Abstract Book: International Web Conference on Food Choice &#038; Eating Motivation<\/em><\/a><br \/>\nInstituto Polit\u00e9cnico de Viseu CERNAS-IPV<br \/>\nUnidade de Gest\u00e3o do Centro de Estudos de Recursos Naturais, Ambiente e Sociedade, 100 pp. Maio, 2022, Viseu<\/p>\n","protected":false},"excerpt":{"rendered":"<p>Lima, C., Cunha, A. M., Pereira, A., Carvalho, R., Dulyanska, Y., Guin\u00e9, R. (2022) Abstract Book: International Web Conference on Food Choice &#038; Eating Motivation Instituto Polit\u00e9cnico de Viseu CERNAS-IPV Unidade de Gest\u00e3o do Centro de Estudos de Recursos Naturais, Ambiente e Sociedade, 100 pp. Maio, 2022, Viseu<\/p>\n","protected":false},"author":1,"featured_media":1387,"comment_status":"closed","ping_status":"open","sticky":false,"template":"","format":"standard","meta":{"site-sidebar-layout":"default","site-content-layout":"default","ast-site-content-layout":"narrow-width-container","site-content-style":"boxed","site-sidebar-style":"default","ast-global-header-display":"","ast-banner-title-visibility":"","ast-main-header-display":"","ast-hfb-above-header-display":"","ast-hfb-below-header-display":"","ast-hfb-mobile-header-display":"","site-post-title":"disabled","ast-breadcrumbs-content":"disabled","ast-featured-img":"","footer-sml-layout":"","ast-disable-related-posts":"","theme-transparent-header-meta":"default","adv-header-id-meta":"","stick-header-meta":"","header-above-stick-meta":"","header-main-stick-meta":"","header-below-stick-meta":"","astra-migrate-meta-layouts":"set","ast-page-background-enabled":"default","ast-page-background-meta":{"desktop":{"background-color":"","background-image":"","background-repeat":"repeat","background-position":"center center","background-size":"auto","background-attachment":"scroll","background-type":"","background-media":"","overlay-type":"","overlay-color":"","overlay-opacity":"","overlay-gradient":""},"tablet":{"background-color":"","background-image":"","background-repeat":"repeat","background-position":"center center","background-size":"auto","background-attachment":"scroll","background-type":"","background-media":"","overlay-type":"","overlay-color":"","overlay-opacity":"","overlay-gradient":""},"mobile":{"background-color":"","background-image":"","background-repeat":"repeat","background-position":"center center","background-size":"auto","background-attachment":"scroll","background-type":"","background-media":"","overlay-type":"","overlay-color":"","overlay-opacity":"","overlay-gradient":""}},"ast-content-background-meta":{"desktop":{"background-color":"var(--ast-global-color-5)","background-image":"","background-repeat":"repeat","background-position":"center center","background-size":"auto","background-attachment":"scroll","background-type":"","background-media":"","overlay-type":"","overlay-color":"","overlay-opacity":"","overlay-gradient":""},"tablet":{"background-color":"var(--ast-global-color-5)","background-image":"","background-repeat":"repeat","background-position":"center center","background-size":"auto","background-attachment":"scroll","background-type":"","background-media":"","overlay-type":"","overlay-color":"","overlay-opacity":"","overlay-gradient":""},"mobile":{"background-color":"var(--ast-global-color-5)","background-image":"","background-repeat":"repeat","background-position":"center center","background-size":"auto","background-attachment":"scroll","background-type":"","background-media":"","overlay-type":"","overlay-color":"","overlay-opacity":"","overlay-gradient":""}},"footnotes":""},"categories":[10],"tags":[34,38],"class_list":["post-1386","post","type-post","status-publish","format-standard","has-post-thumbnail","hentry","category-livros","tag-raquel-guine","tag-yuliya-dulyanska"],"yoast_head":"<!-- This site is optimized with the Yoast SEO plugin v27.5 - https:\/\/yoast.com\/product\/yoast-seo-wordpress\/ -->\r\n<title>Abstract Book: International Web Conference on Food Choice &amp; Eating Motivation &#8226; CERNAS - IPV<\/title>\r\n<meta name=\"robots\" content=\"noindex, follow\" \/>\r\n<meta property=\"og:locale\" content=\"pt_PT\" \/>\r\n<meta property=\"og:type\" content=\"article\" \/>\r\n<meta property=\"og:title\" content=\"Abstract Book: International Web Conference on Food Choice &amp; Eating Motivation &#8226; CERNAS - IPV\" \/>\r\n<meta property=\"og:description\" content=\"Lima, C., Cunha, A. M., Pereira, A., Carvalho, R., Dulyanska, Y., Guin\u00e9, R. (2022) Abstract Book: International Web Conference on Food Choice &#038; Eating Motivation Instituto Polit\u00e9cnico de Viseu CERNAS-IPV Unidade de Gest\u00e3o do Centro de Estudos de Recursos Naturais, Ambiente e Sociedade, 100 pp. Maio, 2022, Viseu\" \/>\r\n<meta property=\"og:url\" content=\"https:\/\/events.ipv.pt\/cernas\/pt\/abstract-book-international-web-conference-on-food-choice-eating-motivation\/\" \/>\r\n<meta property=\"og:site_name\" content=\"CERNAS - IPV\" \/>\r\n<meta property=\"article:published_time\" content=\"2022-05-31T10:31:12+00:00\" \/>\r\n<meta property=\"article:modified_time\" content=\"2025-11-18T15:24:51+00:00\" \/>\r\n<meta property=\"og:image\" content=\"https:\/\/events.ipv.pt\/cernas\/wp-content\/uploads\/2022\/05\/l_fcem.jpg\" \/>\r\n\t<meta property=\"og:image:width\" content=\"500\" \/>\r\n\t<meta property=\"og:image:height\" content=\"600\" \/>\r\n\t<meta property=\"og:image:type\" content=\"image\/jpeg\" \/>\r\n<meta name=\"author\" content=\"cristina\" \/>\r\n<meta name=\"twitter:card\" content=\"summary_large_image\" \/>\r\n<meta name=\"twitter:label1\" content=\"Escrito por\" \/>\n\t<meta name=\"twitter:data1\" content=\"cristina\" \/>\n\t<meta name=\"twitter:label2\" content=\"Tempo estimado de leitura\" \/>\n\t<meta name=\"twitter:data2\" content=\"1 minuto\" \/>\r\n<script type=\"application\/ld+json\" class=\"yoast-schema-graph\">{\"@context\":\"https:\\\/\\\/schema.org\",\"@graph\":[{\"@type\":\"Article\",\"@id\":\"https:\\\/\\\/events.ipv.pt\\\/cernas\\\/abstract-book-international-web-conference-on-food-choice-eating-motivation\\\/#article\",\"isPartOf\":{\"@id\":\"https:\\\/\\\/events.ipv.pt\\\/cernas\\\/abstract-book-international-web-conference-on-food-choice-eating-motivation\\\/\"},\"author\":{\"name\":\"cristina\",\"@id\":\"https:\\\/\\\/events.ipv.pt\\\/cernas\\\/pt\\\/#\\\/schema\\\/person\\\/a4f2196b39cc86065f614febd531befb\"},\"headline\":\"Abstract Book: International Web Conference on Food Choice &#038; Eating Motivation\",\"datePublished\":\"2022-05-31T10:31:12+00:00\",\"dateModified\":\"2025-11-18T15:24:51+00:00\",\"mainEntityOfPage\":{\"@id\":\"https:\\\/\\\/events.ipv.pt\\\/cernas\\\/abstract-book-international-web-conference-on-food-choice-eating-motivation\\\/\"},\"wordCount\":56,\"publisher\":{\"@id\":\"https:\\\/\\\/events.ipv.pt\\\/cernas\\\/pt\\\/#organization\"},\"image\":{\"@id\":\"https:\\\/\\\/events.ipv.pt\\\/cernas\\\/abstract-book-international-web-conference-on-food-choice-eating-motivation\\\/#primaryimage\"},\"thumbnailUrl\":\"https:\\\/\\\/events.ipv.pt\\\/cernas\\\/wp-content\\\/uploads\\\/2022\\\/05\\\/l_fcem.jpg\",\"keywords\":[\"Raquel Guin\u00e9\",\"Yuliya Dulyanska\"],\"articleSection\":[\"livros\"],\"inLanguage\":\"pt-PT\"},{\"@type\":\"WebPage\",\"@id\":\"https:\\\/\\\/events.ipv.pt\\\/cernas\\\/abstract-book-international-web-conference-on-food-choice-eating-motivation\\\/\",\"url\":\"https:\\\/\\\/events.ipv.pt\\\/cernas\\\/abstract-book-international-web-conference-on-food-choice-eating-motivation\\\/\",\"name\":\"Abstract Book: International Web Conference on Food Choice & Eating Motivation &#8226; CERNAS - IPV\",\"isPartOf\":{\"@id\":\"https:\\\/\\\/events.ipv.pt\\\/cernas\\\/pt\\\/#website\"},\"primaryImageOfPage\":{\"@id\":\"https:\\\/\\\/events.ipv.pt\\\/cernas\\\/abstract-book-international-web-conference-on-food-choice-eating-motivation\\\/#primaryimage\"},\"image\":{\"@id\":\"https:\\\/\\\/events.ipv.pt\\\/cernas\\\/abstract-book-international-web-conference-on-food-choice-eating-motivation\\\/#primaryimage\"},\"thumbnailUrl\":\"https:\\\/\\\/events.ipv.pt\\\/cernas\\\/wp-content\\\/uploads\\\/2022\\\/05\\\/l_fcem.jpg\",\"datePublished\":\"2022-05-31T10:31:12+00:00\",\"dateModified\":\"2025-11-18T15:24:51+00:00\",\"breadcrumb\":{\"@id\":\"https:\\\/\\\/events.ipv.pt\\\/cernas\\\/abstract-book-international-web-conference-on-food-choice-eating-motivation\\\/#breadcrumb\"},\"inLanguage\":\"pt-PT\",\"potentialAction\":[{\"@type\":\"ReadAction\",\"target\":[\"https:\\\/\\\/events.ipv.pt\\\/cernas\\\/abstract-book-international-web-conference-on-food-choice-eating-motivation\\\/\"]}]},{\"@type\":\"ImageObject\",\"inLanguage\":\"pt-PT\",\"@id\":\"https:\\\/\\\/events.ipv.pt\\\/cernas\\\/abstract-book-international-web-conference-on-food-choice-eating-motivation\\\/#primaryimage\",\"url\":\"https:\\\/\\\/events.ipv.pt\\\/cernas\\\/wp-content\\\/uploads\\\/2022\\\/05\\\/l_fcem.jpg\",\"contentUrl\":\"https:\\\/\\\/events.ipv.pt\\\/cernas\\\/wp-content\\\/uploads\\\/2022\\\/05\\\/l_fcem.jpg\",\"width\":500,\"height\":600},{\"@type\":\"BreadcrumbList\",\"@id\":\"https:\\\/\\\/events.ipv.pt\\\/cernas\\\/abstract-book-international-web-conference-on-food-choice-eating-motivation\\\/#breadcrumb\",\"itemListElement\":[{\"@type\":\"ListItem\",\"position\":1,\"name\":\"Home\",\"item\":\"https:\\\/\\\/events.ipv.pt\\\/cernas\\\/\"},{\"@type\":\"ListItem\",\"position\":2,\"name\":\"Abstract Book: International Web Conference on Food Choice &#038; Eating Motivation\"}]},{\"@type\":\"WebSite\",\"@id\":\"https:\\\/\\\/events.ipv.pt\\\/cernas\\\/pt\\\/#website\",\"url\":\"https:\\\/\\\/events.ipv.pt\\\/cernas\\\/pt\\\/\",\"name\":\"CERNAS-IPV | Centro de Estudos de Recursos Naturais, Ambiente e Sociedade\",\"description\":\"\",\"publisher\":{\"@id\":\"https:\\\/\\\/events.ipv.pt\\\/cernas\\\/pt\\\/#organization\"},\"potentialAction\":[{\"@type\":\"SearchAction\",\"target\":{\"@type\":\"EntryPoint\",\"urlTemplate\":\"https:\\\/\\\/events.ipv.pt\\\/cernas\\\/pt\\\/?s={search_term_string}\"},\"query-input\":{\"@type\":\"PropertyValueSpecification\",\"valueRequired\":true,\"valueName\":\"search_term_string\"}}],\"inLanguage\":\"pt-PT\"},{\"@type\":\"Organization\",\"@id\":\"https:\\\/\\\/events.ipv.pt\\\/cernas\\\/pt\\\/#organization\",\"name\":\"Instituto Polit\u00e9cnico de Viseu\",\"url\":\"https:\\\/\\\/events.ipv.pt\\\/cernas\\\/pt\\\/\",\"logo\":{\"@type\":\"ImageObject\",\"inLanguage\":\"pt-PT\",\"@id\":\"https:\\\/\\\/events.ipv.pt\\\/cernas\\\/pt\\\/#\\\/schema\\\/logo\\\/image\\\/\",\"url\":\"http:\\\/\\\/127.0.0.1\\\/cernas\\\/wp-content\\\/uploads\\\/2021\\\/03\\\/logo_pv.png\",\"contentUrl\":\"http:\\\/\\\/127.0.0.1\\\/cernas\\\/wp-content\\\/uploads\\\/2021\\\/03\\\/logo_pv.png\",\"width\":4205,\"height\":1108,\"caption\":\"Instituto Polit\u00e9cnico de Viseu\"},\"image\":{\"@id\":\"https:\\\/\\\/events.ipv.pt\\\/cernas\\\/pt\\\/#\\\/schema\\\/logo\\\/image\\\/\"}},{\"@type\":\"Person\",\"@id\":\"https:\\\/\\\/events.ipv.pt\\\/cernas\\\/pt\\\/#\\\/schema\\\/person\\\/a4f2196b39cc86065f614febd531befb\",\"name\":\"cristina\",\"image\":{\"@type\":\"ImageObject\",\"inLanguage\":\"pt-PT\",\"@id\":\"https:\\\/\\\/secure.gravatar.com\\\/avatar\\\/2195ec5194a145ca5d2c2ad965aa08b0d72d7d4157da345cccfeaa221a984952?s=96&d=mm&r=g\",\"url\":\"https:\\\/\\\/secure.gravatar.com\\\/avatar\\\/2195ec5194a145ca5d2c2ad965aa08b0d72d7d4157da345cccfeaa221a984952?s=96&d=mm&r=g\",\"contentUrl\":\"https:\\\/\\\/secure.gravatar.com\\\/avatar\\\/2195ec5194a145ca5d2c2ad965aa08b0d72d7d4157da345cccfeaa221a984952?s=96&d=mm&r=g\",\"caption\":\"cristina\"},\"sameAs\":[\"http:\\\/\\\/localhost\\\/cernas\"]}]}<\/script>\r\n<!-- \/ Yoast SEO plugin. -->","yoast_head_json":{"title":"Abstract Book: International Web Conference on Food Choice & Eating Motivation &#8226; CERNAS - IPV","robots":{"index":"noindex","follow":"follow"},"og_locale":"pt_PT","og_type":"article","og_title":"Abstract Book: International Web Conference on Food Choice & Eating Motivation &#8226; CERNAS - IPV","og_description":"Lima, C., Cunha, A. M., Pereira, A., Carvalho, R., Dulyanska, Y., Guin\u00e9, R. (2022) Abstract Book: International Web Conference on Food Choice &#038; Eating Motivation Instituto Polit\u00e9cnico de Viseu CERNAS-IPV Unidade de Gest\u00e3o do Centro de Estudos de Recursos Naturais, Ambiente e Sociedade, 100 pp. Maio, 2022, Viseu","og_url":"https:\/\/events.ipv.pt\/cernas\/pt\/abstract-book-international-web-conference-on-food-choice-eating-motivation\/","og_site_name":"CERNAS - IPV","article_published_time":"2022-05-31T10:31:12+00:00","article_modified_time":"2025-11-18T15:24:51+00:00","og_image":[{"width":500,"height":600,"url":"https:\/\/events.ipv.pt\/cernas\/wp-content\/uploads\/2022\/05\/l_fcem.jpg","type":"image\/jpeg"}],"author":"cristina","twitter_card":"summary_large_image","twitter_misc":{"Escrito por":"cristina","Tempo estimado de leitura":"1 minuto"},"schema":{"@context":"https:\/\/schema.org","@graph":[{"@type":"Article","@id":"https:\/\/events.ipv.pt\/cernas\/abstract-book-international-web-conference-on-food-choice-eating-motivation\/#article","isPartOf":{"@id":"https:\/\/events.ipv.pt\/cernas\/abstract-book-international-web-conference-on-food-choice-eating-motivation\/"},"author":{"name":"cristina","@id":"https:\/\/events.ipv.pt\/cernas\/pt\/#\/schema\/person\/a4f2196b39cc86065f614febd531befb"},"headline":"Abstract Book: International Web Conference on Food Choice &#038; Eating Motivation","datePublished":"2022-05-31T10:31:12+00:00","dateModified":"2025-11-18T15:24:51+00:00","mainEntityOfPage":{"@id":"https:\/\/events.ipv.pt\/cernas\/abstract-book-international-web-conference-on-food-choice-eating-motivation\/"},"wordCount":56,"publisher":{"@id":"https:\/\/events.ipv.pt\/cernas\/pt\/#organization"},"image":{"@id":"https:\/\/events.ipv.pt\/cernas\/abstract-book-international-web-conference-on-food-choice-eating-motivation\/#primaryimage"},"thumbnailUrl":"https:\/\/events.ipv.pt\/cernas\/wp-content\/uploads\/2022\/05\/l_fcem.jpg","keywords":["Raquel Guin\u00e9","Yuliya Dulyanska"],"articleSection":["livros"],"inLanguage":"pt-PT"},{"@type":"WebPage","@id":"https:\/\/events.ipv.pt\/cernas\/abstract-book-international-web-conference-on-food-choice-eating-motivation\/","url":"https:\/\/events.ipv.pt\/cernas\/abstract-book-international-web-conference-on-food-choice-eating-motivation\/","name":"Abstract Book: International Web Conference on Food Choice & Eating Motivation &#8226; CERNAS - IPV","isPartOf":{"@id":"https:\/\/events.ipv.pt\/cernas\/pt\/#website"},"primaryImageOfPage":{"@id":"https:\/\/events.ipv.pt\/cernas\/abstract-book-international-web-conference-on-food-choice-eating-motivation\/#primaryimage"},"image":{"@id":"https:\/\/events.ipv.pt\/cernas\/abstract-book-international-web-conference-on-food-choice-eating-motivation\/#primaryimage"},"thumbnailUrl":"https:\/\/events.ipv.pt\/cernas\/wp-content\/uploads\/2022\/05\/l_fcem.jpg","datePublished":"2022-05-31T10:31:12+00:00","dateModified":"2025-11-18T15:24:51+00:00","breadcrumb":{"@id":"https:\/\/events.ipv.pt\/cernas\/abstract-book-international-web-conference-on-food-choice-eating-motivation\/#breadcrumb"},"inLanguage":"pt-PT","potentialAction":[{"@type":"ReadAction","target":["https:\/\/events.ipv.pt\/cernas\/abstract-book-international-web-conference-on-food-choice-eating-motivation\/"]}]},{"@type":"ImageObject","inLanguage":"pt-PT","@id":"https:\/\/events.ipv.pt\/cernas\/abstract-book-international-web-conference-on-food-choice-eating-motivation\/#primaryimage","url":"https:\/\/events.ipv.pt\/cernas\/wp-content\/uploads\/2022\/05\/l_fcem.jpg","contentUrl":"https:\/\/events.ipv.pt\/cernas\/wp-content\/uploads\/2022\/05\/l_fcem.jpg","width":500,"height":600},{"@type":"BreadcrumbList","@id":"https:\/\/events.ipv.pt\/cernas\/abstract-book-international-web-conference-on-food-choice-eating-motivation\/#breadcrumb","itemListElement":[{"@type":"ListItem","position":1,"name":"Home","item":"https:\/\/events.ipv.pt\/cernas\/"},{"@type":"ListItem","position":2,"name":"Abstract Book: International Web Conference on Food Choice &#038; Eating Motivation"}]},{"@type":"WebSite","@id":"https:\/\/events.ipv.pt\/cernas\/pt\/#website","url":"https:\/\/events.ipv.pt\/cernas\/pt\/","name":"CERNAS-IPV | Centro de Estudos de Recursos Naturais, Ambiente e Sociedade","description":"","publisher":{"@id":"https:\/\/events.ipv.pt\/cernas\/pt\/#organization"},"potentialAction":[{"@type":"SearchAction","target":{"@type":"EntryPoint","urlTemplate":"https:\/\/events.ipv.pt\/cernas\/pt\/?s={search_term_string}"},"query-input":{"@type":"PropertyValueSpecification","valueRequired":true,"valueName":"search_term_string"}}],"inLanguage":"pt-PT"},{"@type":"Organization","@id":"https:\/\/events.ipv.pt\/cernas\/pt\/#organization","name":"Instituto Polit\u00e9cnico de Viseu","url":"https:\/\/events.ipv.pt\/cernas\/pt\/","logo":{"@type":"ImageObject","inLanguage":"pt-PT","@id":"https:\/\/events.ipv.pt\/cernas\/pt\/#\/schema\/logo\/image\/","url":"http:\/\/127.0.0.1\/cernas\/wp-content\/uploads\/2021\/03\/logo_pv.png","contentUrl":"http:\/\/127.0.0.1\/cernas\/wp-content\/uploads\/2021\/03\/logo_pv.png","width":4205,"height":1108,"caption":"Instituto Polit\u00e9cnico de Viseu"},"image":{"@id":"https:\/\/events.ipv.pt\/cernas\/pt\/#\/schema\/logo\/image\/"}},{"@type":"Person","@id":"https:\/\/events.ipv.pt\/cernas\/pt\/#\/schema\/person\/a4f2196b39cc86065f614febd531befb","name":"cristina","image":{"@type":"ImageObject","inLanguage":"pt-PT","@id":"https:\/\/secure.gravatar.com\/avatar\/2195ec5194a145ca5d2c2ad965aa08b0d72d7d4157da345cccfeaa221a984952?s=96&d=mm&r=g","url":"https:\/\/secure.gravatar.com\/avatar\/2195ec5194a145ca5d2c2ad965aa08b0d72d7d4157da345cccfeaa221a984952?s=96&d=mm&r=g","contentUrl":"https:\/\/secure.gravatar.com\/avatar\/2195ec5194a145ca5d2c2ad965aa08b0d72d7d4157da345cccfeaa221a984952?s=96&d=mm&r=g","caption":"cristina"},"sameAs":["http:\/\/localhost\/cernas"]}]}},"_links":{"self":[{"href":"https:\/\/events.ipv.pt\/cernas\/pt\/wp-json\/wp\/v2\/posts\/1386","targetHints":{"allow":["GET"]}}],"collection":[{"href":"https:\/\/events.ipv.pt\/cernas\/pt\/wp-json\/wp\/v2\/posts"}],"about":[{"href":"https:\/\/events.ipv.pt\/cernas\/pt\/wp-json\/wp\/v2\/types\/post"}],"author":[{"embeddable":true,"href":"https:\/\/events.ipv.pt\/cernas\/pt\/wp-json\/wp\/v2\/users\/1"}],"replies":[{"embeddable":true,"href":"https:\/\/events.ipv.pt\/cernas\/pt\/wp-json\/wp\/v2\/comments?post=1386"}],"version-history":[{"count":6,"href":"https:\/\/events.ipv.pt\/cernas\/pt\/wp-json\/wp\/v2\/posts\/1386\/revisions"}],"predecessor-version":[{"id":3604,"href":"https:\/\/events.ipv.pt\/cernas\/pt\/wp-json\/wp\/v2\/posts\/1386\/revisions\/3604"}],"wp:featuredmedia":[{"embeddable":true,"href":"https:\/\/events.ipv.pt\/cernas\/pt\/wp-json\/wp\/v2\/media\/1387"}],"wp:attachment":[{"href":"https:\/\/events.ipv.pt\/cernas\/pt\/wp-json\/wp\/v2\/media?parent=1386"}],"wp:term":[{"taxonomy":"category","embeddable":true,"href":"https:\/\/events.ipv.pt\/cernas\/pt\/wp-json\/wp\/v2\/categories?post=1386"},{"taxonomy":"post_tag","embeddable":true,"href":"https:\/\/events.ipv.pt\/cernas\/pt\/wp-json\/wp\/v2\/tags?post=1386"}],"curies":[{"name":"wp","href":"https:\/\/api.w.org\/{rel}","templated":true}]}}