{"id":99,"date":"2019-10-17T15:01:46","date_gmt":"2019-10-17T15:01:46","guid":{"rendered":"http:\/\/127.0.0.1\/cernas\/?p=99"},"modified":"2024-04-02T12:37:07","modified_gmt":"2024-04-02T12:37:07","slug":"premio-cap-apicultura-atribuido-ao-projeto-zdrone-flour","status":"publish","type":"post","link":"https:\/\/events.ipv.pt\/cernas\/en\/premio-cap-apicultura-atribuido-ao-projeto-zdrone-flour\/","title":{"rendered":"CAP BEEKEEPING PRIZE AWARDED TO \"ZDRONE FLOUR\" PROJECT"},"content":{"rendered":"<div><img loading=\"lazy\" decoding=\"async\" src=\"http:\/\/127.0.0.1\/cernas\/wp-content\/uploads\/2021\/03\/d3.jpg\" alt=\"\" width=\"350\" height=\"250\" class=\"alignnone size-full wp-image-100\" srcset=\"https:\/\/events.ipv.pt\/cernas\/wp-content\/uploads\/2021\/03\/d3.jpg 350w, https:\/\/events.ipv.pt\/cernas\/wp-content\/uploads\/2021\/03\/d3-300x214.jpg 300w\" sizes=\"auto, (max-width: 350px) 100vw, 350px\" \/><\/div>\n<div><img loading=\"lazy\" decoding=\"async\" src=\"http:\/\/127.0.0.1\/cernas\/wp-content\/uploads\/2021\/03\/d3-1.jpg\" alt=\"\" width=\"350\" height=\"173\" class=\"alignnone size-full wp-image-101\" srcset=\"https:\/\/events.ipv.pt\/cernas\/wp-content\/uploads\/2021\/03\/d3-1.jpg 350w, https:\/\/events.ipv.pt\/cernas\/wp-content\/uploads\/2021\/03\/d3-1-300x148.jpg 300w\" sizes=\"auto, (max-width: 350px) 100vw, 350px\" \/><\/div>\n<h4 style=\"padding-top: 50px;\">\u2022 The \"zDrone Flour\" proposal won 2nd prize in the \"CAP University &amp; Polytechnic Competition - Cultiva o teu futuro\", 2019 edition, dedicated to innovation in beekeeping. \u2022 <\/h4>\n<p>Correia P, Costa CA - lecturers at the Escola Superior Agr\u00e1ria de Viseu and researchers at CERNAS-IPV<br \/>\nRodrigues A, Ros\u00e1rio M, Costa M - students at the Escola Superior Agr\u00e1ria de Viseu<br \/>\nMachado S - student at the School of Agricultural and Veterinary Sciences of the University of Tr\u00e1s-os-Montes and Alto Douro<\/p>\n<p>A team of students and teachers from the Polytechnic of Viseu and the University of Tr\u00e1s-os-Montes and Alto Douro has developed a research project - \"zDrone Flour\" - which aims to help reduce the damage caused by the Varroa destructor mite and the use of veterinary medicines, through the technique of removing drone frames, and to make use of and value these insects for food use. In this way, it will be possible to increase the income from beekeeping and provide a range of new products based on drone flour rich in animal protein in the future.<\/p>","protected":false},"excerpt":{"rendered":"<p>\u2022 A proposta \u201czDrone Flour\u201d conquistou o 2.\u00ba pr\u00e9mio do \u201cConcurso Universit\u00e1rio &#038; Polit\u00e9cnico CAP \u2013 Cultiva o teu futuro\u201d, edi\u00e7\u00e3o de 2019, dedicada \u00e0 inova\u00e7\u00e3o em apicultura \u2022 Correia P, Costa CA \u2013 docentes da Escola Superior Agr\u00e1ria de Viseu e investigadoras do CERNAS-IPV Rodrigues A, Ros\u00e1rio M, Costa M \u2013 estudantes da Escola [&hellip;]<\/p>\n","protected":false},"author":1,"featured_media":100,"comment_status":"closed","ping_status":"open","sticky":false,"template":"","format":"standard","meta":{"site-sidebar-layout":"default","site-content-layout":"default","ast-site-content-layout":"normal-width-container","site-content-style":"boxed","site-sidebar-style":"default","ast-global-header-display":"","ast-banner-title-visibility":"","ast-main-header-display":"","ast-hfb-above-header-display":"","ast-hfb-below-header-display":"","ast-hfb-mobile-header-display":"","site-post-title":"","ast-breadcrumbs-content":"","ast-featured-img":"disabled","footer-sml-layout":"","ast-disable-related-posts":"","theme-transparent-header-meta":"default","adv-header-id-meta":"","stick-header-meta":"","header-above-stick-meta":"","header-main-stick-meta":"","header-below-stick-meta":"","astra-migrate-meta-layouts":"set","ast-page-background-enabled":"default","ast-page-background-meta":{"desktop":{"background-color":"","background-image":"","background-repeat":"repeat","background-position":"center center","background-size":"auto","background-attachment":"scroll","background-type":"","background-media":"","overlay-type":"","overlay-color":"","overlay-opacity":"","overlay-gradient":""},"tablet":{"background-color":"","background-image":"","background-repeat":"repeat","background-position":"center center","background-size":"auto","background-attachment":"scroll","background-type":"","background-media":"","overlay-type":"","overlay-color":"","overlay-opacity":"","overlay-gradient":""},"mobile":{"background-color":"","background-image":"","background-repeat":"repeat","background-position":"center center","background-size":"auto","background-attachment":"scroll","background-type":"","background-media":"","overlay-type":"","overlay-color":"","overlay-opacity":"","overlay-gradient":""}},"ast-content-background-meta":{"desktop":{"background-color":"var(--ast-global-color-5)","background-image":"","background-repeat":"repeat","background-position":"center center","background-size":"auto","background-attachment":"scroll","background-type":"","background-media":"","overlay-type":"","overlay-color":"","overlay-opacity":"","overlay-gradient":""},"tablet":{"background-color":"var(--ast-global-color-5)","background-image":"","background-repeat":"repeat","background-position":"center center","background-size":"auto","background-attachment":"scroll","background-type":"","background-media":"","overlay-type":"","overlay-color":"","overlay-opacity":"","overlay-gradient":""},"mobile":{"background-color":"var(--ast-global-color-5)","background-image":"","background-repeat":"repeat","background-position":"center center","background-size":"auto","background-attachment":"scroll","background-type":"","background-media":"","overlay-type":"","overlay-color":"","overlay-opacity":"","overlay-gradient":""}},"footnotes":""},"categories":[5,6,4],"tags":[],"class_list":["post-99","post","type-post","status-publish","format-standard","has-post-thumbnail","hentry","category-5","category-6","category-destaques"],"yoast_head":"<!-- This site is optimized with the Yoast SEO plugin v27.5 - https:\/\/yoast.com\/product\/yoast-seo-wordpress\/ -->\r\n<title>PR\u00c9MIO CAP APICULTURA ATRIBU\u00cdDO AO PROJETO \u201cZDRONE FLOUR&quot; &#8226; CERNAS - IPV<\/title>\r\n<meta name=\"robots\" content=\"noindex, follow\" \/>\r\n<meta property=\"og:locale\" content=\"en_GB\" \/>\r\n<meta property=\"og:type\" content=\"article\" \/>\r\n<meta property=\"og:title\" content=\"PR\u00c9MIO CAP APICULTURA ATRIBU\u00cdDO AO PROJETO \u201cZDRONE FLOUR&quot; &#8226; CERNAS - IPV\" \/>\r\n<meta property=\"og:description\" content=\"\u2022 A proposta \u201czDrone Flour\u201d conquistou o 2.\u00ba pr\u00e9mio do \u201cConcurso Universit\u00e1rio &#038; Polit\u00e9cnico CAP \u2013 Cultiva o teu futuro\u201d, edi\u00e7\u00e3o de 2019, dedicada \u00e0 inova\u00e7\u00e3o em apicultura \u2022 Correia P, Costa CA \u2013 docentes da Escola Superior Agr\u00e1ria de Viseu e investigadoras do CERNAS-IPV Rodrigues A, Ros\u00e1rio M, Costa M \u2013 estudantes da Escola [&hellip;]\" \/>\r\n<meta property=\"og:url\" content=\"https:\/\/events.ipv.pt\/cernas\/en\/premio-cap-apicultura-atribuido-ao-projeto-zdrone-flour\/\" \/>\r\n<meta property=\"og:site_name\" content=\"CERNAS - IPV\" \/>\r\n<meta property=\"article:published_time\" content=\"2019-10-17T15:01:46+00:00\" \/>\r\n<meta property=\"article:modified_time\" content=\"2024-04-02T12:37:07+00:00\" \/>\r\n<meta property=\"og:image\" content=\"https:\/\/events.ipv.pt\/cernas\/wp-content\/uploads\/2021\/03\/d3.jpg\" \/>\r\n\t<meta property=\"og:image:width\" content=\"350\" \/>\r\n\t<meta property=\"og:image:height\" content=\"250\" \/>\r\n\t<meta property=\"og:image:type\" content=\"image\/jpeg\" \/>\r\n<meta name=\"author\" content=\"cristina\" \/>\r\n<meta name=\"twitter:card\" content=\"summary_large_image\" \/>\r\n<meta name=\"twitter:label1\" content=\"Written by\" \/>\n\t<meta name=\"twitter:data1\" content=\"cristina\" \/>\n\t<meta name=\"twitter:label2\" content=\"Estimated reading time\" \/>\n\t<meta name=\"twitter:data2\" content=\"2 minutes\" \/>\r\n<script type=\"application\/ld+json\" class=\"yoast-schema-graph\">{\"@context\":\"https:\\\/\\\/schema.org\",\"@graph\":[{\"@type\":\"Article\",\"@id\":\"https:\\\/\\\/events.ipv.pt\\\/cernas\\\/premio-cap-apicultura-atribuido-ao-projeto-zdrone-flour\\\/#article\",\"isPartOf\":{\"@id\":\"https:\\\/\\\/events.ipv.pt\\\/cernas\\\/premio-cap-apicultura-atribuido-ao-projeto-zdrone-flour\\\/\"},\"author\":{\"name\":\"cristina\",\"@id\":\"https:\\\/\\\/events.ipv.pt\\\/cernas\\\/pt\\\/#\\\/schema\\\/person\\\/a4f2196b39cc86065f614febd531befb\"},\"headline\":\"PR\u00c9MIO CAP APICULTURA ATRIBU\u00cdDO AO PROJETO \u201cZDRONE FLOUR&#8221;\",\"datePublished\":\"2019-10-17T15:01:46+00:00\",\"dateModified\":\"2024-04-02T12:37:07+00:00\",\"mainEntityOfPage\":{\"@id\":\"https:\\\/\\\/events.ipv.pt\\\/cernas\\\/premio-cap-apicultura-atribuido-ao-projeto-zdrone-flour\\\/\"},\"wordCount\":200,\"publisher\":{\"@id\":\"https:\\\/\\\/events.ipv.pt\\\/cernas\\\/pt\\\/#organization\"},\"image\":{\"@id\":\"https:\\\/\\\/events.ipv.pt\\\/cernas\\\/premio-cap-apicultura-atribuido-ao-projeto-zdrone-flour\\\/#primaryimage\"},\"thumbnailUrl\":\"https:\\\/\\\/events.ipv.pt\\\/cernas\\\/wp-content\\\/uploads\\\/2021\\\/03\\\/d3.jpg\",\"articleSection\":[\"2019\",\"2020\",\"destaques\"],\"inLanguage\":\"en-GB\"},{\"@type\":\"WebPage\",\"@id\":\"https:\\\/\\\/events.ipv.pt\\\/cernas\\\/premio-cap-apicultura-atribuido-ao-projeto-zdrone-flour\\\/\",\"url\":\"https:\\\/\\\/events.ipv.pt\\\/cernas\\\/premio-cap-apicultura-atribuido-ao-projeto-zdrone-flour\\\/\",\"name\":\"PR\u00c9MIO CAP APICULTURA ATRIBU\u00cdDO AO PROJETO \u201cZDRONE FLOUR\\\" &#8226; CERNAS - IPV\",\"isPartOf\":{\"@id\":\"https:\\\/\\\/events.ipv.pt\\\/cernas\\\/pt\\\/#website\"},\"primaryImageOfPage\":{\"@id\":\"https:\\\/\\\/events.ipv.pt\\\/cernas\\\/premio-cap-apicultura-atribuido-ao-projeto-zdrone-flour\\\/#primaryimage\"},\"image\":{\"@id\":\"https:\\\/\\\/events.ipv.pt\\\/cernas\\\/premio-cap-apicultura-atribuido-ao-projeto-zdrone-flour\\\/#primaryimage\"},\"thumbnailUrl\":\"https:\\\/\\\/events.ipv.pt\\\/cernas\\\/wp-content\\\/uploads\\\/2021\\\/03\\\/d3.jpg\",\"datePublished\":\"2019-10-17T15:01:46+00:00\",\"dateModified\":\"2024-04-02T12:37:07+00:00\",\"breadcrumb\":{\"@id\":\"https:\\\/\\\/events.ipv.pt\\\/cernas\\\/premio-cap-apicultura-atribuido-ao-projeto-zdrone-flour\\\/#breadcrumb\"},\"inLanguage\":\"en-GB\",\"potentialAction\":[{\"@type\":\"ReadAction\",\"target\":[\"https:\\\/\\\/events.ipv.pt\\\/cernas\\\/premio-cap-apicultura-atribuido-ao-projeto-zdrone-flour\\\/\"]}]},{\"@type\":\"ImageObject\",\"inLanguage\":\"en-GB\",\"@id\":\"https:\\\/\\\/events.ipv.pt\\\/cernas\\\/premio-cap-apicultura-atribuido-ao-projeto-zdrone-flour\\\/#primaryimage\",\"url\":\"https:\\\/\\\/events.ipv.pt\\\/cernas\\\/wp-content\\\/uploads\\\/2021\\\/03\\\/d3.jpg\",\"contentUrl\":\"https:\\\/\\\/events.ipv.pt\\\/cernas\\\/wp-content\\\/uploads\\\/2021\\\/03\\\/d3.jpg\",\"width\":350,\"height\":250},{\"@type\":\"BreadcrumbList\",\"@id\":\"https:\\\/\\\/events.ipv.pt\\\/cernas\\\/premio-cap-apicultura-atribuido-ao-projeto-zdrone-flour\\\/#breadcrumb\",\"itemListElement\":[{\"@type\":\"ListItem\",\"position\":1,\"name\":\"Home\",\"item\":\"https:\\\/\\\/events.ipv.pt\\\/cernas\\\/\"},{\"@type\":\"ListItem\",\"position\":2,\"name\":\"PR\u00c9MIO CAP APICULTURA ATRIBU\u00cdDO AO PROJETO \u201cZDRONE FLOUR&#8221;\"}]},{\"@type\":\"WebSite\",\"@id\":\"https:\\\/\\\/events.ipv.pt\\\/cernas\\\/pt\\\/#website\",\"url\":\"https:\\\/\\\/events.ipv.pt\\\/cernas\\\/pt\\\/\",\"name\":\"CERNAS-IPV | Centro de Estudos de Recursos Naturais, Ambiente e Sociedade\",\"description\":\"\",\"publisher\":{\"@id\":\"https:\\\/\\\/events.ipv.pt\\\/cernas\\\/pt\\\/#organization\"},\"potentialAction\":[{\"@type\":\"SearchAction\",\"target\":{\"@type\":\"EntryPoint\",\"urlTemplate\":\"https:\\\/\\\/events.ipv.pt\\\/cernas\\\/pt\\\/?s={search_term_string}\"},\"query-input\":{\"@type\":\"PropertyValueSpecification\",\"valueRequired\":true,\"valueName\":\"search_term_string\"}}],\"inLanguage\":\"en-GB\"},{\"@type\":\"Organization\",\"@id\":\"https:\\\/\\\/events.ipv.pt\\\/cernas\\\/pt\\\/#organization\",\"name\":\"Instituto Polit\u00e9cnico de Viseu\",\"url\":\"https:\\\/\\\/events.ipv.pt\\\/cernas\\\/pt\\\/\",\"logo\":{\"@type\":\"ImageObject\",\"inLanguage\":\"en-GB\",\"@id\":\"https:\\\/\\\/events.ipv.pt\\\/cernas\\\/pt\\\/#\\\/schema\\\/logo\\\/image\\\/\",\"url\":\"http:\\\/\\\/127.0.0.1\\\/cernas\\\/wp-content\\\/uploads\\\/2021\\\/03\\\/logo_pv.png\",\"contentUrl\":\"http:\\\/\\\/127.0.0.1\\\/cernas\\\/wp-content\\\/uploads\\\/2021\\\/03\\\/logo_pv.png\",\"width\":4205,\"height\":1108,\"caption\":\"Instituto Polit\u00e9cnico de Viseu\"},\"image\":{\"@id\":\"https:\\\/\\\/events.ipv.pt\\\/cernas\\\/pt\\\/#\\\/schema\\\/logo\\\/image\\\/\"}},{\"@type\":\"Person\",\"@id\":\"https:\\\/\\\/events.ipv.pt\\\/cernas\\\/pt\\\/#\\\/schema\\\/person\\\/a4f2196b39cc86065f614febd531befb\",\"name\":\"cristina\",\"image\":{\"@type\":\"ImageObject\",\"inLanguage\":\"en-GB\",\"@id\":\"https:\\\/\\\/secure.gravatar.com\\\/avatar\\\/2195ec5194a145ca5d2c2ad965aa08b0d72d7d4157da345cccfeaa221a984952?s=96&d=mm&r=g\",\"url\":\"https:\\\/\\\/secure.gravatar.com\\\/avatar\\\/2195ec5194a145ca5d2c2ad965aa08b0d72d7d4157da345cccfeaa221a984952?s=96&d=mm&r=g\",\"contentUrl\":\"https:\\\/\\\/secure.gravatar.com\\\/avatar\\\/2195ec5194a145ca5d2c2ad965aa08b0d72d7d4157da345cccfeaa221a984952?s=96&d=mm&r=g\",\"caption\":\"cristina\"},\"sameAs\":[\"http:\\\/\\\/localhost\\\/cernas\"]}]}<\/script>\r\n<!-- \/ Yoast SEO plugin. -->","yoast_head_json":{"title":"PR\u00c9MIO CAP APICULTURA ATRIBU\u00cdDO AO PROJETO \u201cZDRONE FLOUR\" &#8226; CERNAS - IPV","robots":{"index":"noindex","follow":"follow"},"og_locale":"en_GB","og_type":"article","og_title":"PR\u00c9MIO CAP APICULTURA ATRIBU\u00cdDO AO PROJETO \u201cZDRONE FLOUR\" &#8226; CERNAS - IPV","og_description":"\u2022 A proposta \u201czDrone Flour\u201d conquistou o 2.\u00ba pr\u00e9mio do \u201cConcurso Universit\u00e1rio &#038; Polit\u00e9cnico CAP \u2013 Cultiva o teu futuro\u201d, edi\u00e7\u00e3o de 2019, dedicada \u00e0 inova\u00e7\u00e3o em apicultura \u2022 Correia P, Costa CA \u2013 docentes da Escola Superior Agr\u00e1ria de Viseu e investigadoras do CERNAS-IPV Rodrigues A, Ros\u00e1rio M, Costa M \u2013 estudantes da Escola [&hellip;]","og_url":"https:\/\/events.ipv.pt\/cernas\/en\/premio-cap-apicultura-atribuido-ao-projeto-zdrone-flour\/","og_site_name":"CERNAS - IPV","article_published_time":"2019-10-17T15:01:46+00:00","article_modified_time":"2024-04-02T12:37:07+00:00","og_image":[{"width":350,"height":250,"url":"https:\/\/events.ipv.pt\/cernas\/wp-content\/uploads\/2021\/03\/d3.jpg","type":"image\/jpeg"}],"author":"cristina","twitter_card":"summary_large_image","twitter_misc":{"Written by":"cristina","Estimated reading time":"2 minutes"},"schema":{"@context":"https:\/\/schema.org","@graph":[{"@type":"Article","@id":"https:\/\/events.ipv.pt\/cernas\/premio-cap-apicultura-atribuido-ao-projeto-zdrone-flour\/#article","isPartOf":{"@id":"https:\/\/events.ipv.pt\/cernas\/premio-cap-apicultura-atribuido-ao-projeto-zdrone-flour\/"},"author":{"name":"cristina","@id":"https:\/\/events.ipv.pt\/cernas\/pt\/#\/schema\/person\/a4f2196b39cc86065f614febd531befb"},"headline":"PR\u00c9MIO CAP APICULTURA ATRIBU\u00cdDO AO PROJETO \u201cZDRONE FLOUR&#8221;","datePublished":"2019-10-17T15:01:46+00:00","dateModified":"2024-04-02T12:37:07+00:00","mainEntityOfPage":{"@id":"https:\/\/events.ipv.pt\/cernas\/premio-cap-apicultura-atribuido-ao-projeto-zdrone-flour\/"},"wordCount":200,"publisher":{"@id":"https:\/\/events.ipv.pt\/cernas\/pt\/#organization"},"image":{"@id":"https:\/\/events.ipv.pt\/cernas\/premio-cap-apicultura-atribuido-ao-projeto-zdrone-flour\/#primaryimage"},"thumbnailUrl":"https:\/\/events.ipv.pt\/cernas\/wp-content\/uploads\/2021\/03\/d3.jpg","articleSection":["2019","2020","destaques"],"inLanguage":"en-GB"},{"@type":"WebPage","@id":"https:\/\/events.ipv.pt\/cernas\/premio-cap-apicultura-atribuido-ao-projeto-zdrone-flour\/","url":"https:\/\/events.ipv.pt\/cernas\/premio-cap-apicultura-atribuido-ao-projeto-zdrone-flour\/","name":"PR\u00c9MIO CAP APICULTURA ATRIBU\u00cdDO AO PROJETO \u201cZDRONE FLOUR\" &#8226; CERNAS - IPV","isPartOf":{"@id":"https:\/\/events.ipv.pt\/cernas\/pt\/#website"},"primaryImageOfPage":{"@id":"https:\/\/events.ipv.pt\/cernas\/premio-cap-apicultura-atribuido-ao-projeto-zdrone-flour\/#primaryimage"},"image":{"@id":"https:\/\/events.ipv.pt\/cernas\/premio-cap-apicultura-atribuido-ao-projeto-zdrone-flour\/#primaryimage"},"thumbnailUrl":"https:\/\/events.ipv.pt\/cernas\/wp-content\/uploads\/2021\/03\/d3.jpg","datePublished":"2019-10-17T15:01:46+00:00","dateModified":"2024-04-02T12:37:07+00:00","breadcrumb":{"@id":"https:\/\/events.ipv.pt\/cernas\/premio-cap-apicultura-atribuido-ao-projeto-zdrone-flour\/#breadcrumb"},"inLanguage":"en-GB","potentialAction":[{"@type":"ReadAction","target":["https:\/\/events.ipv.pt\/cernas\/premio-cap-apicultura-atribuido-ao-projeto-zdrone-flour\/"]}]},{"@type":"ImageObject","inLanguage":"en-GB","@id":"https:\/\/events.ipv.pt\/cernas\/premio-cap-apicultura-atribuido-ao-projeto-zdrone-flour\/#primaryimage","url":"https:\/\/events.ipv.pt\/cernas\/wp-content\/uploads\/2021\/03\/d3.jpg","contentUrl":"https:\/\/events.ipv.pt\/cernas\/wp-content\/uploads\/2021\/03\/d3.jpg","width":350,"height":250},{"@type":"BreadcrumbList","@id":"https:\/\/events.ipv.pt\/cernas\/premio-cap-apicultura-atribuido-ao-projeto-zdrone-flour\/#breadcrumb","itemListElement":[{"@type":"ListItem","position":1,"name":"Home","item":"https:\/\/events.ipv.pt\/cernas\/"},{"@type":"ListItem","position":2,"name":"PR\u00c9MIO CAP APICULTURA ATRIBU\u00cdDO AO PROJETO \u201cZDRONE FLOUR&#8221;"}]},{"@type":"WebSite","@id":"https:\/\/events.ipv.pt\/cernas\/pt\/#website","url":"https:\/\/events.ipv.pt\/cernas\/pt\/","name":"CERNAS-IPV | Centro de Estudos de Recursos Naturais, Ambiente e Sociedade","description":"","publisher":{"@id":"https:\/\/events.ipv.pt\/cernas\/pt\/#organization"},"potentialAction":[{"@type":"SearchAction","target":{"@type":"EntryPoint","urlTemplate":"https:\/\/events.ipv.pt\/cernas\/pt\/?s={search_term_string}"},"query-input":{"@type":"PropertyValueSpecification","valueRequired":true,"valueName":"search_term_string"}}],"inLanguage":"en-GB"},{"@type":"Organization","@id":"https:\/\/events.ipv.pt\/cernas\/pt\/#organization","name":"Instituto Polit\u00e9cnico de Viseu","url":"https:\/\/events.ipv.pt\/cernas\/pt\/","logo":{"@type":"ImageObject","inLanguage":"en-GB","@id":"https:\/\/events.ipv.pt\/cernas\/pt\/#\/schema\/logo\/image\/","url":"http:\/\/127.0.0.1\/cernas\/wp-content\/uploads\/2021\/03\/logo_pv.png","contentUrl":"http:\/\/127.0.0.1\/cernas\/wp-content\/uploads\/2021\/03\/logo_pv.png","width":4205,"height":1108,"caption":"Instituto Polit\u00e9cnico de Viseu"},"image":{"@id":"https:\/\/events.ipv.pt\/cernas\/pt\/#\/schema\/logo\/image\/"}},{"@type":"Person","@id":"https:\/\/events.ipv.pt\/cernas\/pt\/#\/schema\/person\/a4f2196b39cc86065f614febd531befb","name":"cristina","image":{"@type":"ImageObject","inLanguage":"en-GB","@id":"https:\/\/secure.gravatar.com\/avatar\/2195ec5194a145ca5d2c2ad965aa08b0d72d7d4157da345cccfeaa221a984952?s=96&d=mm&r=g","url":"https:\/\/secure.gravatar.com\/avatar\/2195ec5194a145ca5d2c2ad965aa08b0d72d7d4157da345cccfeaa221a984952?s=96&d=mm&r=g","contentUrl":"https:\/\/secure.gravatar.com\/avatar\/2195ec5194a145ca5d2c2ad965aa08b0d72d7d4157da345cccfeaa221a984952?s=96&d=mm&r=g","caption":"cristina"},"sameAs":["http:\/\/localhost\/cernas"]}]}},"_links":{"self":[{"href":"https:\/\/events.ipv.pt\/cernas\/en\/wp-json\/wp\/v2\/posts\/99","targetHints":{"allow":["GET"]}}],"collection":[{"href":"https:\/\/events.ipv.pt\/cernas\/en\/wp-json\/wp\/v2\/posts"}],"about":[{"href":"https:\/\/events.ipv.pt\/cernas\/en\/wp-json\/wp\/v2\/types\/post"}],"author":[{"embeddable":true,"href":"https:\/\/events.ipv.pt\/cernas\/en\/wp-json\/wp\/v2\/users\/1"}],"replies":[{"embeddable":true,"href":"https:\/\/events.ipv.pt\/cernas\/en\/wp-json\/wp\/v2\/comments?post=99"}],"version-history":[{"count":5,"href":"https:\/\/events.ipv.pt\/cernas\/en\/wp-json\/wp\/v2\/posts\/99\/revisions"}],"predecessor-version":[{"id":2444,"href":"https:\/\/events.ipv.pt\/cernas\/en\/wp-json\/wp\/v2\/posts\/99\/revisions\/2444"}],"wp:featuredmedia":[{"embeddable":true,"href":"https:\/\/events.ipv.pt\/cernas\/en\/wp-json\/wp\/v2\/media\/100"}],"wp:attachment":[{"href":"https:\/\/events.ipv.pt\/cernas\/en\/wp-json\/wp\/v2\/media?parent=99"}],"wp:term":[{"taxonomy":"category","embeddable":true,"href":"https:\/\/events.ipv.pt\/cernas\/en\/wp-json\/wp\/v2\/categories?post=99"},{"taxonomy":"post_tag","embeddable":true,"href":"https:\/\/events.ipv.pt\/cernas\/en\/wp-json\/wp\/v2\/tags?post=99"}],"curies":[{"name":"wp","href":"https:\/\/api.w.org\/{rel}","templated":true}]}}