{"id":5053,"date":"2025-04-20T14:20:01","date_gmt":"2025-04-20T14:20:01","guid":{"rendered":"https:\/\/events.ipv.pt\/cernas\/?p=5053"},"modified":"2026-04-20T14:44:33","modified_gmt":"2026-04-20T14:44:33","slug":"production-and-characterization-of-powder-from-drone-brood-of-honeybees-apis-mellifera","status":"publish","type":"post","link":"https:\/\/events.ipv.pt\/cernas\/en\/production-and-characterization-of-powder-from-drone-brood-of-honeybees-apis-mellifera\/","title":{"rendered":"Production and characterization of powder from drone brood of honeybees (Apis mellifera)"},"content":{"rendered":"<p>Gon\u00e7alves JC, Vouga B, Costa CA, Gon\u00e7alves F, Coelho C, Guin\u00e9 RPF, Correia PMR. (2025)<br \/>\nProduction and characterization of powder from drone brood of honeybees (Apis mellifera).<br \/>\nApplied Food Research, 5(1): 100718 (15 pp.).<br \/>\n<a href=\"https:\/\/doi.org\/10.19084\/rca.40281\" target=\"_blank\">https:\/\/doi.org\/10.19084\/rca.40281<\/a><\/p>","protected":false},"excerpt":{"rendered":"<p>Gon\u00e7alves JC, Vouga B, Costa CA, Gon\u00e7alves F, Coelho C, Guin\u00e9 RPF, Correia PMR. (2025) Production and characterization of powder from drone brood of honeybees (Apis mellifera). Applied Food Research, 5(1): 100718 (15 pp.). https:\/\/doi.org\/10.19084\/rca.40281<\/p>","protected":false},"author":1,"featured_media":0,"comment_status":"closed","ping_status":"open","sticky":false,"template":"","format":"standard","meta":{"site-sidebar-layout":"default","site-content-layout":"","ast-site-content-layout":"default","site-content-style":"default","site-sidebar-style":"default","ast-global-header-display":"","ast-banner-title-visibility":"","ast-main-header-display":"","ast-hfb-above-header-display":"","ast-hfb-below-header-display":"","ast-hfb-mobile-header-display":"","site-post-title":"","ast-breadcrumbs-content":"","ast-featured-img":"","footer-sml-layout":"","ast-disable-related-posts":"","theme-transparent-header-meta":"default","adv-header-id-meta":"","stick-header-meta":"","header-above-stick-meta":"","header-main-stick-meta":"","header-below-stick-meta":"","astra-migrate-meta-layouts":"set","ast-page-background-enabled":"default","ast-page-background-meta":{"desktop":{"background-color":"","background-image":"","background-repeat":"repeat","background-position":"center center","background-size":"auto","background-attachment":"scroll","background-type":"","background-media":"","overlay-type":"","overlay-color":"","overlay-opacity":"","overlay-gradient":""},"tablet":{"background-color":"","background-image":"","background-repeat":"repeat","background-position":"center center","background-size":"auto","background-attachment":"scroll","background-type":"","background-media":"","overlay-type":"","overlay-color":"","overlay-opacity":"","overlay-gradient":""},"mobile":{"background-color":"","background-image":"","background-repeat":"repeat","background-position":"center center","background-size":"auto","background-attachment":"scroll","background-type":"","background-media":"","overlay-type":"","overlay-color":"","overlay-opacity":"","overlay-gradient":""}},"ast-content-background-meta":{"desktop":{"background-color":"var(--ast-global-color-5)","background-image":"","background-repeat":"repeat","background-position":"center center","background-size":"auto","background-attachment":"scroll","background-type":"","background-media":"","overlay-type":"","overlay-color":"","overlay-opacity":"","overlay-gradient":""},"tablet":{"background-color":"var(--ast-global-color-5)","background-image":"","background-repeat":"repeat","background-position":"center center","background-size":"auto","background-attachment":"scroll","background-type":"","background-media":"","overlay-type":"","overlay-color":"","overlay-opacity":"","overlay-gradient":""},"mobile":{"background-color":"var(--ast-global-color-5)","background-image":"","background-repeat":"repeat","background-position":"center center","background-size":"auto","background-attachment":"scroll","background-type":"","background-media":"","overlay-type":"","overlay-color":"","overlay-opacity":"","overlay-gradient":""}},"footnotes":""},"categories":[81,69],"tags":[36,31,68,70,32,34],"class_list":["post-5053","post","type-post","status-publish","format-standard","hentry","category-81","category-artigo-cientifico","tag-catarina-coelho","tag-cristina-amaro-da-costa","tag-fernando-goncalves","tag-joao-goncalves","tag-paula-correia","tag-raquel-guine"],"yoast_head":"<!-- This site is optimized with the Yoast SEO plugin v27.5 - https:\/\/yoast.com\/product\/yoast-seo-wordpress\/ -->\r\n<title>Production and characterization of powder from drone brood of honeybees (Apis mellifera) &#8226; CERNAS - IPV<\/title>\r\n<meta name=\"robots\" content=\"noindex, follow\" \/>\r\n<meta property=\"og:locale\" content=\"en_GB\" \/>\r\n<meta property=\"og:type\" content=\"article\" \/>\r\n<meta property=\"og:title\" content=\"Production and characterization of powder from drone brood of honeybees (Apis mellifera) &#8226; CERNAS - IPV\" \/>\r\n<meta property=\"og:description\" content=\"Gon\u00e7alves JC, Vouga B, Costa CA, Gon\u00e7alves F, Coelho C, Guin\u00e9 RPF, Correia PMR. (2025) Production and characterization of powder from drone brood of honeybees (Apis mellifera). Applied Food Research, 5(1): 100718 (15 pp.). https:\/\/doi.org\/10.19084\/rca.40281\" \/>\r\n<meta property=\"og:url\" content=\"https:\/\/events.ipv.pt\/cernas\/en\/production-and-characterization-of-powder-from-drone-brood-of-honeybees-apis-mellifera\/\" \/>\r\n<meta property=\"og:site_name\" content=\"CERNAS - IPV\" \/>\r\n<meta property=\"article:published_time\" content=\"2025-04-20T14:20:01+00:00\" \/>\r\n<meta property=\"article:modified_time\" content=\"2026-04-20T14:44:33+00:00\" \/>\r\n<meta name=\"author\" content=\"cristina\" \/>\r\n<meta name=\"twitter:card\" content=\"summary_large_image\" \/>\r\n<meta name=\"twitter:label1\" content=\"Written by\" \/>\n\t<meta name=\"twitter:data1\" content=\"cristina\" \/>\n\t<meta name=\"twitter:label2\" content=\"Estimated reading time\" \/>\n\t<meta name=\"twitter:data2\" content=\"1 minute\" \/>\r\n<script type=\"application\/ld+json\" class=\"yoast-schema-graph\">{\"@context\":\"https:\\\/\\\/schema.org\",\"@graph\":[{\"@type\":\"Article\",\"@id\":\"https:\\\/\\\/events.ipv.pt\\\/cernas\\\/production-and-characterization-of-powder-from-drone-brood-of-honeybees-apis-mellifera\\\/#article\",\"isPartOf\":{\"@id\":\"https:\\\/\\\/events.ipv.pt\\\/cernas\\\/production-and-characterization-of-powder-from-drone-brood-of-honeybees-apis-mellifera\\\/\"},\"author\":{\"name\":\"cristina\",\"@id\":\"https:\\\/\\\/events.ipv.pt\\\/cernas\\\/pt\\\/#\\\/schema\\\/person\\\/a4f2196b39cc86065f614febd531befb\"},\"headline\":\"Production and characterization of powder from drone brood of honeybees (Apis mellifera)\",\"datePublished\":\"2025-04-20T14:20:01+00:00\",\"dateModified\":\"2026-04-20T14:44:33+00:00\",\"mainEntityOfPage\":{\"@id\":\"https:\\\/\\\/events.ipv.pt\\\/cernas\\\/production-and-characterization-of-powder-from-drone-brood-of-honeybees-apis-mellifera\\\/\"},\"wordCount\":48,\"publisher\":{\"@id\":\"https:\\\/\\\/events.ipv.pt\\\/cernas\\\/pt\\\/#organization\"},\"keywords\":[\"Catarina Coelho\",\"Cristina Amaro da Costa\",\"Fernando Gon\u00e7alves\",\"Jo\u00e3o Gon\u00e7alves\",\"Paula Correia\",\"Raquel Guin\u00e9\"],\"articleSection\":[\"2025\",\"artigo cient\u00edfico\"],\"inLanguage\":\"en-GB\"},{\"@type\":\"WebPage\",\"@id\":\"https:\\\/\\\/events.ipv.pt\\\/cernas\\\/production-and-characterization-of-powder-from-drone-brood-of-honeybees-apis-mellifera\\\/\",\"url\":\"https:\\\/\\\/events.ipv.pt\\\/cernas\\\/production-and-characterization-of-powder-from-drone-brood-of-honeybees-apis-mellifera\\\/\",\"name\":\"Production and characterization of powder from drone brood of honeybees (Apis mellifera) &#8226; CERNAS - IPV\",\"isPartOf\":{\"@id\":\"https:\\\/\\\/events.ipv.pt\\\/cernas\\\/pt\\\/#website\"},\"datePublished\":\"2025-04-20T14:20:01+00:00\",\"dateModified\":\"2026-04-20T14:44:33+00:00\",\"breadcrumb\":{\"@id\":\"https:\\\/\\\/events.ipv.pt\\\/cernas\\\/production-and-characterization-of-powder-from-drone-brood-of-honeybees-apis-mellifera\\\/#breadcrumb\"},\"inLanguage\":\"en-GB\",\"potentialAction\":[{\"@type\":\"ReadAction\",\"target\":[\"https:\\\/\\\/events.ipv.pt\\\/cernas\\\/production-and-characterization-of-powder-from-drone-brood-of-honeybees-apis-mellifera\\\/\"]}]},{\"@type\":\"BreadcrumbList\",\"@id\":\"https:\\\/\\\/events.ipv.pt\\\/cernas\\\/production-and-characterization-of-powder-from-drone-brood-of-honeybees-apis-mellifera\\\/#breadcrumb\",\"itemListElement\":[{\"@type\":\"ListItem\",\"position\":1,\"name\":\"Home\",\"item\":\"https:\\\/\\\/events.ipv.pt\\\/cernas\\\/\"},{\"@type\":\"ListItem\",\"position\":2,\"name\":\"Production and characterization of powder from drone brood of honeybees (Apis mellifera)\"}]},{\"@type\":\"WebSite\",\"@id\":\"https:\\\/\\\/events.ipv.pt\\\/cernas\\\/pt\\\/#website\",\"url\":\"https:\\\/\\\/events.ipv.pt\\\/cernas\\\/pt\\\/\",\"name\":\"CERNAS-IPV | Centro de Estudos de Recursos Naturais, Ambiente e Sociedade\",\"description\":\"\",\"publisher\":{\"@id\":\"https:\\\/\\\/events.ipv.pt\\\/cernas\\\/pt\\\/#organization\"},\"potentialAction\":[{\"@type\":\"SearchAction\",\"target\":{\"@type\":\"EntryPoint\",\"urlTemplate\":\"https:\\\/\\\/events.ipv.pt\\\/cernas\\\/pt\\\/?s={search_term_string}\"},\"query-input\":{\"@type\":\"PropertyValueSpecification\",\"valueRequired\":true,\"valueName\":\"search_term_string\"}}],\"inLanguage\":\"en-GB\"},{\"@type\":\"Organization\",\"@id\":\"https:\\\/\\\/events.ipv.pt\\\/cernas\\\/pt\\\/#organization\",\"name\":\"Instituto Polit\u00e9cnico de Viseu\",\"url\":\"https:\\\/\\\/events.ipv.pt\\\/cernas\\\/pt\\\/\",\"logo\":{\"@type\":\"ImageObject\",\"inLanguage\":\"en-GB\",\"@id\":\"https:\\\/\\\/events.ipv.pt\\\/cernas\\\/pt\\\/#\\\/schema\\\/logo\\\/image\\\/\",\"url\":\"http:\\\/\\\/127.0.0.1\\\/cernas\\\/wp-content\\\/uploads\\\/2021\\\/03\\\/logo_pv.png\",\"contentUrl\":\"http:\\\/\\\/127.0.0.1\\\/cernas\\\/wp-content\\\/uploads\\\/2021\\\/03\\\/logo_pv.png\",\"width\":4205,\"height\":1108,\"caption\":\"Instituto Polit\u00e9cnico de Viseu\"},\"image\":{\"@id\":\"https:\\\/\\\/events.ipv.pt\\\/cernas\\\/pt\\\/#\\\/schema\\\/logo\\\/image\\\/\"}},{\"@type\":\"Person\",\"@id\":\"https:\\\/\\\/events.ipv.pt\\\/cernas\\\/pt\\\/#\\\/schema\\\/person\\\/a4f2196b39cc86065f614febd531befb\",\"name\":\"cristina\",\"image\":{\"@type\":\"ImageObject\",\"inLanguage\":\"en-GB\",\"@id\":\"https:\\\/\\\/secure.gravatar.com\\\/avatar\\\/2195ec5194a145ca5d2c2ad965aa08b0d72d7d4157da345cccfeaa221a984952?s=96&d=mm&r=g\",\"url\":\"https:\\\/\\\/secure.gravatar.com\\\/avatar\\\/2195ec5194a145ca5d2c2ad965aa08b0d72d7d4157da345cccfeaa221a984952?s=96&d=mm&r=g\",\"contentUrl\":\"https:\\\/\\\/secure.gravatar.com\\\/avatar\\\/2195ec5194a145ca5d2c2ad965aa08b0d72d7d4157da345cccfeaa221a984952?s=96&d=mm&r=g\",\"caption\":\"cristina\"},\"sameAs\":[\"http:\\\/\\\/localhost\\\/cernas\"]}]}<\/script>\r\n<!-- \/ Yoast SEO plugin. -->","yoast_head_json":{"title":"Production and characterization of powder from drone brood of honeybees (Apis mellifera) &#8226; CERNAS - IPV","robots":{"index":"noindex","follow":"follow"},"og_locale":"en_GB","og_type":"article","og_title":"Production and characterization of powder from drone brood of honeybees (Apis mellifera) &#8226; CERNAS - IPV","og_description":"Gon\u00e7alves JC, Vouga B, Costa CA, Gon\u00e7alves F, Coelho C, Guin\u00e9 RPF, Correia PMR. (2025) Production and characterization of powder from drone brood of honeybees (Apis mellifera). Applied Food Research, 5(1): 100718 (15 pp.). https:\/\/doi.org\/10.19084\/rca.40281","og_url":"https:\/\/events.ipv.pt\/cernas\/en\/production-and-characterization-of-powder-from-drone-brood-of-honeybees-apis-mellifera\/","og_site_name":"CERNAS - IPV","article_published_time":"2025-04-20T14:20:01+00:00","article_modified_time":"2026-04-20T14:44:33+00:00","author":"cristina","twitter_card":"summary_large_image","twitter_misc":{"Written by":"cristina","Estimated reading time":"1 minute"},"schema":{"@context":"https:\/\/schema.org","@graph":[{"@type":"Article","@id":"https:\/\/events.ipv.pt\/cernas\/production-and-characterization-of-powder-from-drone-brood-of-honeybees-apis-mellifera\/#article","isPartOf":{"@id":"https:\/\/events.ipv.pt\/cernas\/production-and-characterization-of-powder-from-drone-brood-of-honeybees-apis-mellifera\/"},"author":{"name":"cristina","@id":"https:\/\/events.ipv.pt\/cernas\/pt\/#\/schema\/person\/a4f2196b39cc86065f614febd531befb"},"headline":"Production and characterization of powder from drone brood of honeybees (Apis mellifera)","datePublished":"2025-04-20T14:20:01+00:00","dateModified":"2026-04-20T14:44:33+00:00","mainEntityOfPage":{"@id":"https:\/\/events.ipv.pt\/cernas\/production-and-characterization-of-powder-from-drone-brood-of-honeybees-apis-mellifera\/"},"wordCount":48,"publisher":{"@id":"https:\/\/events.ipv.pt\/cernas\/pt\/#organization"},"keywords":["Catarina Coelho","Cristina Amaro da Costa","Fernando Gon\u00e7alves","Jo\u00e3o Gon\u00e7alves","Paula Correia","Raquel Guin\u00e9"],"articleSection":["2025","artigo cient\u00edfico"],"inLanguage":"en-GB"},{"@type":"WebPage","@id":"https:\/\/events.ipv.pt\/cernas\/production-and-characterization-of-powder-from-drone-brood-of-honeybees-apis-mellifera\/","url":"https:\/\/events.ipv.pt\/cernas\/production-and-characterization-of-powder-from-drone-brood-of-honeybees-apis-mellifera\/","name":"Production and characterization of powder from drone brood of honeybees (Apis mellifera) &#8226; CERNAS - IPV","isPartOf":{"@id":"https:\/\/events.ipv.pt\/cernas\/pt\/#website"},"datePublished":"2025-04-20T14:20:01+00:00","dateModified":"2026-04-20T14:44:33+00:00","breadcrumb":{"@id":"https:\/\/events.ipv.pt\/cernas\/production-and-characterization-of-powder-from-drone-brood-of-honeybees-apis-mellifera\/#breadcrumb"},"inLanguage":"en-GB","potentialAction":[{"@type":"ReadAction","target":["https:\/\/events.ipv.pt\/cernas\/production-and-characterization-of-powder-from-drone-brood-of-honeybees-apis-mellifera\/"]}]},{"@type":"BreadcrumbList","@id":"https:\/\/events.ipv.pt\/cernas\/production-and-characterization-of-powder-from-drone-brood-of-honeybees-apis-mellifera\/#breadcrumb","itemListElement":[{"@type":"ListItem","position":1,"name":"Home","item":"https:\/\/events.ipv.pt\/cernas\/"},{"@type":"ListItem","position":2,"name":"Production and characterization of powder from drone brood of honeybees (Apis mellifera)"}]},{"@type":"WebSite","@id":"https:\/\/events.ipv.pt\/cernas\/pt\/#website","url":"https:\/\/events.ipv.pt\/cernas\/pt\/","name":"CERNAS-IPV | Centro de Estudos de Recursos Naturais, Ambiente e Sociedade","description":"","publisher":{"@id":"https:\/\/events.ipv.pt\/cernas\/pt\/#organization"},"potentialAction":[{"@type":"SearchAction","target":{"@type":"EntryPoint","urlTemplate":"https:\/\/events.ipv.pt\/cernas\/pt\/?s={search_term_string}"},"query-input":{"@type":"PropertyValueSpecification","valueRequired":true,"valueName":"search_term_string"}}],"inLanguage":"en-GB"},{"@type":"Organization","@id":"https:\/\/events.ipv.pt\/cernas\/pt\/#organization","name":"Instituto Polit\u00e9cnico de Viseu","url":"https:\/\/events.ipv.pt\/cernas\/pt\/","logo":{"@type":"ImageObject","inLanguage":"en-GB","@id":"https:\/\/events.ipv.pt\/cernas\/pt\/#\/schema\/logo\/image\/","url":"http:\/\/127.0.0.1\/cernas\/wp-content\/uploads\/2021\/03\/logo_pv.png","contentUrl":"http:\/\/127.0.0.1\/cernas\/wp-content\/uploads\/2021\/03\/logo_pv.png","width":4205,"height":1108,"caption":"Instituto Polit\u00e9cnico de Viseu"},"image":{"@id":"https:\/\/events.ipv.pt\/cernas\/pt\/#\/schema\/logo\/image\/"}},{"@type":"Person","@id":"https:\/\/events.ipv.pt\/cernas\/pt\/#\/schema\/person\/a4f2196b39cc86065f614febd531befb","name":"cristina","image":{"@type":"ImageObject","inLanguage":"en-GB","@id":"https:\/\/secure.gravatar.com\/avatar\/2195ec5194a145ca5d2c2ad965aa08b0d72d7d4157da345cccfeaa221a984952?s=96&d=mm&r=g","url":"https:\/\/secure.gravatar.com\/avatar\/2195ec5194a145ca5d2c2ad965aa08b0d72d7d4157da345cccfeaa221a984952?s=96&d=mm&r=g","contentUrl":"https:\/\/secure.gravatar.com\/avatar\/2195ec5194a145ca5d2c2ad965aa08b0d72d7d4157da345cccfeaa221a984952?s=96&d=mm&r=g","caption":"cristina"},"sameAs":["http:\/\/localhost\/cernas"]}]}},"_links":{"self":[{"href":"https:\/\/events.ipv.pt\/cernas\/en\/wp-json\/wp\/v2\/posts\/5053","targetHints":{"allow":["GET"]}}],"collection":[{"href":"https:\/\/events.ipv.pt\/cernas\/en\/wp-json\/wp\/v2\/posts"}],"about":[{"href":"https:\/\/events.ipv.pt\/cernas\/en\/wp-json\/wp\/v2\/types\/post"}],"author":[{"embeddable":true,"href":"https:\/\/events.ipv.pt\/cernas\/en\/wp-json\/wp\/v2\/users\/1"}],"replies":[{"embeddable":true,"href":"https:\/\/events.ipv.pt\/cernas\/en\/wp-json\/wp\/v2\/comments?post=5053"}],"version-history":[{"count":1,"href":"https:\/\/events.ipv.pt\/cernas\/en\/wp-json\/wp\/v2\/posts\/5053\/revisions"}],"predecessor-version":[{"id":5054,"href":"https:\/\/events.ipv.pt\/cernas\/en\/wp-json\/wp\/v2\/posts\/5053\/revisions\/5054"}],"wp:attachment":[{"href":"https:\/\/events.ipv.pt\/cernas\/en\/wp-json\/wp\/v2\/media?parent=5053"}],"wp:term":[{"taxonomy":"category","embeddable":true,"href":"https:\/\/events.ipv.pt\/cernas\/en\/wp-json\/wp\/v2\/categories?post=5053"},{"taxonomy":"post_tag","embeddable":true,"href":"https:\/\/events.ipv.pt\/cernas\/en\/wp-json\/wp\/v2\/tags?post=5053"}],"curies":[{"name":"wp","href":"https:\/\/api.w.org\/{rel}","templated":true}]}}