{"id":4550,"date":"2021-11-20T15:47:58","date_gmt":"2021-11-20T15:47:58","guid":{"rendered":"https:\/\/events.ipv.pt\/cernas\/?p=4550"},"modified":"2025-11-20T15:48:36","modified_gmt":"2025-11-20T15:48:36","slug":"factors-a%ef%ac%80ecting-eating-habits-and-knowledge-of-edible-%ef%ac%82owers-in-di%ef%ac%80erent-countries","status":"publish","type":"post","link":"https:\/\/events.ipv.pt\/cernas\/en\/factors-a%ef%ac%80ecting-eating-habits-and-knowledge-of-edible-%ef%ac%82owers-in-di%ef%ac%80erent-countries\/","title":{"rendered":"Factors a\ufb00ecting eating habits and knowledge of edible \ufb02owers in di\ufb00erent countries"},"content":{"rendered":"<p>Guin\u00e9 RPF, Floren\u00e7a SG, Ferr\u00e3o AC, Bizjak MC, Vombergar B, Simoni N, Vieira V. (2021)<br \/>\nFactors a\ufb00ecting eating habits and knowledge of edible \ufb02owers in di\ufb00erent countries.<br \/>\n<em>Open Agriculture, 6<\/em>(1), 67-81. <\/p>","protected":false},"excerpt":{"rendered":"<p>Guin\u00e9 RPF, Floren\u00e7a SG, Ferr\u00e3o AC, Bizjak MC, Vombergar B, Simoni N, Vieira V. (2021) Factors a\ufb00ecting eating habits and knowledge of edible \ufb02owers in di\ufb00erent countries. Open Agriculture, 6(1), 67-81.<\/p>","protected":false},"author":1,"featured_media":0,"comment_status":"closed","ping_status":"open","sticky":false,"template":"","format":"standard","meta":{"site-sidebar-layout":"default","site-content-layout":"","ast-site-content-layout":"default","site-content-style":"default","site-sidebar-style":"default","ast-global-header-display":"","ast-banner-title-visibility":"","ast-main-header-display":"","ast-hfb-above-header-display":"","ast-hfb-below-header-display":"","ast-hfb-mobile-header-display":"","site-post-title":"","ast-breadcrumbs-content":"","ast-featured-img":"","footer-sml-layout":"","ast-disable-related-posts":"","theme-transparent-header-meta":"default","adv-header-id-meta":"","stick-header-meta":"","header-above-stick-meta":"","header-main-stick-meta":"","header-below-stick-meta":"","astra-migrate-meta-layouts":"set","ast-page-background-enabled":"default","ast-page-background-meta":{"desktop":{"background-color":"","background-image":"","background-repeat":"repeat","background-position":"center center","background-size":"auto","background-attachment":"scroll","background-type":"","background-media":"","overlay-type":"","overlay-color":"","overlay-opacity":"","overlay-gradient":""},"tablet":{"background-color":"","background-image":"","background-repeat":"repeat","background-position":"center center","background-size":"auto","background-attachment":"scroll","background-type":"","background-media":"","overlay-type":"","overlay-color":"","overlay-opacity":"","overlay-gradient":""},"mobile":{"background-color":"","background-image":"","background-repeat":"repeat","background-position":"center center","background-size":"auto","background-attachment":"scroll","background-type":"","background-media":"","overlay-type":"","overlay-color":"","overlay-opacity":"","overlay-gradient":""}},"ast-content-background-meta":{"desktop":{"background-color":"var(--ast-global-color-5)","background-image":"","background-repeat":"repeat","background-position":"center center","background-size":"auto","background-attachment":"scroll","background-type":"","background-media":"","overlay-type":"","overlay-color":"","overlay-opacity":"","overlay-gradient":""},"tablet":{"background-color":"var(--ast-global-color-5)","background-image":"","background-repeat":"repeat","background-position":"center center","background-size":"auto","background-attachment":"scroll","background-type":"","background-media":"","overlay-type":"","overlay-color":"","overlay-opacity":"","overlay-gradient":""},"mobile":{"background-color":"var(--ast-global-color-5)","background-image":"","background-repeat":"repeat","background-position":"center center","background-size":"auto","background-attachment":"scroll","background-type":"","background-media":"","overlay-type":"","overlay-color":"","overlay-opacity":"","overlay-gradient":""}},"footnotes":""},"categories":[62,69],"tags":[39,34,48],"class_list":["post-4550","post","type-post","status-publish","format-standard","hentry","category-62","category-artigo-cientifico","tag-ana-cristina-ferrao","tag-raquel-guine","tag-sofia-florenca"],"yoast_head":"<!-- This site is optimized with the Yoast SEO plugin v27.5 - https:\/\/yoast.com\/product\/yoast-seo-wordpress\/ -->\r\n<title>Factors a\ufb00ecting eating habits and knowledge of edible \ufb02owers in di\ufb00erent countries &#8226; CERNAS - IPV<\/title>\r\n<meta name=\"robots\" content=\"noindex, follow\" \/>\r\n<meta property=\"og:locale\" content=\"en_GB\" \/>\r\n<meta property=\"og:type\" content=\"article\" \/>\r\n<meta property=\"og:title\" content=\"Factors a\ufb00ecting eating habits and knowledge of edible \ufb02owers in di\ufb00erent countries &#8226; CERNAS - IPV\" \/>\r\n<meta property=\"og:description\" content=\"Guin\u00e9 RPF, Floren\u00e7a SG, Ferr\u00e3o AC, Bizjak MC, Vombergar B, Simoni N, Vieira V. (2021) Factors a\ufb00ecting eating habits and knowledge of edible \ufb02owers in di\ufb00erent countries. Open Agriculture, 6(1), 67-81.\" \/>\r\n<meta property=\"og:url\" content=\"https:\/\/events.ipv.pt\/cernas\/en\/factors-a\ufb00ecting-eating-habits-and-knowledge-of-edible-\ufb02owers-in-di\ufb00erent-countries\/\" \/>\r\n<meta property=\"og:site_name\" content=\"CERNAS - IPV\" \/>\r\n<meta property=\"article:published_time\" content=\"2021-11-20T15:47:58+00:00\" \/>\r\n<meta property=\"article:modified_time\" content=\"2025-11-20T15:48:36+00:00\" \/>\r\n<meta name=\"author\" content=\"cristina\" \/>\r\n<meta name=\"twitter:card\" content=\"summary_large_image\" \/>\r\n<meta name=\"twitter:label1\" content=\"Written by\" \/>\n\t<meta name=\"twitter:data1\" content=\"cristina\" \/>\r\n<script type=\"application\/ld+json\" class=\"yoast-schema-graph\">{\"@context\":\"https:\\\/\\\/schema.org\",\"@graph\":[{\"@type\":\"Article\",\"@id\":\"https:\\\/\\\/events.ipv.pt\\\/cernas\\\/factors-a%ef%ac%80ecting-eating-habits-and-knowledge-of-edible-%ef%ac%82owers-in-di%ef%ac%80erent-countries\\\/#article\",\"isPartOf\":{\"@id\":\"https:\\\/\\\/events.ipv.pt\\\/cernas\\\/factors-a%ef%ac%80ecting-eating-habits-and-knowledge-of-edible-%ef%ac%82owers-in-di%ef%ac%80erent-countries\\\/\"},\"author\":{\"name\":\"cristina\",\"@id\":\"https:\\\/\\\/events.ipv.pt\\\/cernas\\\/pt\\\/#\\\/schema\\\/person\\\/a4f2196b39cc86065f614febd531befb\"},\"headline\":\"Factors a\ufb00ecting eating habits and knowledge of edible \ufb02owers in di\ufb00erent countries\",\"datePublished\":\"2021-11-20T15:47:58+00:00\",\"dateModified\":\"2025-11-20T15:48:36+00:00\",\"mainEntityOfPage\":{\"@id\":\"https:\\\/\\\/events.ipv.pt\\\/cernas\\\/factors-a%ef%ac%80ecting-eating-habits-and-knowledge-of-edible-%ef%ac%82owers-in-di%ef%ac%80erent-countries\\\/\"},\"wordCount\":47,\"publisher\":{\"@id\":\"https:\\\/\\\/events.ipv.pt\\\/cernas\\\/pt\\\/#organization\"},\"keywords\":[\"Ana Cristina Ferr\u00e3o\",\"Raquel Guin\u00e9\",\"Sofia Floren\u00e7a\"],\"articleSection\":[\"2021\",\"artigo cient\u00edfico\"],\"inLanguage\":\"en-GB\"},{\"@type\":\"WebPage\",\"@id\":\"https:\\\/\\\/events.ipv.pt\\\/cernas\\\/factors-a%ef%ac%80ecting-eating-habits-and-knowledge-of-edible-%ef%ac%82owers-in-di%ef%ac%80erent-countries\\\/\",\"url\":\"https:\\\/\\\/events.ipv.pt\\\/cernas\\\/factors-a%ef%ac%80ecting-eating-habits-and-knowledge-of-edible-%ef%ac%82owers-in-di%ef%ac%80erent-countries\\\/\",\"name\":\"Factors a\ufb00ecting eating habits and knowledge of edible \ufb02owers in di\ufb00erent countries &#8226; CERNAS - IPV\",\"isPartOf\":{\"@id\":\"https:\\\/\\\/events.ipv.pt\\\/cernas\\\/pt\\\/#website\"},\"datePublished\":\"2021-11-20T15:47:58+00:00\",\"dateModified\":\"2025-11-20T15:48:36+00:00\",\"breadcrumb\":{\"@id\":\"https:\\\/\\\/events.ipv.pt\\\/cernas\\\/factors-a%ef%ac%80ecting-eating-habits-and-knowledge-of-edible-%ef%ac%82owers-in-di%ef%ac%80erent-countries\\\/#breadcrumb\"},\"inLanguage\":\"en-GB\",\"potentialAction\":[{\"@type\":\"ReadAction\",\"target\":[\"https:\\\/\\\/events.ipv.pt\\\/cernas\\\/factors-a%ef%ac%80ecting-eating-habits-and-knowledge-of-edible-%ef%ac%82owers-in-di%ef%ac%80erent-countries\\\/\"]}]},{\"@type\":\"BreadcrumbList\",\"@id\":\"https:\\\/\\\/events.ipv.pt\\\/cernas\\\/factors-a%ef%ac%80ecting-eating-habits-and-knowledge-of-edible-%ef%ac%82owers-in-di%ef%ac%80erent-countries\\\/#breadcrumb\",\"itemListElement\":[{\"@type\":\"ListItem\",\"position\":1,\"name\":\"Home\",\"item\":\"https:\\\/\\\/events.ipv.pt\\\/cernas\\\/\"},{\"@type\":\"ListItem\",\"position\":2,\"name\":\"Factors a\ufb00ecting eating habits and knowledge of edible \ufb02owers in di\ufb00erent countries\"}]},{\"@type\":\"WebSite\",\"@id\":\"https:\\\/\\\/events.ipv.pt\\\/cernas\\\/pt\\\/#website\",\"url\":\"https:\\\/\\\/events.ipv.pt\\\/cernas\\\/pt\\\/\",\"name\":\"CERNAS-IPV | Centro de Estudos de Recursos Naturais, Ambiente e Sociedade\",\"description\":\"\",\"publisher\":{\"@id\":\"https:\\\/\\\/events.ipv.pt\\\/cernas\\\/pt\\\/#organization\"},\"potentialAction\":[{\"@type\":\"SearchAction\",\"target\":{\"@type\":\"EntryPoint\",\"urlTemplate\":\"https:\\\/\\\/events.ipv.pt\\\/cernas\\\/pt\\\/?s={search_term_string}\"},\"query-input\":{\"@type\":\"PropertyValueSpecification\",\"valueRequired\":true,\"valueName\":\"search_term_string\"}}],\"inLanguage\":\"en-GB\"},{\"@type\":\"Organization\",\"@id\":\"https:\\\/\\\/events.ipv.pt\\\/cernas\\\/pt\\\/#organization\",\"name\":\"Instituto Polit\u00e9cnico de Viseu\",\"url\":\"https:\\\/\\\/events.ipv.pt\\\/cernas\\\/pt\\\/\",\"logo\":{\"@type\":\"ImageObject\",\"inLanguage\":\"en-GB\",\"@id\":\"https:\\\/\\\/events.ipv.pt\\\/cernas\\\/pt\\\/#\\\/schema\\\/logo\\\/image\\\/\",\"url\":\"http:\\\/\\\/127.0.0.1\\\/cernas\\\/wp-content\\\/uploads\\\/2021\\\/03\\\/logo_pv.png\",\"contentUrl\":\"http:\\\/\\\/127.0.0.1\\\/cernas\\\/wp-content\\\/uploads\\\/2021\\\/03\\\/logo_pv.png\",\"width\":4205,\"height\":1108,\"caption\":\"Instituto Polit\u00e9cnico de Viseu\"},\"image\":{\"@id\":\"https:\\\/\\\/events.ipv.pt\\\/cernas\\\/pt\\\/#\\\/schema\\\/logo\\\/image\\\/\"}},{\"@type\":\"Person\",\"@id\":\"https:\\\/\\\/events.ipv.pt\\\/cernas\\\/pt\\\/#\\\/schema\\\/person\\\/a4f2196b39cc86065f614febd531befb\",\"name\":\"cristina\",\"image\":{\"@type\":\"ImageObject\",\"inLanguage\":\"en-GB\",\"@id\":\"https:\\\/\\\/secure.gravatar.com\\\/avatar\\\/2195ec5194a145ca5d2c2ad965aa08b0d72d7d4157da345cccfeaa221a984952?s=96&d=mm&r=g\",\"url\":\"https:\\\/\\\/secure.gravatar.com\\\/avatar\\\/2195ec5194a145ca5d2c2ad965aa08b0d72d7d4157da345cccfeaa221a984952?s=96&d=mm&r=g\",\"contentUrl\":\"https:\\\/\\\/secure.gravatar.com\\\/avatar\\\/2195ec5194a145ca5d2c2ad965aa08b0d72d7d4157da345cccfeaa221a984952?s=96&d=mm&r=g\",\"caption\":\"cristina\"},\"sameAs\":[\"http:\\\/\\\/localhost\\\/cernas\"]}]}<\/script>\r\n<!-- \/ Yoast SEO plugin. -->","yoast_head_json":{"title":"Factors a\ufb00ecting eating habits and knowledge of edible \ufb02owers in di\ufb00erent countries &#8226; CERNAS - IPV","robots":{"index":"noindex","follow":"follow"},"og_locale":"en_GB","og_type":"article","og_title":"Factors a\ufb00ecting eating habits and knowledge of edible \ufb02owers in di\ufb00erent countries &#8226; CERNAS - IPV","og_description":"Guin\u00e9 RPF, Floren\u00e7a SG, Ferr\u00e3o AC, Bizjak MC, Vombergar B, Simoni N, Vieira V. (2021) Factors a\ufb00ecting eating habits and knowledge of edible \ufb02owers in di\ufb00erent countries. Open Agriculture, 6(1), 67-81.","og_url":"https:\/\/events.ipv.pt\/cernas\/en\/factors-a\ufb00ecting-eating-habits-and-knowledge-of-edible-\ufb02owers-in-di\ufb00erent-countries\/","og_site_name":"CERNAS - IPV","article_published_time":"2021-11-20T15:47:58+00:00","article_modified_time":"2025-11-20T15:48:36+00:00","author":"cristina","twitter_card":"summary_large_image","twitter_misc":{"Written by":"cristina"},"schema":{"@context":"https:\/\/schema.org","@graph":[{"@type":"Article","@id":"https:\/\/events.ipv.pt\/cernas\/factors-a%ef%ac%80ecting-eating-habits-and-knowledge-of-edible-%ef%ac%82owers-in-di%ef%ac%80erent-countries\/#article","isPartOf":{"@id":"https:\/\/events.ipv.pt\/cernas\/factors-a%ef%ac%80ecting-eating-habits-and-knowledge-of-edible-%ef%ac%82owers-in-di%ef%ac%80erent-countries\/"},"author":{"name":"cristina","@id":"https:\/\/events.ipv.pt\/cernas\/pt\/#\/schema\/person\/a4f2196b39cc86065f614febd531befb"},"headline":"Factors a\ufb00ecting eating habits and knowledge of edible \ufb02owers in di\ufb00erent countries","datePublished":"2021-11-20T15:47:58+00:00","dateModified":"2025-11-20T15:48:36+00:00","mainEntityOfPage":{"@id":"https:\/\/events.ipv.pt\/cernas\/factors-a%ef%ac%80ecting-eating-habits-and-knowledge-of-edible-%ef%ac%82owers-in-di%ef%ac%80erent-countries\/"},"wordCount":47,"publisher":{"@id":"https:\/\/events.ipv.pt\/cernas\/pt\/#organization"},"keywords":["Ana Cristina Ferr\u00e3o","Raquel Guin\u00e9","Sofia Floren\u00e7a"],"articleSection":["2021","artigo cient\u00edfico"],"inLanguage":"en-GB"},{"@type":"WebPage","@id":"https:\/\/events.ipv.pt\/cernas\/factors-a%ef%ac%80ecting-eating-habits-and-knowledge-of-edible-%ef%ac%82owers-in-di%ef%ac%80erent-countries\/","url":"https:\/\/events.ipv.pt\/cernas\/factors-a%ef%ac%80ecting-eating-habits-and-knowledge-of-edible-%ef%ac%82owers-in-di%ef%ac%80erent-countries\/","name":"Factors a\ufb00ecting eating habits and knowledge of edible \ufb02owers in di\ufb00erent countries &#8226; CERNAS - IPV","isPartOf":{"@id":"https:\/\/events.ipv.pt\/cernas\/pt\/#website"},"datePublished":"2021-11-20T15:47:58+00:00","dateModified":"2025-11-20T15:48:36+00:00","breadcrumb":{"@id":"https:\/\/events.ipv.pt\/cernas\/factors-a%ef%ac%80ecting-eating-habits-and-knowledge-of-edible-%ef%ac%82owers-in-di%ef%ac%80erent-countries\/#breadcrumb"},"inLanguage":"en-GB","potentialAction":[{"@type":"ReadAction","target":["https:\/\/events.ipv.pt\/cernas\/factors-a%ef%ac%80ecting-eating-habits-and-knowledge-of-edible-%ef%ac%82owers-in-di%ef%ac%80erent-countries\/"]}]},{"@type":"BreadcrumbList","@id":"https:\/\/events.ipv.pt\/cernas\/factors-a%ef%ac%80ecting-eating-habits-and-knowledge-of-edible-%ef%ac%82owers-in-di%ef%ac%80erent-countries\/#breadcrumb","itemListElement":[{"@type":"ListItem","position":1,"name":"Home","item":"https:\/\/events.ipv.pt\/cernas\/"},{"@type":"ListItem","position":2,"name":"Factors a\ufb00ecting eating habits and knowledge of edible \ufb02owers in di\ufb00erent countries"}]},{"@type":"WebSite","@id":"https:\/\/events.ipv.pt\/cernas\/pt\/#website","url":"https:\/\/events.ipv.pt\/cernas\/pt\/","name":"CERNAS-IPV | Centro de Estudos de Recursos Naturais, Ambiente e Sociedade","description":"","publisher":{"@id":"https:\/\/events.ipv.pt\/cernas\/pt\/#organization"},"potentialAction":[{"@type":"SearchAction","target":{"@type":"EntryPoint","urlTemplate":"https:\/\/events.ipv.pt\/cernas\/pt\/?s={search_term_string}"},"query-input":{"@type":"PropertyValueSpecification","valueRequired":true,"valueName":"search_term_string"}}],"inLanguage":"en-GB"},{"@type":"Organization","@id":"https:\/\/events.ipv.pt\/cernas\/pt\/#organization","name":"Instituto Polit\u00e9cnico de Viseu","url":"https:\/\/events.ipv.pt\/cernas\/pt\/","logo":{"@type":"ImageObject","inLanguage":"en-GB","@id":"https:\/\/events.ipv.pt\/cernas\/pt\/#\/schema\/logo\/image\/","url":"http:\/\/127.0.0.1\/cernas\/wp-content\/uploads\/2021\/03\/logo_pv.png","contentUrl":"http:\/\/127.0.0.1\/cernas\/wp-content\/uploads\/2021\/03\/logo_pv.png","width":4205,"height":1108,"caption":"Instituto Polit\u00e9cnico de Viseu"},"image":{"@id":"https:\/\/events.ipv.pt\/cernas\/pt\/#\/schema\/logo\/image\/"}},{"@type":"Person","@id":"https:\/\/events.ipv.pt\/cernas\/pt\/#\/schema\/person\/a4f2196b39cc86065f614febd531befb","name":"cristina","image":{"@type":"ImageObject","inLanguage":"en-GB","@id":"https:\/\/secure.gravatar.com\/avatar\/2195ec5194a145ca5d2c2ad965aa08b0d72d7d4157da345cccfeaa221a984952?s=96&d=mm&r=g","url":"https:\/\/secure.gravatar.com\/avatar\/2195ec5194a145ca5d2c2ad965aa08b0d72d7d4157da345cccfeaa221a984952?s=96&d=mm&r=g","contentUrl":"https:\/\/secure.gravatar.com\/avatar\/2195ec5194a145ca5d2c2ad965aa08b0d72d7d4157da345cccfeaa221a984952?s=96&d=mm&r=g","caption":"cristina"},"sameAs":["http:\/\/localhost\/cernas"]}]}},"_links":{"self":[{"href":"https:\/\/events.ipv.pt\/cernas\/en\/wp-json\/wp\/v2\/posts\/4550","targetHints":{"allow":["GET"]}}],"collection":[{"href":"https:\/\/events.ipv.pt\/cernas\/en\/wp-json\/wp\/v2\/posts"}],"about":[{"href":"https:\/\/events.ipv.pt\/cernas\/en\/wp-json\/wp\/v2\/types\/post"}],"author":[{"embeddable":true,"href":"https:\/\/events.ipv.pt\/cernas\/en\/wp-json\/wp\/v2\/users\/1"}],"replies":[{"embeddable":true,"href":"https:\/\/events.ipv.pt\/cernas\/en\/wp-json\/wp\/v2\/comments?post=4550"}],"version-history":[{"count":1,"href":"https:\/\/events.ipv.pt\/cernas\/en\/wp-json\/wp\/v2\/posts\/4550\/revisions"}],"predecessor-version":[{"id":4551,"href":"https:\/\/events.ipv.pt\/cernas\/en\/wp-json\/wp\/v2\/posts\/4550\/revisions\/4551"}],"wp:attachment":[{"href":"https:\/\/events.ipv.pt\/cernas\/en\/wp-json\/wp\/v2\/media?parent=4550"}],"wp:term":[{"taxonomy":"category","embeddable":true,"href":"https:\/\/events.ipv.pt\/cernas\/en\/wp-json\/wp\/v2\/categories?post=4550"},{"taxonomy":"post_tag","embeddable":true,"href":"https:\/\/events.ipv.pt\/cernas\/en\/wp-json\/wp\/v2\/tags?post=4550"}],"curies":[{"name":"wp","href":"https:\/\/api.w.org\/{rel}","templated":true}]}}