{"id":4253,"date":"2023-11-20T11:07:57","date_gmt":"2023-11-20T11:07:57","guid":{"rendered":"https:\/\/events.ipv.pt\/cernas\/?p=4253"},"modified":"2025-11-20T11:08:43","modified_gmt":"2025-11-20T11:08:43","slug":"validation-of-the-scale-knowledge-and-perceptions-about-edible-insects-through-structural-equation-modelling","status":"publish","type":"post","link":"https:\/\/events.ipv.pt\/cernas\/en\/validation-of-the-scale-knowledge-and-perceptions-about-edible-insects-through-structural-equation-modelling\/","title":{"rendered":"Validation of the Scale Knowledge and Perceptions about Edible Insects through Structural Equation Modelling"},"content":{"rendered":"<p>Guin\u00e9 RPF, Duarte J, Chuck-Hern\u00e1ndez C, Boustani NM, Djekic I, Bartkiene E, Sari\u0107 MM, Papageorgiou M, Korzeniowska M, Combarros-Fuertes P, \u010cerneli\u010d-Bizjak M, Martin-Hadmas R, Straumite E, Damarli E, Floren\u00e7a SG, Ferreira M, Costa CA, Correia PMR, Cardoso AP, Campos S, Anjos O. (2023)<br \/>\n<a class=\"aV\" href=\"https:\/\/www.mdpi.com\/2071-1050\/15\/4\/2992\" rel=\"noopener\" target=\"_blank\">Validation of the Scale Knowledge and Perceptions about Edible Insects through Structural Equation Modelling.<\/a><br \/>\nSustainability, 15(4), 2992: 1-25.<\/p>","protected":false},"excerpt":{"rendered":"<p>Guin\u00e9 RPF, Duarte J, Chuck-Hern\u00e1ndez C, Boustani NM, Djekic I, Bartkiene E, Sari\u0107 MM, Papageorgiou M, Korzeniowska M, Combarros-Fuertes P, \u010cerneli\u010d-Bizjak M, Martin-Hadmas R, Straumite E, Damarli E, Floren\u00e7a SG, Ferreira M, Costa CA, Correia PMR, Cardoso AP, Campos S, Anjos O. (2023) Validation of the Scale Knowledge and Perceptions about Edible Insects through Structural [&hellip;]<\/p>\n","protected":false},"author":1,"featured_media":0,"comment_status":"closed","ping_status":"open","sticky":false,"template":"","format":"standard","meta":{"site-sidebar-layout":"default","site-content-layout":"","ast-site-content-layout":"default","site-content-style":"default","site-sidebar-style":"default","ast-global-header-display":"","ast-banner-title-visibility":"","ast-main-header-display":"","ast-hfb-above-header-display":"","ast-hfb-below-header-display":"","ast-hfb-mobile-header-display":"","site-post-title":"","ast-breadcrumbs-content":"","ast-featured-img":"","footer-sml-layout":"","ast-disable-related-posts":"","theme-transparent-header-meta":"default","adv-header-id-meta":"","stick-header-meta":"","header-above-stick-meta":"","header-main-stick-meta":"","header-below-stick-meta":"","astra-migrate-meta-layouts":"set","ast-page-background-enabled":"default","ast-page-background-meta":{"desktop":{"background-color":"","background-image":"","background-repeat":"repeat","background-position":"center center","background-size":"auto","background-attachment":"scroll","background-type":"","background-media":"","overlay-type":"","overlay-color":"","overlay-opacity":"","overlay-gradient":""},"tablet":{"background-color":"","background-image":"","background-repeat":"repeat","background-position":"center center","background-size":"auto","background-attachment":"scroll","background-type":"","background-media":"","overlay-type":"","overlay-color":"","overlay-opacity":"","overlay-gradient":""},"mobile":{"background-color":"","background-image":"","background-repeat":"repeat","background-position":"center center","background-size":"auto","background-attachment":"scroll","background-type":"","background-media":"","overlay-type":"","overlay-color":"","overlay-opacity":"","overlay-gradient":""}},"ast-content-background-meta":{"desktop":{"background-color":"var(--ast-global-color-5)","background-image":"","background-repeat":"repeat","background-position":"center center","background-size":"auto","background-attachment":"scroll","background-type":"","background-media":"","overlay-type":"","overlay-color":"","overlay-opacity":"","overlay-gradient":""},"tablet":{"background-color":"var(--ast-global-color-5)","background-image":"","background-repeat":"repeat","background-position":"center center","background-size":"auto","background-attachment":"scroll","background-type":"","background-media":"","overlay-type":"","overlay-color":"","overlay-opacity":"","overlay-gradient":""},"mobile":{"background-color":"var(--ast-global-color-5)","background-image":"","background-repeat":"repeat","background-position":"center center","background-size":"auto","background-attachment":"scroll","background-type":"","background-media":"","overlay-type":"","overlay-color":"","overlay-opacity":"","overlay-gradient":""}},"footnotes":""},"categories":[51,69],"tags":[31,32,34,48],"class_list":["post-4253","post","type-post","status-publish","format-standard","hentry","category-51","category-artigo-cientifico","tag-cristina-amaro-da-costa","tag-paula-correia","tag-raquel-guine","tag-sofia-florenca"],"yoast_head":"<!-- This site is optimized with the Yoast SEO plugin v27.5 - https:\/\/yoast.com\/product\/yoast-seo-wordpress\/ -->\r\n<title>Validation of the Scale Knowledge and Perceptions about Edible Insects through Structural Equation Modelling &#8226; CERNAS - IPV<\/title>\r\n<meta name=\"robots\" content=\"noindex, follow\" \/>\r\n<meta property=\"og:locale\" content=\"en_GB\" \/>\r\n<meta property=\"og:type\" content=\"article\" \/>\r\n<meta property=\"og:title\" content=\"Validation of the Scale Knowledge and Perceptions about Edible Insects through Structural Equation Modelling &#8226; CERNAS - IPV\" \/>\r\n<meta property=\"og:description\" content=\"Guin\u00e9 RPF, Duarte J, Chuck-Hern\u00e1ndez C, Boustani NM, Djekic I, Bartkiene E, Sari\u0107 MM, Papageorgiou M, Korzeniowska M, Combarros-Fuertes P, \u010cerneli\u010d-Bizjak M, Martin-Hadmas R, Straumite E, Damarli E, Floren\u00e7a SG, Ferreira M, Costa CA, Correia PMR, Cardoso AP, Campos S, Anjos O. (2023) Validation of the Scale Knowledge and Perceptions about Edible Insects through Structural [&hellip;]\" \/>\r\n<meta property=\"og:url\" content=\"https:\/\/events.ipv.pt\/cernas\/en\/validation-of-the-scale-knowledge-and-perceptions-about-edible-insects-through-structural-equation-modelling\/\" \/>\r\n<meta property=\"og:site_name\" content=\"CERNAS - IPV\" \/>\r\n<meta property=\"article:published_time\" content=\"2023-11-20T11:07:57+00:00\" \/>\r\n<meta property=\"article:modified_time\" content=\"2025-11-20T11:08:43+00:00\" \/>\r\n<meta name=\"author\" content=\"cristina\" \/>\r\n<meta name=\"twitter:card\" content=\"summary_large_image\" \/>\r\n<meta name=\"twitter:label1\" content=\"Written by\" \/>\n\t<meta name=\"twitter:data1\" content=\"cristina\" \/>\r\n<script type=\"application\/ld+json\" class=\"yoast-schema-graph\">{\"@context\":\"https:\\\/\\\/schema.org\",\"@graph\":[{\"@type\":\"Article\",\"@id\":\"https:\\\/\\\/events.ipv.pt\\\/cernas\\\/validation-of-the-scale-knowledge-and-perceptions-about-edible-insects-through-structural-equation-modelling\\\/#article\",\"isPartOf\":{\"@id\":\"https:\\\/\\\/events.ipv.pt\\\/cernas\\\/validation-of-the-scale-knowledge-and-perceptions-about-edible-insects-through-structural-equation-modelling\\\/\"},\"author\":{\"name\":\"cristina\",\"@id\":\"https:\\\/\\\/events.ipv.pt\\\/cernas\\\/pt\\\/#\\\/schema\\\/person\\\/a4f2196b39cc86065f614febd531befb\"},\"headline\":\"Validation of the Scale Knowledge and Perceptions about Edible Insects through Structural Equation Modelling\",\"datePublished\":\"2023-11-20T11:07:57+00:00\",\"dateModified\":\"2025-11-20T11:08:43+00:00\",\"mainEntityOfPage\":{\"@id\":\"https:\\\/\\\/events.ipv.pt\\\/cernas\\\/validation-of-the-scale-knowledge-and-perceptions-about-edible-insects-through-structural-equation-modelling\\\/\"},\"wordCount\":75,\"publisher\":{\"@id\":\"https:\\\/\\\/events.ipv.pt\\\/cernas\\\/pt\\\/#organization\"},\"keywords\":[\"Cristina Amaro da Costa\",\"Paula Correia\",\"Raquel Guin\u00e9\",\"Sofia Floren\u00e7a\"],\"articleSection\":[\"2023\",\"artigo cient\u00edfico\"],\"inLanguage\":\"en-GB\"},{\"@type\":\"WebPage\",\"@id\":\"https:\\\/\\\/events.ipv.pt\\\/cernas\\\/validation-of-the-scale-knowledge-and-perceptions-about-edible-insects-through-structural-equation-modelling\\\/\",\"url\":\"https:\\\/\\\/events.ipv.pt\\\/cernas\\\/validation-of-the-scale-knowledge-and-perceptions-about-edible-insects-through-structural-equation-modelling\\\/\",\"name\":\"Validation of the Scale Knowledge and Perceptions about Edible Insects through Structural Equation Modelling &#8226; CERNAS - IPV\",\"isPartOf\":{\"@id\":\"https:\\\/\\\/events.ipv.pt\\\/cernas\\\/pt\\\/#website\"},\"datePublished\":\"2023-11-20T11:07:57+00:00\",\"dateModified\":\"2025-11-20T11:08:43+00:00\",\"breadcrumb\":{\"@id\":\"https:\\\/\\\/events.ipv.pt\\\/cernas\\\/validation-of-the-scale-knowledge-and-perceptions-about-edible-insects-through-structural-equation-modelling\\\/#breadcrumb\"},\"inLanguage\":\"en-GB\",\"potentialAction\":[{\"@type\":\"ReadAction\",\"target\":[\"https:\\\/\\\/events.ipv.pt\\\/cernas\\\/validation-of-the-scale-knowledge-and-perceptions-about-edible-insects-through-structural-equation-modelling\\\/\"]}]},{\"@type\":\"BreadcrumbList\",\"@id\":\"https:\\\/\\\/events.ipv.pt\\\/cernas\\\/validation-of-the-scale-knowledge-and-perceptions-about-edible-insects-through-structural-equation-modelling\\\/#breadcrumb\",\"itemListElement\":[{\"@type\":\"ListItem\",\"position\":1,\"name\":\"Home\",\"item\":\"https:\\\/\\\/events.ipv.pt\\\/cernas\\\/\"},{\"@type\":\"ListItem\",\"position\":2,\"name\":\"Validation of the Scale Knowledge and Perceptions about Edible Insects through Structural Equation Modelling\"}]},{\"@type\":\"WebSite\",\"@id\":\"https:\\\/\\\/events.ipv.pt\\\/cernas\\\/pt\\\/#website\",\"url\":\"https:\\\/\\\/events.ipv.pt\\\/cernas\\\/pt\\\/\",\"name\":\"CERNAS-IPV | Centro de Estudos de Recursos Naturais, Ambiente e Sociedade\",\"description\":\"\",\"publisher\":{\"@id\":\"https:\\\/\\\/events.ipv.pt\\\/cernas\\\/pt\\\/#organization\"},\"potentialAction\":[{\"@type\":\"SearchAction\",\"target\":{\"@type\":\"EntryPoint\",\"urlTemplate\":\"https:\\\/\\\/events.ipv.pt\\\/cernas\\\/pt\\\/?s={search_term_string}\"},\"query-input\":{\"@type\":\"PropertyValueSpecification\",\"valueRequired\":true,\"valueName\":\"search_term_string\"}}],\"inLanguage\":\"en-GB\"},{\"@type\":\"Organization\",\"@id\":\"https:\\\/\\\/events.ipv.pt\\\/cernas\\\/pt\\\/#organization\",\"name\":\"Instituto Polit\u00e9cnico de Viseu\",\"url\":\"https:\\\/\\\/events.ipv.pt\\\/cernas\\\/pt\\\/\",\"logo\":{\"@type\":\"ImageObject\",\"inLanguage\":\"en-GB\",\"@id\":\"https:\\\/\\\/events.ipv.pt\\\/cernas\\\/pt\\\/#\\\/schema\\\/logo\\\/image\\\/\",\"url\":\"http:\\\/\\\/127.0.0.1\\\/cernas\\\/wp-content\\\/uploads\\\/2021\\\/03\\\/logo_pv.png\",\"contentUrl\":\"http:\\\/\\\/127.0.0.1\\\/cernas\\\/wp-content\\\/uploads\\\/2021\\\/03\\\/logo_pv.png\",\"width\":4205,\"height\":1108,\"caption\":\"Instituto Polit\u00e9cnico de Viseu\"},\"image\":{\"@id\":\"https:\\\/\\\/events.ipv.pt\\\/cernas\\\/pt\\\/#\\\/schema\\\/logo\\\/image\\\/\"}},{\"@type\":\"Person\",\"@id\":\"https:\\\/\\\/events.ipv.pt\\\/cernas\\\/pt\\\/#\\\/schema\\\/person\\\/a4f2196b39cc86065f614febd531befb\",\"name\":\"cristina\",\"image\":{\"@type\":\"ImageObject\",\"inLanguage\":\"en-GB\",\"@id\":\"https:\\\/\\\/secure.gravatar.com\\\/avatar\\\/2195ec5194a145ca5d2c2ad965aa08b0d72d7d4157da345cccfeaa221a984952?s=96&d=mm&r=g\",\"url\":\"https:\\\/\\\/secure.gravatar.com\\\/avatar\\\/2195ec5194a145ca5d2c2ad965aa08b0d72d7d4157da345cccfeaa221a984952?s=96&d=mm&r=g\",\"contentUrl\":\"https:\\\/\\\/secure.gravatar.com\\\/avatar\\\/2195ec5194a145ca5d2c2ad965aa08b0d72d7d4157da345cccfeaa221a984952?s=96&d=mm&r=g\",\"caption\":\"cristina\"},\"sameAs\":[\"http:\\\/\\\/localhost\\\/cernas\"]}]}<\/script>\r\n<!-- \/ Yoast SEO plugin. -->","yoast_head_json":{"title":"Validation of the Scale Knowledge and Perceptions about Edible Insects through Structural Equation Modelling &#8226; CERNAS - IPV","robots":{"index":"noindex","follow":"follow"},"og_locale":"en_GB","og_type":"article","og_title":"Validation of the Scale Knowledge and Perceptions about Edible Insects through Structural Equation Modelling &#8226; CERNAS - IPV","og_description":"Guin\u00e9 RPF, Duarte J, Chuck-Hern\u00e1ndez C, Boustani NM, Djekic I, Bartkiene E, Sari\u0107 MM, Papageorgiou M, Korzeniowska M, Combarros-Fuertes P, \u010cerneli\u010d-Bizjak M, Martin-Hadmas R, Straumite E, Damarli E, Floren\u00e7a SG, Ferreira M, Costa CA, Correia PMR, Cardoso AP, Campos S, Anjos O. (2023) Validation of the Scale Knowledge and Perceptions about Edible Insects through Structural [&hellip;]","og_url":"https:\/\/events.ipv.pt\/cernas\/en\/validation-of-the-scale-knowledge-and-perceptions-about-edible-insects-through-structural-equation-modelling\/","og_site_name":"CERNAS - IPV","article_published_time":"2023-11-20T11:07:57+00:00","article_modified_time":"2025-11-20T11:08:43+00:00","author":"cristina","twitter_card":"summary_large_image","twitter_misc":{"Written by":"cristina"},"schema":{"@context":"https:\/\/schema.org","@graph":[{"@type":"Article","@id":"https:\/\/events.ipv.pt\/cernas\/validation-of-the-scale-knowledge-and-perceptions-about-edible-insects-through-structural-equation-modelling\/#article","isPartOf":{"@id":"https:\/\/events.ipv.pt\/cernas\/validation-of-the-scale-knowledge-and-perceptions-about-edible-insects-through-structural-equation-modelling\/"},"author":{"name":"cristina","@id":"https:\/\/events.ipv.pt\/cernas\/pt\/#\/schema\/person\/a4f2196b39cc86065f614febd531befb"},"headline":"Validation of the Scale Knowledge and Perceptions about Edible Insects through Structural Equation Modelling","datePublished":"2023-11-20T11:07:57+00:00","dateModified":"2025-11-20T11:08:43+00:00","mainEntityOfPage":{"@id":"https:\/\/events.ipv.pt\/cernas\/validation-of-the-scale-knowledge-and-perceptions-about-edible-insects-through-structural-equation-modelling\/"},"wordCount":75,"publisher":{"@id":"https:\/\/events.ipv.pt\/cernas\/pt\/#organization"},"keywords":["Cristina Amaro da Costa","Paula Correia","Raquel Guin\u00e9","Sofia Floren\u00e7a"],"articleSection":["2023","artigo cient\u00edfico"],"inLanguage":"en-GB"},{"@type":"WebPage","@id":"https:\/\/events.ipv.pt\/cernas\/validation-of-the-scale-knowledge-and-perceptions-about-edible-insects-through-structural-equation-modelling\/","url":"https:\/\/events.ipv.pt\/cernas\/validation-of-the-scale-knowledge-and-perceptions-about-edible-insects-through-structural-equation-modelling\/","name":"Validation of the Scale Knowledge and Perceptions about Edible Insects through Structural Equation Modelling &#8226; CERNAS - IPV","isPartOf":{"@id":"https:\/\/events.ipv.pt\/cernas\/pt\/#website"},"datePublished":"2023-11-20T11:07:57+00:00","dateModified":"2025-11-20T11:08:43+00:00","breadcrumb":{"@id":"https:\/\/events.ipv.pt\/cernas\/validation-of-the-scale-knowledge-and-perceptions-about-edible-insects-through-structural-equation-modelling\/#breadcrumb"},"inLanguage":"en-GB","potentialAction":[{"@type":"ReadAction","target":["https:\/\/events.ipv.pt\/cernas\/validation-of-the-scale-knowledge-and-perceptions-about-edible-insects-through-structural-equation-modelling\/"]}]},{"@type":"BreadcrumbList","@id":"https:\/\/events.ipv.pt\/cernas\/validation-of-the-scale-knowledge-and-perceptions-about-edible-insects-through-structural-equation-modelling\/#breadcrumb","itemListElement":[{"@type":"ListItem","position":1,"name":"Home","item":"https:\/\/events.ipv.pt\/cernas\/"},{"@type":"ListItem","position":2,"name":"Validation of the Scale Knowledge and Perceptions about Edible Insects through Structural Equation Modelling"}]},{"@type":"WebSite","@id":"https:\/\/events.ipv.pt\/cernas\/pt\/#website","url":"https:\/\/events.ipv.pt\/cernas\/pt\/","name":"CERNAS-IPV | Centro de Estudos de Recursos Naturais, Ambiente e Sociedade","description":"","publisher":{"@id":"https:\/\/events.ipv.pt\/cernas\/pt\/#organization"},"potentialAction":[{"@type":"SearchAction","target":{"@type":"EntryPoint","urlTemplate":"https:\/\/events.ipv.pt\/cernas\/pt\/?s={search_term_string}"},"query-input":{"@type":"PropertyValueSpecification","valueRequired":true,"valueName":"search_term_string"}}],"inLanguage":"en-GB"},{"@type":"Organization","@id":"https:\/\/events.ipv.pt\/cernas\/pt\/#organization","name":"Instituto Polit\u00e9cnico de Viseu","url":"https:\/\/events.ipv.pt\/cernas\/pt\/","logo":{"@type":"ImageObject","inLanguage":"en-GB","@id":"https:\/\/events.ipv.pt\/cernas\/pt\/#\/schema\/logo\/image\/","url":"http:\/\/127.0.0.1\/cernas\/wp-content\/uploads\/2021\/03\/logo_pv.png","contentUrl":"http:\/\/127.0.0.1\/cernas\/wp-content\/uploads\/2021\/03\/logo_pv.png","width":4205,"height":1108,"caption":"Instituto Polit\u00e9cnico de Viseu"},"image":{"@id":"https:\/\/events.ipv.pt\/cernas\/pt\/#\/schema\/logo\/image\/"}},{"@type":"Person","@id":"https:\/\/events.ipv.pt\/cernas\/pt\/#\/schema\/person\/a4f2196b39cc86065f614febd531befb","name":"cristina","image":{"@type":"ImageObject","inLanguage":"en-GB","@id":"https:\/\/secure.gravatar.com\/avatar\/2195ec5194a145ca5d2c2ad965aa08b0d72d7d4157da345cccfeaa221a984952?s=96&d=mm&r=g","url":"https:\/\/secure.gravatar.com\/avatar\/2195ec5194a145ca5d2c2ad965aa08b0d72d7d4157da345cccfeaa221a984952?s=96&d=mm&r=g","contentUrl":"https:\/\/secure.gravatar.com\/avatar\/2195ec5194a145ca5d2c2ad965aa08b0d72d7d4157da345cccfeaa221a984952?s=96&d=mm&r=g","caption":"cristina"},"sameAs":["http:\/\/localhost\/cernas"]}]}},"_links":{"self":[{"href":"https:\/\/events.ipv.pt\/cernas\/en\/wp-json\/wp\/v2\/posts\/4253","targetHints":{"allow":["GET"]}}],"collection":[{"href":"https:\/\/events.ipv.pt\/cernas\/en\/wp-json\/wp\/v2\/posts"}],"about":[{"href":"https:\/\/events.ipv.pt\/cernas\/en\/wp-json\/wp\/v2\/types\/post"}],"author":[{"embeddable":true,"href":"https:\/\/events.ipv.pt\/cernas\/en\/wp-json\/wp\/v2\/users\/1"}],"replies":[{"embeddable":true,"href":"https:\/\/events.ipv.pt\/cernas\/en\/wp-json\/wp\/v2\/comments?post=4253"}],"version-history":[{"count":1,"href":"https:\/\/events.ipv.pt\/cernas\/en\/wp-json\/wp\/v2\/posts\/4253\/revisions"}],"predecessor-version":[{"id":4254,"href":"https:\/\/events.ipv.pt\/cernas\/en\/wp-json\/wp\/v2\/posts\/4253\/revisions\/4254"}],"wp:attachment":[{"href":"https:\/\/events.ipv.pt\/cernas\/en\/wp-json\/wp\/v2\/media?parent=4253"}],"wp:term":[{"taxonomy":"category","embeddable":true,"href":"https:\/\/events.ipv.pt\/cernas\/en\/wp-json\/wp\/v2\/categories?post=4253"},{"taxonomy":"post_tag","embeddable":true,"href":"https:\/\/events.ipv.pt\/cernas\/en\/wp-json\/wp\/v2\/tags?post=4253"}],"curies":[{"name":"wp","href":"https:\/\/api.w.org\/{rel}","templated":true}]}}