{"id":4069,"date":"2024-11-19T15:22:23","date_gmt":"2024-11-19T15:22:23","guid":{"rendered":"https:\/\/events.ipv.pt\/cernas\/?p=4069"},"modified":"2025-11-19T15:24:21","modified_gmt":"2025-11-19T15:24:21","slug":"biostimulants-in-organic-vegetable-nurseries-study-case-in-lettuce","status":"publish","type":"post","link":"https:\/\/events.ipv.pt\/cernas\/en\/biostimulants-in-organic-vegetable-nurseries-study-case-in-lettuce\/","title":{"rendered":"Biostimulants in organic vegetable nurseries: Study case in lettuce"},"content":{"rendered":"<p>Joana Sim\u00f5es, Carolina Marmota, Lisa Moreira, Daniela V. T. A. Costa, Helena E. Correia, Ant\u00f3nio Pinto, Dulcineia Wessel, Fernanda Delgado, Jo\u00e3o P. Carneiro, Carmo Horta, Kiril Bahcevandziev, Maria M. B. Vidal, Olga M. S. Filipe, Cristina Amaro da Costa.<br \/>\nBiostimulants in organic vegetable nurseries: Study case in lettuce.<br \/>\nAIMS Agriculture and Food 9 3 (2024): 842-855<br \/>\ndoi: 10.3934\/agrfood.2024045<\/p>","protected":false},"excerpt":{"rendered":"<p>Joana Sim\u00f5es, Carolina Marmota, Lisa Moreira, Daniela V. T. A. Costa, Helena E. Correia, Ant\u00f3nio Pinto, Dulcineia Wessel, Fernanda Delgado, Jo\u00e3o P. Carneiro, Carmo Horta, Kiril Bahcevandziev, Maria M. B. Vidal, Olga M. S. Filipe, Cristina Amaro da Costa. Biostimulants in organic vegetable nurseries: Study case in lettuce. AIMS Agriculture and Food 9 3 (2024): [&hellip;]<\/p>\n","protected":false},"author":1,"featured_media":0,"comment_status":"closed","ping_status":"open","sticky":false,"template":"","format":"standard","meta":{"site-sidebar-layout":"default","site-content-layout":"","ast-site-content-layout":"default","site-content-style":"default","site-sidebar-style":"default","ast-global-header-display":"","ast-banner-title-visibility":"","ast-main-header-display":"","ast-hfb-above-header-display":"","ast-hfb-below-header-display":"","ast-hfb-mobile-header-display":"","site-post-title":"","ast-breadcrumbs-content":"","ast-featured-img":"","footer-sml-layout":"","ast-disable-related-posts":"","theme-transparent-header-meta":"default","adv-header-id-meta":"","stick-header-meta":"","header-above-stick-meta":"","header-main-stick-meta":"","header-below-stick-meta":"","astra-migrate-meta-layouts":"set","ast-page-background-enabled":"default","ast-page-background-meta":{"desktop":{"background-color":"","background-image":"","background-repeat":"repeat","background-position":"center center","background-size":"auto","background-attachment":"scroll","background-type":"","background-media":"","overlay-type":"","overlay-color":"","overlay-opacity":"","overlay-gradient":""},"tablet":{"background-color":"","background-image":"","background-repeat":"repeat","background-position":"center center","background-size":"auto","background-attachment":"scroll","background-type":"","background-media":"","overlay-type":"","overlay-color":"","overlay-opacity":"","overlay-gradient":""},"mobile":{"background-color":"","background-image":"","background-repeat":"repeat","background-position":"center center","background-size":"auto","background-attachment":"scroll","background-type":"","background-media":"","overlay-type":"","overlay-color":"","overlay-opacity":"","overlay-gradient":""}},"ast-content-background-meta":{"desktop":{"background-color":"var(--ast-global-color-5)","background-image":"","background-repeat":"repeat","background-position":"center center","background-size":"auto","background-attachment":"scroll","background-type":"","background-media":"","overlay-type":"","overlay-color":"","overlay-opacity":"","overlay-gradient":""},"tablet":{"background-color":"var(--ast-global-color-5)","background-image":"","background-repeat":"repeat","background-position":"center center","background-size":"auto","background-attachment":"scroll","background-type":"","background-media":"","overlay-type":"","overlay-color":"","overlay-opacity":"","overlay-gradient":""},"mobile":{"background-color":"var(--ast-global-color-5)","background-image":"","background-repeat":"repeat","background-position":"center center","background-size":"auto","background-attachment":"scroll","background-type":"","background-media":"","overlay-type":"","overlay-color":"","overlay-opacity":"","overlay-gradient":""}},"footnotes":""},"categories":[41,69],"tags":[75,31,33,44,35],"class_list":["post-4069","post","type-post","status-publish","format-standard","hentry","category-41","category-artigo-cientifico","tag-antonio-pinto","tag-cristina-amaro-da-costa","tag-daniela-costa","tag-dulcineia-wessel","tag-helena-correia"],"yoast_head":"<!-- This site is optimized with the Yoast SEO plugin v27.5 - https:\/\/yoast.com\/product\/yoast-seo-wordpress\/ -->\r\n<title>Biostimulants in organic vegetable nurseries: Study case in lettuce &#8226; CERNAS - IPV<\/title>\r\n<meta name=\"robots\" content=\"noindex, follow\" \/>\r\n<meta property=\"og:locale\" content=\"en_GB\" \/>\r\n<meta property=\"og:type\" content=\"article\" \/>\r\n<meta property=\"og:title\" content=\"Biostimulants in organic vegetable nurseries: Study case in lettuce &#8226; CERNAS - IPV\" \/>\r\n<meta property=\"og:description\" content=\"Joana Sim\u00f5es, Carolina Marmota, Lisa Moreira, Daniela V. T. A. Costa, Helena E. Correia, Ant\u00f3nio Pinto, Dulcineia Wessel, Fernanda Delgado, Jo\u00e3o P. Carneiro, Carmo Horta, Kiril Bahcevandziev, Maria M. B. Vidal, Olga M. S. Filipe, Cristina Amaro da Costa. Biostimulants in organic vegetable nurseries: Study case in lettuce. AIMS Agriculture and Food 9 3 (2024): [&hellip;]\" \/>\r\n<meta property=\"og:url\" content=\"https:\/\/events.ipv.pt\/cernas\/en\/biostimulants-in-organic-vegetable-nurseries-study-case-in-lettuce\/\" \/>\r\n<meta property=\"og:site_name\" content=\"CERNAS - IPV\" \/>\r\n<meta property=\"article:published_time\" content=\"2024-11-19T15:22:23+00:00\" \/>\r\n<meta property=\"article:modified_time\" content=\"2025-11-19T15:24:21+00:00\" \/>\r\n<meta name=\"author\" content=\"cristina\" \/>\r\n<meta name=\"twitter:card\" content=\"summary_large_image\" \/>\r\n<meta name=\"twitter:label1\" content=\"Written by\" \/>\n\t<meta name=\"twitter:data1\" content=\"cristina\" \/>\r\n<script type=\"application\/ld+json\" class=\"yoast-schema-graph\">{\"@context\":\"https:\\\/\\\/schema.org\",\"@graph\":[{\"@type\":\"Article\",\"@id\":\"https:\\\/\\\/events.ipv.pt\\\/cernas\\\/biostimulants-in-organic-vegetable-nurseries-study-case-in-lettuce\\\/#article\",\"isPartOf\":{\"@id\":\"https:\\\/\\\/events.ipv.pt\\\/cernas\\\/biostimulants-in-organic-vegetable-nurseries-study-case-in-lettuce\\\/\"},\"author\":{\"name\":\"cristina\",\"@id\":\"https:\\\/\\\/events.ipv.pt\\\/cernas\\\/pt\\\/#\\\/schema\\\/person\\\/a4f2196b39cc86065f614febd531befb\"},\"headline\":\"Biostimulants in organic vegetable nurseries: Study case in lettuce\",\"datePublished\":\"2024-11-19T15:22:23+00:00\",\"dateModified\":\"2025-11-19T15:24:21+00:00\",\"mainEntityOfPage\":{\"@id\":\"https:\\\/\\\/events.ipv.pt\\\/cernas\\\/biostimulants-in-organic-vegetable-nurseries-study-case-in-lettuce\\\/\"},\"wordCount\":67,\"publisher\":{\"@id\":\"https:\\\/\\\/events.ipv.pt\\\/cernas\\\/pt\\\/#organization\"},\"keywords\":[\"Ant\u00f3nio Pinto\",\"Cristina Amaro da Costa\",\"Daniela Costa\",\"Dulcineia Wessel\",\"Helena Correia\"],\"articleSection\":[\"2024\",\"artigo cient\u00edfico\"],\"inLanguage\":\"en-GB\"},{\"@type\":\"WebPage\",\"@id\":\"https:\\\/\\\/events.ipv.pt\\\/cernas\\\/biostimulants-in-organic-vegetable-nurseries-study-case-in-lettuce\\\/\",\"url\":\"https:\\\/\\\/events.ipv.pt\\\/cernas\\\/biostimulants-in-organic-vegetable-nurseries-study-case-in-lettuce\\\/\",\"name\":\"Biostimulants in organic vegetable nurseries: Study case in lettuce &#8226; CERNAS - IPV\",\"isPartOf\":{\"@id\":\"https:\\\/\\\/events.ipv.pt\\\/cernas\\\/pt\\\/#website\"},\"datePublished\":\"2024-11-19T15:22:23+00:00\",\"dateModified\":\"2025-11-19T15:24:21+00:00\",\"breadcrumb\":{\"@id\":\"https:\\\/\\\/events.ipv.pt\\\/cernas\\\/biostimulants-in-organic-vegetable-nurseries-study-case-in-lettuce\\\/#breadcrumb\"},\"inLanguage\":\"en-GB\",\"potentialAction\":[{\"@type\":\"ReadAction\",\"target\":[\"https:\\\/\\\/events.ipv.pt\\\/cernas\\\/biostimulants-in-organic-vegetable-nurseries-study-case-in-lettuce\\\/\"]}]},{\"@type\":\"BreadcrumbList\",\"@id\":\"https:\\\/\\\/events.ipv.pt\\\/cernas\\\/biostimulants-in-organic-vegetable-nurseries-study-case-in-lettuce\\\/#breadcrumb\",\"itemListElement\":[{\"@type\":\"ListItem\",\"position\":1,\"name\":\"Home\",\"item\":\"https:\\\/\\\/events.ipv.pt\\\/cernas\\\/\"},{\"@type\":\"ListItem\",\"position\":2,\"name\":\"Biostimulants in organic vegetable nurseries: Study case in lettuce\"}]},{\"@type\":\"WebSite\",\"@id\":\"https:\\\/\\\/events.ipv.pt\\\/cernas\\\/pt\\\/#website\",\"url\":\"https:\\\/\\\/events.ipv.pt\\\/cernas\\\/pt\\\/\",\"name\":\"CERNAS-IPV | Centro de Estudos de Recursos Naturais, Ambiente e Sociedade\",\"description\":\"\",\"publisher\":{\"@id\":\"https:\\\/\\\/events.ipv.pt\\\/cernas\\\/pt\\\/#organization\"},\"potentialAction\":[{\"@type\":\"SearchAction\",\"target\":{\"@type\":\"EntryPoint\",\"urlTemplate\":\"https:\\\/\\\/events.ipv.pt\\\/cernas\\\/pt\\\/?s={search_term_string}\"},\"query-input\":{\"@type\":\"PropertyValueSpecification\",\"valueRequired\":true,\"valueName\":\"search_term_string\"}}],\"inLanguage\":\"en-GB\"},{\"@type\":\"Organization\",\"@id\":\"https:\\\/\\\/events.ipv.pt\\\/cernas\\\/pt\\\/#organization\",\"name\":\"Instituto Polit\u00e9cnico de Viseu\",\"url\":\"https:\\\/\\\/events.ipv.pt\\\/cernas\\\/pt\\\/\",\"logo\":{\"@type\":\"ImageObject\",\"inLanguage\":\"en-GB\",\"@id\":\"https:\\\/\\\/events.ipv.pt\\\/cernas\\\/pt\\\/#\\\/schema\\\/logo\\\/image\\\/\",\"url\":\"http:\\\/\\\/127.0.0.1\\\/cernas\\\/wp-content\\\/uploads\\\/2021\\\/03\\\/logo_pv.png\",\"contentUrl\":\"http:\\\/\\\/127.0.0.1\\\/cernas\\\/wp-content\\\/uploads\\\/2021\\\/03\\\/logo_pv.png\",\"width\":4205,\"height\":1108,\"caption\":\"Instituto Polit\u00e9cnico de Viseu\"},\"image\":{\"@id\":\"https:\\\/\\\/events.ipv.pt\\\/cernas\\\/pt\\\/#\\\/schema\\\/logo\\\/image\\\/\"}},{\"@type\":\"Person\",\"@id\":\"https:\\\/\\\/events.ipv.pt\\\/cernas\\\/pt\\\/#\\\/schema\\\/person\\\/a4f2196b39cc86065f614febd531befb\",\"name\":\"cristina\",\"image\":{\"@type\":\"ImageObject\",\"inLanguage\":\"en-GB\",\"@id\":\"https:\\\/\\\/secure.gravatar.com\\\/avatar\\\/2195ec5194a145ca5d2c2ad965aa08b0d72d7d4157da345cccfeaa221a984952?s=96&d=mm&r=g\",\"url\":\"https:\\\/\\\/secure.gravatar.com\\\/avatar\\\/2195ec5194a145ca5d2c2ad965aa08b0d72d7d4157da345cccfeaa221a984952?s=96&d=mm&r=g\",\"contentUrl\":\"https:\\\/\\\/secure.gravatar.com\\\/avatar\\\/2195ec5194a145ca5d2c2ad965aa08b0d72d7d4157da345cccfeaa221a984952?s=96&d=mm&r=g\",\"caption\":\"cristina\"},\"sameAs\":[\"http:\\\/\\\/localhost\\\/cernas\"]}]}<\/script>\r\n<!-- \/ Yoast SEO plugin. -->","yoast_head_json":{"title":"Biostimulants in organic vegetable nurseries: Study case in lettuce &#8226; CERNAS - IPV","robots":{"index":"noindex","follow":"follow"},"og_locale":"en_GB","og_type":"article","og_title":"Biostimulants in organic vegetable nurseries: Study case in lettuce &#8226; CERNAS - IPV","og_description":"Joana Sim\u00f5es, Carolina Marmota, Lisa Moreira, Daniela V. T. A. Costa, Helena E. Correia, Ant\u00f3nio Pinto, Dulcineia Wessel, Fernanda Delgado, Jo\u00e3o P. Carneiro, Carmo Horta, Kiril Bahcevandziev, Maria M. B. Vidal, Olga M. S. Filipe, Cristina Amaro da Costa. Biostimulants in organic vegetable nurseries: Study case in lettuce. AIMS Agriculture and Food 9 3 (2024): [&hellip;]","og_url":"https:\/\/events.ipv.pt\/cernas\/en\/biostimulants-in-organic-vegetable-nurseries-study-case-in-lettuce\/","og_site_name":"CERNAS - IPV","article_published_time":"2024-11-19T15:22:23+00:00","article_modified_time":"2025-11-19T15:24:21+00:00","author":"cristina","twitter_card":"summary_large_image","twitter_misc":{"Written by":"cristina"},"schema":{"@context":"https:\/\/schema.org","@graph":[{"@type":"Article","@id":"https:\/\/events.ipv.pt\/cernas\/biostimulants-in-organic-vegetable-nurseries-study-case-in-lettuce\/#article","isPartOf":{"@id":"https:\/\/events.ipv.pt\/cernas\/biostimulants-in-organic-vegetable-nurseries-study-case-in-lettuce\/"},"author":{"name":"cristina","@id":"https:\/\/events.ipv.pt\/cernas\/pt\/#\/schema\/person\/a4f2196b39cc86065f614febd531befb"},"headline":"Biostimulants in organic vegetable nurseries: Study case in lettuce","datePublished":"2024-11-19T15:22:23+00:00","dateModified":"2025-11-19T15:24:21+00:00","mainEntityOfPage":{"@id":"https:\/\/events.ipv.pt\/cernas\/biostimulants-in-organic-vegetable-nurseries-study-case-in-lettuce\/"},"wordCount":67,"publisher":{"@id":"https:\/\/events.ipv.pt\/cernas\/pt\/#organization"},"keywords":["Ant\u00f3nio Pinto","Cristina Amaro da Costa","Daniela Costa","Dulcineia Wessel","Helena Correia"],"articleSection":["2024","artigo cient\u00edfico"],"inLanguage":"en-GB"},{"@type":"WebPage","@id":"https:\/\/events.ipv.pt\/cernas\/biostimulants-in-organic-vegetable-nurseries-study-case-in-lettuce\/","url":"https:\/\/events.ipv.pt\/cernas\/biostimulants-in-organic-vegetable-nurseries-study-case-in-lettuce\/","name":"Biostimulants in organic vegetable nurseries: Study case in lettuce &#8226; CERNAS - IPV","isPartOf":{"@id":"https:\/\/events.ipv.pt\/cernas\/pt\/#website"},"datePublished":"2024-11-19T15:22:23+00:00","dateModified":"2025-11-19T15:24:21+00:00","breadcrumb":{"@id":"https:\/\/events.ipv.pt\/cernas\/biostimulants-in-organic-vegetable-nurseries-study-case-in-lettuce\/#breadcrumb"},"inLanguage":"en-GB","potentialAction":[{"@type":"ReadAction","target":["https:\/\/events.ipv.pt\/cernas\/biostimulants-in-organic-vegetable-nurseries-study-case-in-lettuce\/"]}]},{"@type":"BreadcrumbList","@id":"https:\/\/events.ipv.pt\/cernas\/biostimulants-in-organic-vegetable-nurseries-study-case-in-lettuce\/#breadcrumb","itemListElement":[{"@type":"ListItem","position":1,"name":"Home","item":"https:\/\/events.ipv.pt\/cernas\/"},{"@type":"ListItem","position":2,"name":"Biostimulants in organic vegetable nurseries: Study case in lettuce"}]},{"@type":"WebSite","@id":"https:\/\/events.ipv.pt\/cernas\/pt\/#website","url":"https:\/\/events.ipv.pt\/cernas\/pt\/","name":"CERNAS-IPV | Centro de Estudos de Recursos Naturais, Ambiente e Sociedade","description":"","publisher":{"@id":"https:\/\/events.ipv.pt\/cernas\/pt\/#organization"},"potentialAction":[{"@type":"SearchAction","target":{"@type":"EntryPoint","urlTemplate":"https:\/\/events.ipv.pt\/cernas\/pt\/?s={search_term_string}"},"query-input":{"@type":"PropertyValueSpecification","valueRequired":true,"valueName":"search_term_string"}}],"inLanguage":"en-GB"},{"@type":"Organization","@id":"https:\/\/events.ipv.pt\/cernas\/pt\/#organization","name":"Instituto Polit\u00e9cnico de Viseu","url":"https:\/\/events.ipv.pt\/cernas\/pt\/","logo":{"@type":"ImageObject","inLanguage":"en-GB","@id":"https:\/\/events.ipv.pt\/cernas\/pt\/#\/schema\/logo\/image\/","url":"http:\/\/127.0.0.1\/cernas\/wp-content\/uploads\/2021\/03\/logo_pv.png","contentUrl":"http:\/\/127.0.0.1\/cernas\/wp-content\/uploads\/2021\/03\/logo_pv.png","width":4205,"height":1108,"caption":"Instituto Polit\u00e9cnico de Viseu"},"image":{"@id":"https:\/\/events.ipv.pt\/cernas\/pt\/#\/schema\/logo\/image\/"}},{"@type":"Person","@id":"https:\/\/events.ipv.pt\/cernas\/pt\/#\/schema\/person\/a4f2196b39cc86065f614febd531befb","name":"cristina","image":{"@type":"ImageObject","inLanguage":"en-GB","@id":"https:\/\/secure.gravatar.com\/avatar\/2195ec5194a145ca5d2c2ad965aa08b0d72d7d4157da345cccfeaa221a984952?s=96&d=mm&r=g","url":"https:\/\/secure.gravatar.com\/avatar\/2195ec5194a145ca5d2c2ad965aa08b0d72d7d4157da345cccfeaa221a984952?s=96&d=mm&r=g","contentUrl":"https:\/\/secure.gravatar.com\/avatar\/2195ec5194a145ca5d2c2ad965aa08b0d72d7d4157da345cccfeaa221a984952?s=96&d=mm&r=g","caption":"cristina"},"sameAs":["http:\/\/localhost\/cernas"]}]}},"_links":{"self":[{"href":"https:\/\/events.ipv.pt\/cernas\/en\/wp-json\/wp\/v2\/posts\/4069","targetHints":{"allow":["GET"]}}],"collection":[{"href":"https:\/\/events.ipv.pt\/cernas\/en\/wp-json\/wp\/v2\/posts"}],"about":[{"href":"https:\/\/events.ipv.pt\/cernas\/en\/wp-json\/wp\/v2\/types\/post"}],"author":[{"embeddable":true,"href":"https:\/\/events.ipv.pt\/cernas\/en\/wp-json\/wp\/v2\/users\/1"}],"replies":[{"embeddable":true,"href":"https:\/\/events.ipv.pt\/cernas\/en\/wp-json\/wp\/v2\/comments?post=4069"}],"version-history":[{"count":1,"href":"https:\/\/events.ipv.pt\/cernas\/en\/wp-json\/wp\/v2\/posts\/4069\/revisions"}],"predecessor-version":[{"id":4070,"href":"https:\/\/events.ipv.pt\/cernas\/en\/wp-json\/wp\/v2\/posts\/4069\/revisions\/4070"}],"wp:attachment":[{"href":"https:\/\/events.ipv.pt\/cernas\/en\/wp-json\/wp\/v2\/media?parent=4069"}],"wp:term":[{"taxonomy":"category","embeddable":true,"href":"https:\/\/events.ipv.pt\/cernas\/en\/wp-json\/wp\/v2\/categories?post=4069"},{"taxonomy":"post_tag","embeddable":true,"href":"https:\/\/events.ipv.pt\/cernas\/en\/wp-json\/wp\/v2\/tags?post=4069"}],"curies":[{"name":"wp","href":"https:\/\/api.w.org\/{rel}","templated":true}]}}