{"id":4029,"date":"2024-11-19T14:22:02","date_gmt":"2024-11-19T14:22:02","guid":{"rendered":"https:\/\/events.ipv.pt\/cernas\/?p=4029"},"modified":"2025-11-19T14:22:54","modified_gmt":"2025-11-19T14:22:54","slug":"biochar-as-an-alternative-litter-additive-to-mitigate-gaseous-emissions-from-broiler-housing-and-subsequent-storage","status":"publish","type":"post","link":"https:\/\/events.ipv.pt\/cernas\/en\/biochar-as-an-alternative-litter-additive-to-mitigate-gaseous-emissions-from-broiler-housing-and-subsequent-storage\/","title":{"rendered":"Biochar as an Alternative Litter Additive to Mitigate Gaseous Emissions from Broiler Housing and Subsequent Storage"},"content":{"rendered":"<p>Pereira JLS, Martins F, Bonif\u00e1cio G, Garcia C, Teixeira J, Trindade H. (2024)<br \/>\n<a href=\"https:\/\/doi.org\/10.3390\/agronomy14071595\" target=\"_blank\">Biochar as an Alternative Litter Additive to Mitigate Gaseous Emissions from Broiler Housing and Subsequent Storage<\/a>.<br \/>\nAgronomy, 14: 1595.<br \/>\nhttps:\/\/doi.org\/10.3390\/agronomy14071595<\/p>","protected":false},"excerpt":{"rendered":"<p>Pereira JLS, Martins F, Bonif\u00e1cio G, Garcia C, Teixeira J, Trindade H. (2024) Biochar as an Alternative Litter Additive to Mitigate Gaseous Emissions from Broiler Housing and Subsequent Storage. Agronomy, 14: 1595. https:\/\/doi.org\/10.3390\/agronomy14071595<\/p>","protected":false},"author":1,"featured_media":0,"comment_status":"closed","ping_status":"open","sticky":false,"template":"","format":"standard","meta":{"site-sidebar-layout":"default","site-content-layout":"","ast-site-content-layout":"default","site-content-style":"default","site-sidebar-style":"default","ast-global-header-display":"","ast-banner-title-visibility":"","ast-main-header-display":"","ast-hfb-above-header-display":"","ast-hfb-below-header-display":"","ast-hfb-mobile-header-display":"","site-post-title":"","ast-breadcrumbs-content":"","ast-featured-img":"","footer-sml-layout":"","ast-disable-related-posts":"","theme-transparent-header-meta":"default","adv-header-id-meta":"","stick-header-meta":"","header-above-stick-meta":"","header-main-stick-meta":"","header-below-stick-meta":"","astra-migrate-meta-layouts":"set","ast-page-background-enabled":"default","ast-page-background-meta":{"desktop":{"background-color":"","background-image":"","background-repeat":"repeat","background-position":"center center","background-size":"auto","background-attachment":"scroll","background-type":"","background-media":"","overlay-type":"","overlay-color":"","overlay-opacity":"","overlay-gradient":""},"tablet":{"background-color":"","background-image":"","background-repeat":"repeat","background-position":"center center","background-size":"auto","background-attachment":"scroll","background-type":"","background-media":"","overlay-type":"","overlay-color":"","overlay-opacity":"","overlay-gradient":""},"mobile":{"background-color":"","background-image":"","background-repeat":"repeat","background-position":"center center","background-size":"auto","background-attachment":"scroll","background-type":"","background-media":"","overlay-type":"","overlay-color":"","overlay-opacity":"","overlay-gradient":""}},"ast-content-background-meta":{"desktop":{"background-color":"var(--ast-global-color-5)","background-image":"","background-repeat":"repeat","background-position":"center center","background-size":"auto","background-attachment":"scroll","background-type":"","background-media":"","overlay-type":"","overlay-color":"","overlay-opacity":"","overlay-gradient":""},"tablet":{"background-color":"var(--ast-global-color-5)","background-image":"","background-repeat":"repeat","background-position":"center center","background-size":"auto","background-attachment":"scroll","background-type":"","background-media":"","overlay-type":"","overlay-color":"","overlay-opacity":"","overlay-gradient":""},"mobile":{"background-color":"var(--ast-global-color-5)","background-image":"","background-repeat":"repeat","background-position":"center center","background-size":"auto","background-attachment":"scroll","background-type":"","background-media":"","overlay-type":"","overlay-color":"","overlay-opacity":"","overlay-gradient":""}},"footnotes":""},"categories":[41,69],"tags":[56],"class_list":["post-4029","post","type-post","status-publish","format-standard","hentry","category-41","category-artigo-cientifico","tag-jose-luis-pereira"],"yoast_head":"<!-- This site is optimized with the Yoast SEO plugin v27.5 - https:\/\/yoast.com\/product\/yoast-seo-wordpress\/ -->\r\n<title>Biochar as an Alternative Litter Additive to Mitigate Gaseous Emissions from Broiler Housing and Subsequent Storage &#8226; CERNAS - IPV<\/title>\r\n<meta name=\"robots\" content=\"noindex, follow\" \/>\r\n<meta property=\"og:locale\" content=\"en_GB\" \/>\r\n<meta property=\"og:type\" content=\"article\" \/>\r\n<meta property=\"og:title\" content=\"Biochar as an Alternative Litter Additive to Mitigate Gaseous Emissions from Broiler Housing and Subsequent Storage &#8226; CERNAS - IPV\" \/>\r\n<meta property=\"og:description\" content=\"Pereira JLS, Martins F, Bonif\u00e1cio G, Garcia C, Teixeira J, Trindade H. (2024) Biochar as an Alternative Litter Additive to Mitigate Gaseous Emissions from Broiler Housing and Subsequent Storage. Agronomy, 14: 1595. https:\/\/doi.org\/10.3390\/agronomy14071595\" \/>\r\n<meta property=\"og:url\" content=\"https:\/\/events.ipv.pt\/cernas\/en\/biochar-as-an-alternative-litter-additive-to-mitigate-gaseous-emissions-from-broiler-housing-and-subsequent-storage\/\" \/>\r\n<meta property=\"og:site_name\" content=\"CERNAS - IPV\" \/>\r\n<meta property=\"article:published_time\" content=\"2024-11-19T14:22:02+00:00\" \/>\r\n<meta property=\"article:modified_time\" content=\"2025-11-19T14:22:54+00:00\" \/>\r\n<meta name=\"author\" content=\"cristina\" \/>\r\n<meta name=\"twitter:card\" content=\"summary_large_image\" \/>\r\n<meta name=\"twitter:label1\" content=\"Written by\" \/>\n\t<meta name=\"twitter:data1\" content=\"cristina\" \/>\r\n<script type=\"application\/ld+json\" class=\"yoast-schema-graph\">{\"@context\":\"https:\\\/\\\/schema.org\",\"@graph\":[{\"@type\":\"Article\",\"@id\":\"https:\\\/\\\/events.ipv.pt\\\/cernas\\\/biochar-as-an-alternative-litter-additive-to-mitigate-gaseous-emissions-from-broiler-housing-and-subsequent-storage\\\/#article\",\"isPartOf\":{\"@id\":\"https:\\\/\\\/events.ipv.pt\\\/cernas\\\/biochar-as-an-alternative-litter-additive-to-mitigate-gaseous-emissions-from-broiler-housing-and-subsequent-storage\\\/\"},\"author\":{\"name\":\"cristina\",\"@id\":\"https:\\\/\\\/events.ipv.pt\\\/cernas\\\/pt\\\/#\\\/schema\\\/person\\\/a4f2196b39cc86065f614febd531befb\"},\"headline\":\"Biochar as an Alternative Litter Additive to Mitigate Gaseous Emissions from Broiler Housing and Subsequent Storage\",\"datePublished\":\"2024-11-19T14:22:02+00:00\",\"dateModified\":\"2025-11-19T14:22:54+00:00\",\"mainEntityOfPage\":{\"@id\":\"https:\\\/\\\/events.ipv.pt\\\/cernas\\\/biochar-as-an-alternative-litter-additive-to-mitigate-gaseous-emissions-from-broiler-housing-and-subsequent-storage\\\/\"},\"wordCount\":50,\"publisher\":{\"@id\":\"https:\\\/\\\/events.ipv.pt\\\/cernas\\\/pt\\\/#organization\"},\"keywords\":[\"Jos\u00e9 Lu\u00eds Pereira\"],\"articleSection\":[\"2024\",\"artigo cient\u00edfico\"],\"inLanguage\":\"en-GB\"},{\"@type\":\"WebPage\",\"@id\":\"https:\\\/\\\/events.ipv.pt\\\/cernas\\\/biochar-as-an-alternative-litter-additive-to-mitigate-gaseous-emissions-from-broiler-housing-and-subsequent-storage\\\/\",\"url\":\"https:\\\/\\\/events.ipv.pt\\\/cernas\\\/biochar-as-an-alternative-litter-additive-to-mitigate-gaseous-emissions-from-broiler-housing-and-subsequent-storage\\\/\",\"name\":\"Biochar as an Alternative Litter Additive to Mitigate Gaseous Emissions from Broiler Housing and Subsequent Storage &#8226; CERNAS - IPV\",\"isPartOf\":{\"@id\":\"https:\\\/\\\/events.ipv.pt\\\/cernas\\\/pt\\\/#website\"},\"datePublished\":\"2024-11-19T14:22:02+00:00\",\"dateModified\":\"2025-11-19T14:22:54+00:00\",\"breadcrumb\":{\"@id\":\"https:\\\/\\\/events.ipv.pt\\\/cernas\\\/biochar-as-an-alternative-litter-additive-to-mitigate-gaseous-emissions-from-broiler-housing-and-subsequent-storage\\\/#breadcrumb\"},\"inLanguage\":\"en-GB\",\"potentialAction\":[{\"@type\":\"ReadAction\",\"target\":[\"https:\\\/\\\/events.ipv.pt\\\/cernas\\\/biochar-as-an-alternative-litter-additive-to-mitigate-gaseous-emissions-from-broiler-housing-and-subsequent-storage\\\/\"]}]},{\"@type\":\"BreadcrumbList\",\"@id\":\"https:\\\/\\\/events.ipv.pt\\\/cernas\\\/biochar-as-an-alternative-litter-additive-to-mitigate-gaseous-emissions-from-broiler-housing-and-subsequent-storage\\\/#breadcrumb\",\"itemListElement\":[{\"@type\":\"ListItem\",\"position\":1,\"name\":\"Home\",\"item\":\"https:\\\/\\\/events.ipv.pt\\\/cernas\\\/\"},{\"@type\":\"ListItem\",\"position\":2,\"name\":\"Biochar as an Alternative Litter Additive to Mitigate Gaseous Emissions from Broiler Housing and Subsequent Storage\"}]},{\"@type\":\"WebSite\",\"@id\":\"https:\\\/\\\/events.ipv.pt\\\/cernas\\\/pt\\\/#website\",\"url\":\"https:\\\/\\\/events.ipv.pt\\\/cernas\\\/pt\\\/\",\"name\":\"CERNAS-IPV | Centro de Estudos de Recursos Naturais, Ambiente e Sociedade\",\"description\":\"\",\"publisher\":{\"@id\":\"https:\\\/\\\/events.ipv.pt\\\/cernas\\\/pt\\\/#organization\"},\"potentialAction\":[{\"@type\":\"SearchAction\",\"target\":{\"@type\":\"EntryPoint\",\"urlTemplate\":\"https:\\\/\\\/events.ipv.pt\\\/cernas\\\/pt\\\/?s={search_term_string}\"},\"query-input\":{\"@type\":\"PropertyValueSpecification\",\"valueRequired\":true,\"valueName\":\"search_term_string\"}}],\"inLanguage\":\"en-GB\"},{\"@type\":\"Organization\",\"@id\":\"https:\\\/\\\/events.ipv.pt\\\/cernas\\\/pt\\\/#organization\",\"name\":\"Instituto Polit\u00e9cnico de Viseu\",\"url\":\"https:\\\/\\\/events.ipv.pt\\\/cernas\\\/pt\\\/\",\"logo\":{\"@type\":\"ImageObject\",\"inLanguage\":\"en-GB\",\"@id\":\"https:\\\/\\\/events.ipv.pt\\\/cernas\\\/pt\\\/#\\\/schema\\\/logo\\\/image\\\/\",\"url\":\"http:\\\/\\\/127.0.0.1\\\/cernas\\\/wp-content\\\/uploads\\\/2021\\\/03\\\/logo_pv.png\",\"contentUrl\":\"http:\\\/\\\/127.0.0.1\\\/cernas\\\/wp-content\\\/uploads\\\/2021\\\/03\\\/logo_pv.png\",\"width\":4205,\"height\":1108,\"caption\":\"Instituto Polit\u00e9cnico de Viseu\"},\"image\":{\"@id\":\"https:\\\/\\\/events.ipv.pt\\\/cernas\\\/pt\\\/#\\\/schema\\\/logo\\\/image\\\/\"}},{\"@type\":\"Person\",\"@id\":\"https:\\\/\\\/events.ipv.pt\\\/cernas\\\/pt\\\/#\\\/schema\\\/person\\\/a4f2196b39cc86065f614febd531befb\",\"name\":\"cristina\",\"image\":{\"@type\":\"ImageObject\",\"inLanguage\":\"en-GB\",\"@id\":\"https:\\\/\\\/secure.gravatar.com\\\/avatar\\\/2195ec5194a145ca5d2c2ad965aa08b0d72d7d4157da345cccfeaa221a984952?s=96&d=mm&r=g\",\"url\":\"https:\\\/\\\/secure.gravatar.com\\\/avatar\\\/2195ec5194a145ca5d2c2ad965aa08b0d72d7d4157da345cccfeaa221a984952?s=96&d=mm&r=g\",\"contentUrl\":\"https:\\\/\\\/secure.gravatar.com\\\/avatar\\\/2195ec5194a145ca5d2c2ad965aa08b0d72d7d4157da345cccfeaa221a984952?s=96&d=mm&r=g\",\"caption\":\"cristina\"},\"sameAs\":[\"http:\\\/\\\/localhost\\\/cernas\"]}]}<\/script>\r\n<!-- \/ Yoast SEO plugin. -->","yoast_head_json":{"title":"Biochar as an Alternative Litter Additive to Mitigate Gaseous Emissions from Broiler Housing and Subsequent Storage &#8226; CERNAS - IPV","robots":{"index":"noindex","follow":"follow"},"og_locale":"en_GB","og_type":"article","og_title":"Biochar as an Alternative Litter Additive to Mitigate Gaseous Emissions from Broiler Housing and Subsequent Storage &#8226; CERNAS - IPV","og_description":"Pereira JLS, Martins F, Bonif\u00e1cio G, Garcia C, Teixeira J, Trindade H. (2024) Biochar as an Alternative Litter Additive to Mitigate Gaseous Emissions from Broiler Housing and Subsequent Storage. Agronomy, 14: 1595. https:\/\/doi.org\/10.3390\/agronomy14071595","og_url":"https:\/\/events.ipv.pt\/cernas\/en\/biochar-as-an-alternative-litter-additive-to-mitigate-gaseous-emissions-from-broiler-housing-and-subsequent-storage\/","og_site_name":"CERNAS - IPV","article_published_time":"2024-11-19T14:22:02+00:00","article_modified_time":"2025-11-19T14:22:54+00:00","author":"cristina","twitter_card":"summary_large_image","twitter_misc":{"Written by":"cristina"},"schema":{"@context":"https:\/\/schema.org","@graph":[{"@type":"Article","@id":"https:\/\/events.ipv.pt\/cernas\/biochar-as-an-alternative-litter-additive-to-mitigate-gaseous-emissions-from-broiler-housing-and-subsequent-storage\/#article","isPartOf":{"@id":"https:\/\/events.ipv.pt\/cernas\/biochar-as-an-alternative-litter-additive-to-mitigate-gaseous-emissions-from-broiler-housing-and-subsequent-storage\/"},"author":{"name":"cristina","@id":"https:\/\/events.ipv.pt\/cernas\/pt\/#\/schema\/person\/a4f2196b39cc86065f614febd531befb"},"headline":"Biochar as an Alternative Litter Additive to Mitigate Gaseous Emissions from Broiler Housing and Subsequent Storage","datePublished":"2024-11-19T14:22:02+00:00","dateModified":"2025-11-19T14:22:54+00:00","mainEntityOfPage":{"@id":"https:\/\/events.ipv.pt\/cernas\/biochar-as-an-alternative-litter-additive-to-mitigate-gaseous-emissions-from-broiler-housing-and-subsequent-storage\/"},"wordCount":50,"publisher":{"@id":"https:\/\/events.ipv.pt\/cernas\/pt\/#organization"},"keywords":["Jos\u00e9 Lu\u00eds Pereira"],"articleSection":["2024","artigo cient\u00edfico"],"inLanguage":"en-GB"},{"@type":"WebPage","@id":"https:\/\/events.ipv.pt\/cernas\/biochar-as-an-alternative-litter-additive-to-mitigate-gaseous-emissions-from-broiler-housing-and-subsequent-storage\/","url":"https:\/\/events.ipv.pt\/cernas\/biochar-as-an-alternative-litter-additive-to-mitigate-gaseous-emissions-from-broiler-housing-and-subsequent-storage\/","name":"Biochar as an Alternative Litter Additive to Mitigate Gaseous Emissions from Broiler Housing and Subsequent Storage &#8226; CERNAS - IPV","isPartOf":{"@id":"https:\/\/events.ipv.pt\/cernas\/pt\/#website"},"datePublished":"2024-11-19T14:22:02+00:00","dateModified":"2025-11-19T14:22:54+00:00","breadcrumb":{"@id":"https:\/\/events.ipv.pt\/cernas\/biochar-as-an-alternative-litter-additive-to-mitigate-gaseous-emissions-from-broiler-housing-and-subsequent-storage\/#breadcrumb"},"inLanguage":"en-GB","potentialAction":[{"@type":"ReadAction","target":["https:\/\/events.ipv.pt\/cernas\/biochar-as-an-alternative-litter-additive-to-mitigate-gaseous-emissions-from-broiler-housing-and-subsequent-storage\/"]}]},{"@type":"BreadcrumbList","@id":"https:\/\/events.ipv.pt\/cernas\/biochar-as-an-alternative-litter-additive-to-mitigate-gaseous-emissions-from-broiler-housing-and-subsequent-storage\/#breadcrumb","itemListElement":[{"@type":"ListItem","position":1,"name":"Home","item":"https:\/\/events.ipv.pt\/cernas\/"},{"@type":"ListItem","position":2,"name":"Biochar as an Alternative Litter Additive to Mitigate Gaseous Emissions from Broiler Housing and Subsequent Storage"}]},{"@type":"WebSite","@id":"https:\/\/events.ipv.pt\/cernas\/pt\/#website","url":"https:\/\/events.ipv.pt\/cernas\/pt\/","name":"CERNAS-IPV | Centro de Estudos de Recursos Naturais, Ambiente e Sociedade","description":"","publisher":{"@id":"https:\/\/events.ipv.pt\/cernas\/pt\/#organization"},"potentialAction":[{"@type":"SearchAction","target":{"@type":"EntryPoint","urlTemplate":"https:\/\/events.ipv.pt\/cernas\/pt\/?s={search_term_string}"},"query-input":{"@type":"PropertyValueSpecification","valueRequired":true,"valueName":"search_term_string"}}],"inLanguage":"en-GB"},{"@type":"Organization","@id":"https:\/\/events.ipv.pt\/cernas\/pt\/#organization","name":"Instituto Polit\u00e9cnico de Viseu","url":"https:\/\/events.ipv.pt\/cernas\/pt\/","logo":{"@type":"ImageObject","inLanguage":"en-GB","@id":"https:\/\/events.ipv.pt\/cernas\/pt\/#\/schema\/logo\/image\/","url":"http:\/\/127.0.0.1\/cernas\/wp-content\/uploads\/2021\/03\/logo_pv.png","contentUrl":"http:\/\/127.0.0.1\/cernas\/wp-content\/uploads\/2021\/03\/logo_pv.png","width":4205,"height":1108,"caption":"Instituto Polit\u00e9cnico de Viseu"},"image":{"@id":"https:\/\/events.ipv.pt\/cernas\/pt\/#\/schema\/logo\/image\/"}},{"@type":"Person","@id":"https:\/\/events.ipv.pt\/cernas\/pt\/#\/schema\/person\/a4f2196b39cc86065f614febd531befb","name":"cristina","image":{"@type":"ImageObject","inLanguage":"en-GB","@id":"https:\/\/secure.gravatar.com\/avatar\/2195ec5194a145ca5d2c2ad965aa08b0d72d7d4157da345cccfeaa221a984952?s=96&d=mm&r=g","url":"https:\/\/secure.gravatar.com\/avatar\/2195ec5194a145ca5d2c2ad965aa08b0d72d7d4157da345cccfeaa221a984952?s=96&d=mm&r=g","contentUrl":"https:\/\/secure.gravatar.com\/avatar\/2195ec5194a145ca5d2c2ad965aa08b0d72d7d4157da345cccfeaa221a984952?s=96&d=mm&r=g","caption":"cristina"},"sameAs":["http:\/\/localhost\/cernas"]}]}},"_links":{"self":[{"href":"https:\/\/events.ipv.pt\/cernas\/en\/wp-json\/wp\/v2\/posts\/4029","targetHints":{"allow":["GET"]}}],"collection":[{"href":"https:\/\/events.ipv.pt\/cernas\/en\/wp-json\/wp\/v2\/posts"}],"about":[{"href":"https:\/\/events.ipv.pt\/cernas\/en\/wp-json\/wp\/v2\/types\/post"}],"author":[{"embeddable":true,"href":"https:\/\/events.ipv.pt\/cernas\/en\/wp-json\/wp\/v2\/users\/1"}],"replies":[{"embeddable":true,"href":"https:\/\/events.ipv.pt\/cernas\/en\/wp-json\/wp\/v2\/comments?post=4029"}],"version-history":[{"count":1,"href":"https:\/\/events.ipv.pt\/cernas\/en\/wp-json\/wp\/v2\/posts\/4029\/revisions"}],"predecessor-version":[{"id":4030,"href":"https:\/\/events.ipv.pt\/cernas\/en\/wp-json\/wp\/v2\/posts\/4029\/revisions\/4030"}],"wp:attachment":[{"href":"https:\/\/events.ipv.pt\/cernas\/en\/wp-json\/wp\/v2\/media?parent=4029"}],"wp:term":[{"taxonomy":"category","embeddable":true,"href":"https:\/\/events.ipv.pt\/cernas\/en\/wp-json\/wp\/v2\/categories?post=4029"},{"taxonomy":"post_tag","embeddable":true,"href":"https:\/\/events.ipv.pt\/cernas\/en\/wp-json\/wp\/v2\/tags?post=4029"}],"curies":[{"name":"wp","href":"https:\/\/api.w.org\/{rel}","templated":true}]}}