{"id":3831,"date":"2022-11-19T10:40:42","date_gmt":"2022-11-19T10:40:42","guid":{"rendered":"https:\/\/events.ipv.pt\/cernas\/?p=3831"},"modified":"2025-11-19T10:41:52","modified_gmt":"2025-11-19T10:41:52","slug":"food-security-and-sustainability-discussing-the-four-pillars-to-encompass-other-dimensions","status":"publish","type":"post","link":"https:\/\/events.ipv.pt\/cernas\/en\/food-security-and-sustainability-discussing-the-four-pillars-to-encompass-other-dimensions\/","title":{"rendered":"Food Security and Sustainability: Discussing the Four Pillars to Encompass Other Dimensions"},"content":{"rendered":"<p>Guin\u00e9 RPF, Pato MLJ, Costa CA, Costa DVTAC, Silva PBC, Martinho VJPD. (2022)<br \/>\nFood Security and Sustainability: Discussing the Four Pillars to Encompass Other Dimensions.<br \/>\nIn Raposo A, Zandonadi RP, Botelho RBA (Eds)<br \/>\nChallenging the Status Quo to Shape Food Systems Transformation from a Nutritional and Food Security Perspective. Chapter, pp. 197-222, MDPI, Basel, Switzerland.<\/p>","protected":false},"excerpt":{"rendered":"<p>Guin\u00e9 RPF, Pato MLJ, Costa CA, Costa DVTAC, Silva PBC, Martinho VJPD. (2022) Food Security and Sustainability: Discussing the Four Pillars to Encompass Other Dimensions. In Raposo A, Zandonadi RP, Botelho RBA (Eds) Challenging the Status Quo to Shape Food Systems Transformation from a Nutritional and Food Security Perspective. Chapter, pp. 197-222, MDPI, Basel, Switzerland.<\/p>","protected":false},"author":1,"featured_media":0,"comment_status":"closed","ping_status":"open","sticky":false,"template":"","format":"standard","meta":{"site-sidebar-layout":"default","site-content-layout":"","ast-site-content-layout":"default","site-content-style":"default","site-sidebar-style":"default","ast-global-header-display":"","ast-banner-title-visibility":"","ast-main-header-display":"","ast-hfb-above-header-display":"","ast-hfb-below-header-display":"","ast-hfb-mobile-header-display":"","site-post-title":"","ast-breadcrumbs-content":"","ast-featured-img":"","footer-sml-layout":"","ast-disable-related-posts":"","theme-transparent-header-meta":"default","adv-header-id-meta":"","stick-header-meta":"","header-above-stick-meta":"","header-main-stick-meta":"","header-below-stick-meta":"","astra-migrate-meta-layouts":"set","ast-page-background-enabled":"default","ast-page-background-meta":{"desktop":{"background-color":"","background-image":"","background-repeat":"repeat","background-position":"center center","background-size":"auto","background-attachment":"scroll","background-type":"","background-media":"","overlay-type":"","overlay-color":"","overlay-opacity":"","overlay-gradient":""},"tablet":{"background-color":"","background-image":"","background-repeat":"repeat","background-position":"center center","background-size":"auto","background-attachment":"scroll","background-type":"","background-media":"","overlay-type":"","overlay-color":"","overlay-opacity":"","overlay-gradient":""},"mobile":{"background-color":"","background-image":"","background-repeat":"repeat","background-position":"center center","background-size":"auto","background-attachment":"scroll","background-type":"","background-media":"","overlay-type":"","overlay-color":"","overlay-opacity":"","overlay-gradient":""}},"ast-content-background-meta":{"desktop":{"background-color":"var(--ast-global-color-5)","background-image":"","background-repeat":"repeat","background-position":"center center","background-size":"auto","background-attachment":"scroll","background-type":"","background-media":"","overlay-type":"","overlay-color":"","overlay-opacity":"","overlay-gradient":""},"tablet":{"background-color":"var(--ast-global-color-5)","background-image":"","background-repeat":"repeat","background-position":"center center","background-size":"auto","background-attachment":"scroll","background-type":"","background-media":"","overlay-type":"","overlay-color":"","overlay-opacity":"","overlay-gradient":""},"mobile":{"background-color":"var(--ast-global-color-5)","background-image":"","background-repeat":"repeat","background-position":"center center","background-size":"auto","background-attachment":"scroll","background-type":"","background-media":"","overlay-type":"","overlay-color":"","overlay-opacity":"","overlay-gradient":""}},"footnotes":""},"categories":[15,40],"tags":[31,33,45,60,34,46],"class_list":["post-3831","post","type-post","status-publish","format-standard","hentry","category-15","category-capitulo-de-livro","tag-cristina-amaro-da-costa","tag-daniela-costa","tag-lucia-pato","tag-paulo-silva","tag-raquel-guine","tag-vitor-martinho"],"yoast_head":"<!-- This site is optimized with the Yoast SEO plugin v27.5 - https:\/\/yoast.com\/product\/yoast-seo-wordpress\/ -->\r\n<title>Food Security and Sustainability: Discussing the Four Pillars to Encompass Other Dimensions &#8226; CERNAS - IPV<\/title>\r\n<meta name=\"robots\" content=\"noindex, follow\" \/>\r\n<meta property=\"og:locale\" content=\"en_GB\" \/>\r\n<meta property=\"og:type\" content=\"article\" \/>\r\n<meta property=\"og:title\" content=\"Food Security and Sustainability: Discussing the Four Pillars to Encompass Other Dimensions &#8226; CERNAS - IPV\" \/>\r\n<meta property=\"og:description\" content=\"Guin\u00e9 RPF, Pato MLJ, Costa CA, Costa DVTAC, Silva PBC, Martinho VJPD. (2022) Food Security and Sustainability: Discussing the Four Pillars to Encompass Other Dimensions. In Raposo A, Zandonadi RP, Botelho RBA (Eds) Challenging the Status Quo to Shape Food Systems Transformation from a Nutritional and Food Security Perspective. Chapter, pp. 197-222, MDPI, Basel, Switzerland.\" \/>\r\n<meta property=\"og:url\" content=\"https:\/\/events.ipv.pt\/cernas\/en\/food-security-and-sustainability-discussing-the-four-pillars-to-encompass-other-dimensions\/\" \/>\r\n<meta property=\"og:site_name\" content=\"CERNAS - IPV\" \/>\r\n<meta property=\"article:published_time\" content=\"2022-11-19T10:40:42+00:00\" \/>\r\n<meta property=\"article:modified_time\" content=\"2025-11-19T10:41:52+00:00\" \/>\r\n<meta name=\"author\" content=\"cristina\" \/>\r\n<meta name=\"twitter:card\" content=\"summary_large_image\" \/>\r\n<meta name=\"twitter:label1\" content=\"Written by\" \/>\n\t<meta name=\"twitter:data1\" content=\"cristina\" \/>\r\n<script type=\"application\/ld+json\" class=\"yoast-schema-graph\">{\"@context\":\"https:\\\/\\\/schema.org\",\"@graph\":[{\"@type\":\"Article\",\"@id\":\"https:\\\/\\\/events.ipv.pt\\\/cernas\\\/food-security-and-sustainability-discussing-the-four-pillars-to-encompass-other-dimensions\\\/#article\",\"isPartOf\":{\"@id\":\"https:\\\/\\\/events.ipv.pt\\\/cernas\\\/food-security-and-sustainability-discussing-the-four-pillars-to-encompass-other-dimensions\\\/\"},\"author\":{\"name\":\"cristina\",\"@id\":\"https:\\\/\\\/events.ipv.pt\\\/cernas\\\/pt\\\/#\\\/schema\\\/person\\\/a4f2196b39cc86065f614febd531befb\"},\"headline\":\"Food Security and Sustainability: Discussing the Four Pillars to Encompass Other Dimensions\",\"datePublished\":\"2022-11-19T10:40:42+00:00\",\"dateModified\":\"2025-11-19T10:41:52+00:00\",\"mainEntityOfPage\":{\"@id\":\"https:\\\/\\\/events.ipv.pt\\\/cernas\\\/food-security-and-sustainability-discussing-the-four-pillars-to-encompass-other-dimensions\\\/\"},\"wordCount\":66,\"publisher\":{\"@id\":\"https:\\\/\\\/events.ipv.pt\\\/cernas\\\/pt\\\/#organization\"},\"keywords\":[\"Cristina Amaro da Costa\",\"Daniela Costa\",\"L\u00facia Pato\",\"Paulo Silva\",\"Raquel Guin\u00e9\",\"V\u00edtor Martinho\"],\"articleSection\":[\"2022\",\"cap\u00edtulo de livro\"],\"inLanguage\":\"en-GB\"},{\"@type\":\"WebPage\",\"@id\":\"https:\\\/\\\/events.ipv.pt\\\/cernas\\\/food-security-and-sustainability-discussing-the-four-pillars-to-encompass-other-dimensions\\\/\",\"url\":\"https:\\\/\\\/events.ipv.pt\\\/cernas\\\/food-security-and-sustainability-discussing-the-four-pillars-to-encompass-other-dimensions\\\/\",\"name\":\"Food Security and Sustainability: Discussing the Four Pillars to Encompass Other Dimensions &#8226; CERNAS - IPV\",\"isPartOf\":{\"@id\":\"https:\\\/\\\/events.ipv.pt\\\/cernas\\\/pt\\\/#website\"},\"datePublished\":\"2022-11-19T10:40:42+00:00\",\"dateModified\":\"2025-11-19T10:41:52+00:00\",\"breadcrumb\":{\"@id\":\"https:\\\/\\\/events.ipv.pt\\\/cernas\\\/food-security-and-sustainability-discussing-the-four-pillars-to-encompass-other-dimensions\\\/#breadcrumb\"},\"inLanguage\":\"en-GB\",\"potentialAction\":[{\"@type\":\"ReadAction\",\"target\":[\"https:\\\/\\\/events.ipv.pt\\\/cernas\\\/food-security-and-sustainability-discussing-the-four-pillars-to-encompass-other-dimensions\\\/\"]}]},{\"@type\":\"BreadcrumbList\",\"@id\":\"https:\\\/\\\/events.ipv.pt\\\/cernas\\\/food-security-and-sustainability-discussing-the-four-pillars-to-encompass-other-dimensions\\\/#breadcrumb\",\"itemListElement\":[{\"@type\":\"ListItem\",\"position\":1,\"name\":\"Home\",\"item\":\"https:\\\/\\\/events.ipv.pt\\\/cernas\\\/\"},{\"@type\":\"ListItem\",\"position\":2,\"name\":\"Food Security and Sustainability: Discussing the Four Pillars to Encompass Other Dimensions\"}]},{\"@type\":\"WebSite\",\"@id\":\"https:\\\/\\\/events.ipv.pt\\\/cernas\\\/pt\\\/#website\",\"url\":\"https:\\\/\\\/events.ipv.pt\\\/cernas\\\/pt\\\/\",\"name\":\"CERNAS-IPV | Centro de Estudos de Recursos Naturais, Ambiente e Sociedade\",\"description\":\"\",\"publisher\":{\"@id\":\"https:\\\/\\\/events.ipv.pt\\\/cernas\\\/pt\\\/#organization\"},\"potentialAction\":[{\"@type\":\"SearchAction\",\"target\":{\"@type\":\"EntryPoint\",\"urlTemplate\":\"https:\\\/\\\/events.ipv.pt\\\/cernas\\\/pt\\\/?s={search_term_string}\"},\"query-input\":{\"@type\":\"PropertyValueSpecification\",\"valueRequired\":true,\"valueName\":\"search_term_string\"}}],\"inLanguage\":\"en-GB\"},{\"@type\":\"Organization\",\"@id\":\"https:\\\/\\\/events.ipv.pt\\\/cernas\\\/pt\\\/#organization\",\"name\":\"Instituto Polit\u00e9cnico de Viseu\",\"url\":\"https:\\\/\\\/events.ipv.pt\\\/cernas\\\/pt\\\/\",\"logo\":{\"@type\":\"ImageObject\",\"inLanguage\":\"en-GB\",\"@id\":\"https:\\\/\\\/events.ipv.pt\\\/cernas\\\/pt\\\/#\\\/schema\\\/logo\\\/image\\\/\",\"url\":\"http:\\\/\\\/127.0.0.1\\\/cernas\\\/wp-content\\\/uploads\\\/2021\\\/03\\\/logo_pv.png\",\"contentUrl\":\"http:\\\/\\\/127.0.0.1\\\/cernas\\\/wp-content\\\/uploads\\\/2021\\\/03\\\/logo_pv.png\",\"width\":4205,\"height\":1108,\"caption\":\"Instituto Polit\u00e9cnico de Viseu\"},\"image\":{\"@id\":\"https:\\\/\\\/events.ipv.pt\\\/cernas\\\/pt\\\/#\\\/schema\\\/logo\\\/image\\\/\"}},{\"@type\":\"Person\",\"@id\":\"https:\\\/\\\/events.ipv.pt\\\/cernas\\\/pt\\\/#\\\/schema\\\/person\\\/a4f2196b39cc86065f614febd531befb\",\"name\":\"cristina\",\"image\":{\"@type\":\"ImageObject\",\"inLanguage\":\"en-GB\",\"@id\":\"https:\\\/\\\/secure.gravatar.com\\\/avatar\\\/2195ec5194a145ca5d2c2ad965aa08b0d72d7d4157da345cccfeaa221a984952?s=96&d=mm&r=g\",\"url\":\"https:\\\/\\\/secure.gravatar.com\\\/avatar\\\/2195ec5194a145ca5d2c2ad965aa08b0d72d7d4157da345cccfeaa221a984952?s=96&d=mm&r=g\",\"contentUrl\":\"https:\\\/\\\/secure.gravatar.com\\\/avatar\\\/2195ec5194a145ca5d2c2ad965aa08b0d72d7d4157da345cccfeaa221a984952?s=96&d=mm&r=g\",\"caption\":\"cristina\"},\"sameAs\":[\"http:\\\/\\\/localhost\\\/cernas\"]}]}<\/script>\r\n<!-- \/ Yoast SEO plugin. -->","yoast_head_json":{"title":"Food Security and Sustainability: Discussing the Four Pillars to Encompass Other Dimensions &#8226; CERNAS - IPV","robots":{"index":"noindex","follow":"follow"},"og_locale":"en_GB","og_type":"article","og_title":"Food Security and Sustainability: Discussing the Four Pillars to Encompass Other Dimensions &#8226; CERNAS - IPV","og_description":"Guin\u00e9 RPF, Pato MLJ, Costa CA, Costa DVTAC, Silva PBC, Martinho VJPD. (2022) Food Security and Sustainability: Discussing the Four Pillars to Encompass Other Dimensions. In Raposo A, Zandonadi RP, Botelho RBA (Eds) Challenging the Status Quo to Shape Food Systems Transformation from a Nutritional and Food Security Perspective. Chapter, pp. 197-222, MDPI, Basel, Switzerland.","og_url":"https:\/\/events.ipv.pt\/cernas\/en\/food-security-and-sustainability-discussing-the-four-pillars-to-encompass-other-dimensions\/","og_site_name":"CERNAS - IPV","article_published_time":"2022-11-19T10:40:42+00:00","article_modified_time":"2025-11-19T10:41:52+00:00","author":"cristina","twitter_card":"summary_large_image","twitter_misc":{"Written by":"cristina"},"schema":{"@context":"https:\/\/schema.org","@graph":[{"@type":"Article","@id":"https:\/\/events.ipv.pt\/cernas\/food-security-and-sustainability-discussing-the-four-pillars-to-encompass-other-dimensions\/#article","isPartOf":{"@id":"https:\/\/events.ipv.pt\/cernas\/food-security-and-sustainability-discussing-the-four-pillars-to-encompass-other-dimensions\/"},"author":{"name":"cristina","@id":"https:\/\/events.ipv.pt\/cernas\/pt\/#\/schema\/person\/a4f2196b39cc86065f614febd531befb"},"headline":"Food Security and Sustainability: Discussing the Four Pillars to Encompass Other Dimensions","datePublished":"2022-11-19T10:40:42+00:00","dateModified":"2025-11-19T10:41:52+00:00","mainEntityOfPage":{"@id":"https:\/\/events.ipv.pt\/cernas\/food-security-and-sustainability-discussing-the-four-pillars-to-encompass-other-dimensions\/"},"wordCount":66,"publisher":{"@id":"https:\/\/events.ipv.pt\/cernas\/pt\/#organization"},"keywords":["Cristina Amaro da Costa","Daniela Costa","L\u00facia Pato","Paulo Silva","Raquel Guin\u00e9","V\u00edtor Martinho"],"articleSection":["2022","cap\u00edtulo de livro"],"inLanguage":"en-GB"},{"@type":"WebPage","@id":"https:\/\/events.ipv.pt\/cernas\/food-security-and-sustainability-discussing-the-four-pillars-to-encompass-other-dimensions\/","url":"https:\/\/events.ipv.pt\/cernas\/food-security-and-sustainability-discussing-the-four-pillars-to-encompass-other-dimensions\/","name":"Food Security and Sustainability: Discussing the Four Pillars to Encompass Other Dimensions &#8226; CERNAS - IPV","isPartOf":{"@id":"https:\/\/events.ipv.pt\/cernas\/pt\/#website"},"datePublished":"2022-11-19T10:40:42+00:00","dateModified":"2025-11-19T10:41:52+00:00","breadcrumb":{"@id":"https:\/\/events.ipv.pt\/cernas\/food-security-and-sustainability-discussing-the-four-pillars-to-encompass-other-dimensions\/#breadcrumb"},"inLanguage":"en-GB","potentialAction":[{"@type":"ReadAction","target":["https:\/\/events.ipv.pt\/cernas\/food-security-and-sustainability-discussing-the-four-pillars-to-encompass-other-dimensions\/"]}]},{"@type":"BreadcrumbList","@id":"https:\/\/events.ipv.pt\/cernas\/food-security-and-sustainability-discussing-the-four-pillars-to-encompass-other-dimensions\/#breadcrumb","itemListElement":[{"@type":"ListItem","position":1,"name":"Home","item":"https:\/\/events.ipv.pt\/cernas\/"},{"@type":"ListItem","position":2,"name":"Food Security and Sustainability: Discussing the Four Pillars to Encompass Other Dimensions"}]},{"@type":"WebSite","@id":"https:\/\/events.ipv.pt\/cernas\/pt\/#website","url":"https:\/\/events.ipv.pt\/cernas\/pt\/","name":"CERNAS-IPV | Centro de Estudos de Recursos Naturais, Ambiente e Sociedade","description":"","publisher":{"@id":"https:\/\/events.ipv.pt\/cernas\/pt\/#organization"},"potentialAction":[{"@type":"SearchAction","target":{"@type":"EntryPoint","urlTemplate":"https:\/\/events.ipv.pt\/cernas\/pt\/?s={search_term_string}"},"query-input":{"@type":"PropertyValueSpecification","valueRequired":true,"valueName":"search_term_string"}}],"inLanguage":"en-GB"},{"@type":"Organization","@id":"https:\/\/events.ipv.pt\/cernas\/pt\/#organization","name":"Instituto Polit\u00e9cnico de Viseu","url":"https:\/\/events.ipv.pt\/cernas\/pt\/","logo":{"@type":"ImageObject","inLanguage":"en-GB","@id":"https:\/\/events.ipv.pt\/cernas\/pt\/#\/schema\/logo\/image\/","url":"http:\/\/127.0.0.1\/cernas\/wp-content\/uploads\/2021\/03\/logo_pv.png","contentUrl":"http:\/\/127.0.0.1\/cernas\/wp-content\/uploads\/2021\/03\/logo_pv.png","width":4205,"height":1108,"caption":"Instituto Polit\u00e9cnico de Viseu"},"image":{"@id":"https:\/\/events.ipv.pt\/cernas\/pt\/#\/schema\/logo\/image\/"}},{"@type":"Person","@id":"https:\/\/events.ipv.pt\/cernas\/pt\/#\/schema\/person\/a4f2196b39cc86065f614febd531befb","name":"cristina","image":{"@type":"ImageObject","inLanguage":"en-GB","@id":"https:\/\/secure.gravatar.com\/avatar\/2195ec5194a145ca5d2c2ad965aa08b0d72d7d4157da345cccfeaa221a984952?s=96&d=mm&r=g","url":"https:\/\/secure.gravatar.com\/avatar\/2195ec5194a145ca5d2c2ad965aa08b0d72d7d4157da345cccfeaa221a984952?s=96&d=mm&r=g","contentUrl":"https:\/\/secure.gravatar.com\/avatar\/2195ec5194a145ca5d2c2ad965aa08b0d72d7d4157da345cccfeaa221a984952?s=96&d=mm&r=g","caption":"cristina"},"sameAs":["http:\/\/localhost\/cernas"]}]}},"_links":{"self":[{"href":"https:\/\/events.ipv.pt\/cernas\/en\/wp-json\/wp\/v2\/posts\/3831","targetHints":{"allow":["GET"]}}],"collection":[{"href":"https:\/\/events.ipv.pt\/cernas\/en\/wp-json\/wp\/v2\/posts"}],"about":[{"href":"https:\/\/events.ipv.pt\/cernas\/en\/wp-json\/wp\/v2\/types\/post"}],"author":[{"embeddable":true,"href":"https:\/\/events.ipv.pt\/cernas\/en\/wp-json\/wp\/v2\/users\/1"}],"replies":[{"embeddable":true,"href":"https:\/\/events.ipv.pt\/cernas\/en\/wp-json\/wp\/v2\/comments?post=3831"}],"version-history":[{"count":1,"href":"https:\/\/events.ipv.pt\/cernas\/en\/wp-json\/wp\/v2\/posts\/3831\/revisions"}],"predecessor-version":[{"id":3832,"href":"https:\/\/events.ipv.pt\/cernas\/en\/wp-json\/wp\/v2\/posts\/3831\/revisions\/3832"}],"wp:attachment":[{"href":"https:\/\/events.ipv.pt\/cernas\/en\/wp-json\/wp\/v2\/media?parent=3831"}],"wp:term":[{"taxonomy":"category","embeddable":true,"href":"https:\/\/events.ipv.pt\/cernas\/en\/wp-json\/wp\/v2\/categories?post=3831"},{"taxonomy":"post_tag","embeddable":true,"href":"https:\/\/events.ipv.pt\/cernas\/en\/wp-json\/wp\/v2\/tags?post=3831"}],"curies":[{"name":"wp","href":"https:\/\/api.w.org\/{rel}","templated":true}]}}