{"id":2192,"date":"2023-12-21T11:00:05","date_gmt":"2023-12-21T11:00:05","guid":{"rendered":"http:\/\/127.0.0.1\/cernas\/?p=2192"},"modified":"2024-04-01T16:11:53","modified_gmt":"2024-04-01T16:11:53","slug":"escolha-do-editor-the-motivations-for-consumption-of-edible-insects-a-systematic-review","status":"publish","type":"post","link":"https:\/\/events.ipv.pt\/cernas\/en\/escolha-do-editor-the-motivations-for-consumption-of-edible-insects-a-systematic-review\/","title":{"rendered":"[Escolha do Editor] The Motivations for Consumption of Edible Insects: A Systematic Review"},"content":{"rendered":"<div class=\"contArticle RowEndBottom\">\n<div>\n<img loading=\"lazy\" decoding=\"async\" src=\"http:\/\/127.0.0.1\/cernas\/wp-content\/uploads\/2023\/12\/Imagem1.png\" alt=\"\" width=\"551\" height=\"792\" class=\"aligncenter size-full wp-image-2193\" srcset=\"https:\/\/events.ipv.pt\/cernas\/wp-content\/uploads\/2023\/12\/Imagem1.png 551w, https:\/\/events.ipv.pt\/cernas\/wp-content\/uploads\/2023\/12\/Imagem1-209x300.png 209w, https:\/\/events.ipv.pt\/cernas\/wp-content\/uploads\/2023\/12\/Imagem1-8x12.png 8w\" sizes=\"auto, (max-width: 551px) 100vw, 551px\" \/>\n<\/div>\n<div>\n<h3 style=\"color: #537c3a;\" class=\"translation-block\">The article: Floren\u00e7a SG, Guin\u00e9 RPF, Gon\u00e7alves FJA, Barroca MJ, Ferreira M, Costa CA, Correia PMR, Cardoso AP, Campos S, Anjos O, Cunha LM. (2022) The Motivations for Consumption of Edible Insects: A Systematic Review. <em>Foods, 11<\/em>(22), e3643. <strong>has been awarded with Editor's Choice<\/strong>.<\/h3>\n<p>Editor's Choice articles are based on recommendations from the scientific editors of MDPI journals around the world. The editors select a small number of articles recently published in the journal that they believe are particularly interesting to readers or important in their field of research. The aim is to provide an overview of some of the most interesting work published in the journal's various research areas.\n<\/p><\/div>\n<\/div>","protected":false},"excerpt":{"rendered":"<p>O artigo: Floren\u00e7a SG, Guin\u00e9 RPF, Gon\u00e7alves FJA, Barroca MJ, Ferreira M, Costa CA, Correia PMR, Cardoso AP, Campos S, Anjos O, Cunha LM. (2022) The Motivations for Consumption of Edible Insects: A Systematic Review. Foods, 11(22), e3643. foi distinguido com a Escolha do Editor. Os artigos Editor&#8217;s Choice s\u00e3o baseados em recomenda\u00e7\u00f5es dos editores [&hellip;]<\/p>\n","protected":false},"author":1,"featured_media":2194,"comment_status":"closed","ping_status":"open","sticky":false,"template":"","format":"standard","meta":{"site-sidebar-layout":"default","site-content-layout":"","ast-site-content-layout":"normal-width-container","site-content-style":"boxed","site-sidebar-style":"default","ast-global-header-display":"","ast-banner-title-visibility":"","ast-main-header-display":"","ast-hfb-above-header-display":"","ast-hfb-below-header-display":"","ast-hfb-mobile-header-display":"","site-post-title":"","ast-breadcrumbs-content":"disabled","ast-featured-img":"disabled","footer-sml-layout":"","ast-disable-related-posts":"","theme-transparent-header-meta":"default","adv-header-id-meta":"","stick-header-meta":"","header-above-stick-meta":"","header-main-stick-meta":"","header-below-stick-meta":"","astra-migrate-meta-layouts":"set","ast-page-background-enabled":"default","ast-page-background-meta":{"desktop":{"background-color":"","background-image":"","background-repeat":"repeat","background-position":"center center","background-size":"auto","background-attachment":"scroll","background-type":"","background-media":"","overlay-type":"","overlay-color":"","overlay-opacity":"","overlay-gradient":""},"tablet":{"background-color":"","background-image":"","background-repeat":"repeat","background-position":"center center","background-size":"auto","background-attachment":"scroll","background-type":"","background-media":"","overlay-type":"","overlay-color":"","overlay-opacity":"","overlay-gradient":""},"mobile":{"background-color":"","background-image":"","background-repeat":"repeat","background-position":"center center","background-size":"auto","background-attachment":"scroll","background-type":"","background-media":"","overlay-type":"","overlay-color":"","overlay-opacity":"","overlay-gradient":""}},"ast-content-background-meta":{"desktop":{"background-color":"var(--ast-global-color-5)","background-image":"","background-repeat":"repeat","background-position":"center center","background-size":"auto","background-attachment":"scroll","background-type":"","background-media":"","overlay-type":"","overlay-color":"","overlay-opacity":"","overlay-gradient":""},"tablet":{"background-color":"var(--ast-global-color-5)","background-image":"","background-repeat":"repeat","background-position":"center center","background-size":"auto","background-attachment":"scroll","background-type":"","background-media":"","overlay-type":"","overlay-color":"","overlay-opacity":"","overlay-gradient":""},"mobile":{"background-color":"var(--ast-global-color-5)","background-image":"","background-repeat":"repeat","background-position":"center center","background-size":"auto","background-attachment":"scroll","background-type":"","background-media":"","overlay-type":"","overlay-color":"","overlay-opacity":"","overlay-gradient":""}},"footnotes":""},"categories":[5,6,15,4],"tags":[],"class_list":["post-2192","post","type-post","status-publish","format-standard","has-post-thumbnail","hentry","category-5","category-6","category-15","category-destaques"],"yoast_head":"<!-- This site is optimized with the Yoast SEO plugin v27.5 - https:\/\/yoast.com\/product\/yoast-seo-wordpress\/ -->\r\n<title>[Escolha do Editor] The Motivations for Consumption of Edible Insects: A Systematic Review &#8226; CERNAS - IPV<\/title>\r\n<meta name=\"robots\" content=\"noindex, follow\" \/>\r\n<meta property=\"og:locale\" content=\"en_GB\" \/>\r\n<meta property=\"og:type\" content=\"article\" \/>\r\n<meta property=\"og:title\" content=\"[Escolha do Editor] The Motivations for Consumption of Edible Insects: A Systematic Review &#8226; CERNAS - IPV\" \/>\r\n<meta property=\"og:description\" content=\"O artigo: Floren\u00e7a SG, Guin\u00e9 RPF, Gon\u00e7alves FJA, Barroca MJ, Ferreira M, Costa CA, Correia PMR, Cardoso AP, Campos S, Anjos O, Cunha LM. (2022) The Motivations for Consumption of Edible Insects: A Systematic Review. Foods, 11(22), e3643. foi distinguido com a Escolha do Editor. Os artigos Editor&#8217;s Choice s\u00e3o baseados em recomenda\u00e7\u00f5es dos editores [&hellip;]\" \/>\r\n<meta property=\"og:url\" content=\"https:\/\/events.ipv.pt\/cernas\/en\/escolha-do-editor-the-motivations-for-consumption-of-edible-insects-a-systematic-review\/\" \/>\r\n<meta property=\"og:site_name\" content=\"CERNAS - IPV\" \/>\r\n<meta property=\"article:published_time\" content=\"2023-12-21T11:00:05+00:00\" \/>\r\n<meta property=\"article:modified_time\" content=\"2024-04-01T16:11:53+00:00\" \/>\r\n<meta property=\"og:image\" content=\"https:\/\/events.ipv.pt\/cernas\/wp-content\/uploads\/2023\/12\/artigo1.jpg\" \/>\r\n\t<meta property=\"og:image:width\" content=\"800\" \/>\r\n\t<meta property=\"og:image:height\" content=\"458\" \/>\r\n\t<meta property=\"og:image:type\" content=\"image\/jpeg\" \/>\r\n<meta name=\"author\" content=\"cristina\" \/>\r\n<meta name=\"twitter:card\" content=\"summary_large_image\" \/>\r\n<meta name=\"twitter:label1\" content=\"Written by\" \/>\n\t<meta name=\"twitter:data1\" content=\"cristina\" \/>\n\t<meta name=\"twitter:label2\" content=\"Estimated reading time\" \/>\n\t<meta name=\"twitter:data2\" content=\"1 minute\" \/>\r\n<script type=\"application\/ld+json\" class=\"yoast-schema-graph\">{\"@context\":\"https:\\\/\\\/schema.org\",\"@graph\":[{\"@type\":\"Article\",\"@id\":\"https:\\\/\\\/events.ipv.pt\\\/cernas\\\/escolha-do-editor-the-motivations-for-consumption-of-edible-insects-a-systematic-review\\\/#article\",\"isPartOf\":{\"@id\":\"https:\\\/\\\/events.ipv.pt\\\/cernas\\\/escolha-do-editor-the-motivations-for-consumption-of-edible-insects-a-systematic-review\\\/\"},\"author\":{\"name\":\"cristina\",\"@id\":\"https:\\\/\\\/events.ipv.pt\\\/cernas\\\/pt\\\/#\\\/schema\\\/person\\\/a4f2196b39cc86065f614febd531befb\"},\"headline\":\"[Escolha do Editor] The Motivations for Consumption of Edible Insects: A Systematic Review\",\"datePublished\":\"2023-12-21T11:00:05+00:00\",\"dateModified\":\"2024-04-01T16:11:53+00:00\",\"mainEntityOfPage\":{\"@id\":\"https:\\\/\\\/events.ipv.pt\\\/cernas\\\/escolha-do-editor-the-motivations-for-consumption-of-edible-insects-a-systematic-review\\\/\"},\"wordCount\":132,\"publisher\":{\"@id\":\"https:\\\/\\\/events.ipv.pt\\\/cernas\\\/pt\\\/#organization\"},\"image\":{\"@id\":\"https:\\\/\\\/events.ipv.pt\\\/cernas\\\/escolha-do-editor-the-motivations-for-consumption-of-edible-insects-a-systematic-review\\\/#primaryimage\"},\"thumbnailUrl\":\"https:\\\/\\\/events.ipv.pt\\\/cernas\\\/wp-content\\\/uploads\\\/2023\\\/12\\\/artigo1.jpg\",\"articleSection\":[\"2019\",\"2020\",\"2022\",\"destaques\"],\"inLanguage\":\"en-GB\"},{\"@type\":\"WebPage\",\"@id\":\"https:\\\/\\\/events.ipv.pt\\\/cernas\\\/escolha-do-editor-the-motivations-for-consumption-of-edible-insects-a-systematic-review\\\/\",\"url\":\"https:\\\/\\\/events.ipv.pt\\\/cernas\\\/escolha-do-editor-the-motivations-for-consumption-of-edible-insects-a-systematic-review\\\/\",\"name\":\"[Escolha do Editor] The Motivations for Consumption of Edible Insects: A Systematic Review &#8226; CERNAS - IPV\",\"isPartOf\":{\"@id\":\"https:\\\/\\\/events.ipv.pt\\\/cernas\\\/pt\\\/#website\"},\"primaryImageOfPage\":{\"@id\":\"https:\\\/\\\/events.ipv.pt\\\/cernas\\\/escolha-do-editor-the-motivations-for-consumption-of-edible-insects-a-systematic-review\\\/#primaryimage\"},\"image\":{\"@id\":\"https:\\\/\\\/events.ipv.pt\\\/cernas\\\/escolha-do-editor-the-motivations-for-consumption-of-edible-insects-a-systematic-review\\\/#primaryimage\"},\"thumbnailUrl\":\"https:\\\/\\\/events.ipv.pt\\\/cernas\\\/wp-content\\\/uploads\\\/2023\\\/12\\\/artigo1.jpg\",\"datePublished\":\"2023-12-21T11:00:05+00:00\",\"dateModified\":\"2024-04-01T16:11:53+00:00\",\"breadcrumb\":{\"@id\":\"https:\\\/\\\/events.ipv.pt\\\/cernas\\\/escolha-do-editor-the-motivations-for-consumption-of-edible-insects-a-systematic-review\\\/#breadcrumb\"},\"inLanguage\":\"en-GB\",\"potentialAction\":[{\"@type\":\"ReadAction\",\"target\":[\"https:\\\/\\\/events.ipv.pt\\\/cernas\\\/escolha-do-editor-the-motivations-for-consumption-of-edible-insects-a-systematic-review\\\/\"]}]},{\"@type\":\"ImageObject\",\"inLanguage\":\"en-GB\",\"@id\":\"https:\\\/\\\/events.ipv.pt\\\/cernas\\\/escolha-do-editor-the-motivations-for-consumption-of-edible-insects-a-systematic-review\\\/#primaryimage\",\"url\":\"https:\\\/\\\/events.ipv.pt\\\/cernas\\\/wp-content\\\/uploads\\\/2023\\\/12\\\/artigo1.jpg\",\"contentUrl\":\"https:\\\/\\\/events.ipv.pt\\\/cernas\\\/wp-content\\\/uploads\\\/2023\\\/12\\\/artigo1.jpg\",\"width\":800,\"height\":458},{\"@type\":\"BreadcrumbList\",\"@id\":\"https:\\\/\\\/events.ipv.pt\\\/cernas\\\/escolha-do-editor-the-motivations-for-consumption-of-edible-insects-a-systematic-review\\\/#breadcrumb\",\"itemListElement\":[{\"@type\":\"ListItem\",\"position\":1,\"name\":\"Home\",\"item\":\"https:\\\/\\\/events.ipv.pt\\\/cernas\\\/\"},{\"@type\":\"ListItem\",\"position\":2,\"name\":\"[Escolha do Editor] The Motivations for Consumption of Edible Insects: A Systematic Review\"}]},{\"@type\":\"WebSite\",\"@id\":\"https:\\\/\\\/events.ipv.pt\\\/cernas\\\/pt\\\/#website\",\"url\":\"https:\\\/\\\/events.ipv.pt\\\/cernas\\\/pt\\\/\",\"name\":\"CERNAS-IPV | Centro de Estudos de Recursos Naturais, Ambiente e Sociedade\",\"description\":\"\",\"publisher\":{\"@id\":\"https:\\\/\\\/events.ipv.pt\\\/cernas\\\/pt\\\/#organization\"},\"potentialAction\":[{\"@type\":\"SearchAction\",\"target\":{\"@type\":\"EntryPoint\",\"urlTemplate\":\"https:\\\/\\\/events.ipv.pt\\\/cernas\\\/pt\\\/?s={search_term_string}\"},\"query-input\":{\"@type\":\"PropertyValueSpecification\",\"valueRequired\":true,\"valueName\":\"search_term_string\"}}],\"inLanguage\":\"en-GB\"},{\"@type\":\"Organization\",\"@id\":\"https:\\\/\\\/events.ipv.pt\\\/cernas\\\/pt\\\/#organization\",\"name\":\"Instituto Polit\u00e9cnico de Viseu\",\"url\":\"https:\\\/\\\/events.ipv.pt\\\/cernas\\\/pt\\\/\",\"logo\":{\"@type\":\"ImageObject\",\"inLanguage\":\"en-GB\",\"@id\":\"https:\\\/\\\/events.ipv.pt\\\/cernas\\\/pt\\\/#\\\/schema\\\/logo\\\/image\\\/\",\"url\":\"http:\\\/\\\/127.0.0.1\\\/cernas\\\/wp-content\\\/uploads\\\/2021\\\/03\\\/logo_pv.png\",\"contentUrl\":\"http:\\\/\\\/127.0.0.1\\\/cernas\\\/wp-content\\\/uploads\\\/2021\\\/03\\\/logo_pv.png\",\"width\":4205,\"height\":1108,\"caption\":\"Instituto Polit\u00e9cnico de Viseu\"},\"image\":{\"@id\":\"https:\\\/\\\/events.ipv.pt\\\/cernas\\\/pt\\\/#\\\/schema\\\/logo\\\/image\\\/\"}},{\"@type\":\"Person\",\"@id\":\"https:\\\/\\\/events.ipv.pt\\\/cernas\\\/pt\\\/#\\\/schema\\\/person\\\/a4f2196b39cc86065f614febd531befb\",\"name\":\"cristina\",\"image\":{\"@type\":\"ImageObject\",\"inLanguage\":\"en-GB\",\"@id\":\"https:\\\/\\\/secure.gravatar.com\\\/avatar\\\/2195ec5194a145ca5d2c2ad965aa08b0d72d7d4157da345cccfeaa221a984952?s=96&d=mm&r=g\",\"url\":\"https:\\\/\\\/secure.gravatar.com\\\/avatar\\\/2195ec5194a145ca5d2c2ad965aa08b0d72d7d4157da345cccfeaa221a984952?s=96&d=mm&r=g\",\"contentUrl\":\"https:\\\/\\\/secure.gravatar.com\\\/avatar\\\/2195ec5194a145ca5d2c2ad965aa08b0d72d7d4157da345cccfeaa221a984952?s=96&d=mm&r=g\",\"caption\":\"cristina\"},\"sameAs\":[\"http:\\\/\\\/localhost\\\/cernas\"]}]}<\/script>\r\n<!-- \/ Yoast SEO plugin. -->","yoast_head_json":{"title":"[Escolha do Editor] The Motivations for Consumption of Edible Insects: A Systematic Review &#8226; CERNAS - IPV","robots":{"index":"noindex","follow":"follow"},"og_locale":"en_GB","og_type":"article","og_title":"[Escolha do Editor] The Motivations for Consumption of Edible Insects: A Systematic Review &#8226; CERNAS - IPV","og_description":"O artigo: Floren\u00e7a SG, Guin\u00e9 RPF, Gon\u00e7alves FJA, Barroca MJ, Ferreira M, Costa CA, Correia PMR, Cardoso AP, Campos S, Anjos O, Cunha LM. (2022) The Motivations for Consumption of Edible Insects: A Systematic Review. Foods, 11(22), e3643. foi distinguido com a Escolha do Editor. Os artigos Editor&#8217;s Choice s\u00e3o baseados em recomenda\u00e7\u00f5es dos editores [&hellip;]","og_url":"https:\/\/events.ipv.pt\/cernas\/en\/escolha-do-editor-the-motivations-for-consumption-of-edible-insects-a-systematic-review\/","og_site_name":"CERNAS - IPV","article_published_time":"2023-12-21T11:00:05+00:00","article_modified_time":"2024-04-01T16:11:53+00:00","og_image":[{"width":800,"height":458,"url":"https:\/\/events.ipv.pt\/cernas\/wp-content\/uploads\/2023\/12\/artigo1.jpg","type":"image\/jpeg"}],"author":"cristina","twitter_card":"summary_large_image","twitter_misc":{"Written by":"cristina","Estimated reading time":"1 minute"},"schema":{"@context":"https:\/\/schema.org","@graph":[{"@type":"Article","@id":"https:\/\/events.ipv.pt\/cernas\/escolha-do-editor-the-motivations-for-consumption-of-edible-insects-a-systematic-review\/#article","isPartOf":{"@id":"https:\/\/events.ipv.pt\/cernas\/escolha-do-editor-the-motivations-for-consumption-of-edible-insects-a-systematic-review\/"},"author":{"name":"cristina","@id":"https:\/\/events.ipv.pt\/cernas\/pt\/#\/schema\/person\/a4f2196b39cc86065f614febd531befb"},"headline":"[Escolha do Editor] The Motivations for Consumption of Edible Insects: A Systematic Review","datePublished":"2023-12-21T11:00:05+00:00","dateModified":"2024-04-01T16:11:53+00:00","mainEntityOfPage":{"@id":"https:\/\/events.ipv.pt\/cernas\/escolha-do-editor-the-motivations-for-consumption-of-edible-insects-a-systematic-review\/"},"wordCount":132,"publisher":{"@id":"https:\/\/events.ipv.pt\/cernas\/pt\/#organization"},"image":{"@id":"https:\/\/events.ipv.pt\/cernas\/escolha-do-editor-the-motivations-for-consumption-of-edible-insects-a-systematic-review\/#primaryimage"},"thumbnailUrl":"https:\/\/events.ipv.pt\/cernas\/wp-content\/uploads\/2023\/12\/artigo1.jpg","articleSection":["2019","2020","2022","destaques"],"inLanguage":"en-GB"},{"@type":"WebPage","@id":"https:\/\/events.ipv.pt\/cernas\/escolha-do-editor-the-motivations-for-consumption-of-edible-insects-a-systematic-review\/","url":"https:\/\/events.ipv.pt\/cernas\/escolha-do-editor-the-motivations-for-consumption-of-edible-insects-a-systematic-review\/","name":"[Escolha do Editor] The Motivations for Consumption of Edible Insects: A Systematic Review &#8226; CERNAS - IPV","isPartOf":{"@id":"https:\/\/events.ipv.pt\/cernas\/pt\/#website"},"primaryImageOfPage":{"@id":"https:\/\/events.ipv.pt\/cernas\/escolha-do-editor-the-motivations-for-consumption-of-edible-insects-a-systematic-review\/#primaryimage"},"image":{"@id":"https:\/\/events.ipv.pt\/cernas\/escolha-do-editor-the-motivations-for-consumption-of-edible-insects-a-systematic-review\/#primaryimage"},"thumbnailUrl":"https:\/\/events.ipv.pt\/cernas\/wp-content\/uploads\/2023\/12\/artigo1.jpg","datePublished":"2023-12-21T11:00:05+00:00","dateModified":"2024-04-01T16:11:53+00:00","breadcrumb":{"@id":"https:\/\/events.ipv.pt\/cernas\/escolha-do-editor-the-motivations-for-consumption-of-edible-insects-a-systematic-review\/#breadcrumb"},"inLanguage":"en-GB","potentialAction":[{"@type":"ReadAction","target":["https:\/\/events.ipv.pt\/cernas\/escolha-do-editor-the-motivations-for-consumption-of-edible-insects-a-systematic-review\/"]}]},{"@type":"ImageObject","inLanguage":"en-GB","@id":"https:\/\/events.ipv.pt\/cernas\/escolha-do-editor-the-motivations-for-consumption-of-edible-insects-a-systematic-review\/#primaryimage","url":"https:\/\/events.ipv.pt\/cernas\/wp-content\/uploads\/2023\/12\/artigo1.jpg","contentUrl":"https:\/\/events.ipv.pt\/cernas\/wp-content\/uploads\/2023\/12\/artigo1.jpg","width":800,"height":458},{"@type":"BreadcrumbList","@id":"https:\/\/events.ipv.pt\/cernas\/escolha-do-editor-the-motivations-for-consumption-of-edible-insects-a-systematic-review\/#breadcrumb","itemListElement":[{"@type":"ListItem","position":1,"name":"Home","item":"https:\/\/events.ipv.pt\/cernas\/"},{"@type":"ListItem","position":2,"name":"[Escolha do Editor] The Motivations for Consumption of Edible Insects: A Systematic Review"}]},{"@type":"WebSite","@id":"https:\/\/events.ipv.pt\/cernas\/pt\/#website","url":"https:\/\/events.ipv.pt\/cernas\/pt\/","name":"CERNAS-IPV | Centro de Estudos de Recursos Naturais, Ambiente e Sociedade","description":"","publisher":{"@id":"https:\/\/events.ipv.pt\/cernas\/pt\/#organization"},"potentialAction":[{"@type":"SearchAction","target":{"@type":"EntryPoint","urlTemplate":"https:\/\/events.ipv.pt\/cernas\/pt\/?s={search_term_string}"},"query-input":{"@type":"PropertyValueSpecification","valueRequired":true,"valueName":"search_term_string"}}],"inLanguage":"en-GB"},{"@type":"Organization","@id":"https:\/\/events.ipv.pt\/cernas\/pt\/#organization","name":"Instituto Polit\u00e9cnico de Viseu","url":"https:\/\/events.ipv.pt\/cernas\/pt\/","logo":{"@type":"ImageObject","inLanguage":"en-GB","@id":"https:\/\/events.ipv.pt\/cernas\/pt\/#\/schema\/logo\/image\/","url":"http:\/\/127.0.0.1\/cernas\/wp-content\/uploads\/2021\/03\/logo_pv.png","contentUrl":"http:\/\/127.0.0.1\/cernas\/wp-content\/uploads\/2021\/03\/logo_pv.png","width":4205,"height":1108,"caption":"Instituto Polit\u00e9cnico de Viseu"},"image":{"@id":"https:\/\/events.ipv.pt\/cernas\/pt\/#\/schema\/logo\/image\/"}},{"@type":"Person","@id":"https:\/\/events.ipv.pt\/cernas\/pt\/#\/schema\/person\/a4f2196b39cc86065f614febd531befb","name":"cristina","image":{"@type":"ImageObject","inLanguage":"en-GB","@id":"https:\/\/secure.gravatar.com\/avatar\/2195ec5194a145ca5d2c2ad965aa08b0d72d7d4157da345cccfeaa221a984952?s=96&d=mm&r=g","url":"https:\/\/secure.gravatar.com\/avatar\/2195ec5194a145ca5d2c2ad965aa08b0d72d7d4157da345cccfeaa221a984952?s=96&d=mm&r=g","contentUrl":"https:\/\/secure.gravatar.com\/avatar\/2195ec5194a145ca5d2c2ad965aa08b0d72d7d4157da345cccfeaa221a984952?s=96&d=mm&r=g","caption":"cristina"},"sameAs":["http:\/\/localhost\/cernas"]}]}},"_links":{"self":[{"href":"https:\/\/events.ipv.pt\/cernas\/en\/wp-json\/wp\/v2\/posts\/2192","targetHints":{"allow":["GET"]}}],"collection":[{"href":"https:\/\/events.ipv.pt\/cernas\/en\/wp-json\/wp\/v2\/posts"}],"about":[{"href":"https:\/\/events.ipv.pt\/cernas\/en\/wp-json\/wp\/v2\/types\/post"}],"author":[{"embeddable":true,"href":"https:\/\/events.ipv.pt\/cernas\/en\/wp-json\/wp\/v2\/users\/1"}],"replies":[{"embeddable":true,"href":"https:\/\/events.ipv.pt\/cernas\/en\/wp-json\/wp\/v2\/comments?post=2192"}],"version-history":[{"count":6,"href":"https:\/\/events.ipv.pt\/cernas\/en\/wp-json\/wp\/v2\/posts\/2192\/revisions"}],"predecessor-version":[{"id":2352,"href":"https:\/\/events.ipv.pt\/cernas\/en\/wp-json\/wp\/v2\/posts\/2192\/revisions\/2352"}],"wp:featuredmedia":[{"embeddable":true,"href":"https:\/\/events.ipv.pt\/cernas\/en\/wp-json\/wp\/v2\/media\/2194"}],"wp:attachment":[{"href":"https:\/\/events.ipv.pt\/cernas\/en\/wp-json\/wp\/v2\/media?parent=2192"}],"wp:term":[{"taxonomy":"category","embeddable":true,"href":"https:\/\/events.ipv.pt\/cernas\/en\/wp-json\/wp\/v2\/categories?post=2192"},{"taxonomy":"post_tag","embeddable":true,"href":"https:\/\/events.ipv.pt\/cernas\/en\/wp-json\/wp\/v2\/tags?post=2192"}],"curies":[{"name":"wp","href":"https:\/\/api.w.org\/{rel}","templated":true}]}}