{"id":2040,"date":"2023-12-06T08:33:48","date_gmt":"2023-12-06T08:33:48","guid":{"rendered":"http:\/\/127.0.0.1\/cernas\/?p=2040"},"modified":"2024-04-09T14:27:57","modified_gmt":"2024-04-09T14:27:57","slug":"x-congresso-internacional-de-agroecologia","status":"publish","type":"post","link":"https:\/\/events.ipv.pt\/cernas\/en\/x-congresso-internacional-de-agroecologia\/","title":{"rendered":"[X Congresso Internacional de Agroecologia] Agroecologias do Mundo: Unidas para enfrentar as crises globais"},"content":{"rendered":"<div class=\"BoxArticle\">\n<h5><i class=\"fa fa-calendar-o\"><\/i> 2 \u2013 6 september, 2024<\/h5>\n<p class=\"translation-block\">Objectives:<br>\n\u2022 To contribute to the production, consolidation and sharing of agroecological knowledge and experiences, in promoting the transition to sustainable food systems through debate and consensus on the common elements between the world's agroecologies.<br>\n\u2022 Continue the process of shaping agroecological strategies as integral responses (technological, socioeconomic and environmental) for a resilient food system, with the capacity to respond to the challenges of climate change, poverty and socioeconomic polarization.<br>\n\u2022 Give visibility to agroecologies from the Global South to the Global North.<\/p>\n<p><a class=\"bt_quad\" href=\"http:\/\/events.ipv.pt\/cernas\/en\/xcia\/\" rel=\"noopener\" target=\"_blank\">more<\/a><\/p>\n<\/div>","protected":false},"excerpt":{"rendered":"<p>2 &#8211; 6 setembro, 2024 S\u00e3o objetivos: \u2022 Contribuir para a produ\u00e7\u00e3o, consolida\u00e7\u00e3o e partilha de conhecimentos e experi\u00eancias agroecol\u00f3gicas, na promo\u00e7\u00e3o da transi\u00e7\u00e3o para sistemas alimentares sustent\u00e1veis atrav\u00e9s do debate e consenso sobre os elementos comuns entre as agroecologias do mundo. \u2022 Continuar o processo de configura\u00e7\u00e3o de estrat\u00e9gias agroecol\u00f3gicas como respostas integrais (tecnol\u00f3gicas, [&hellip;]<\/p>\n","protected":false},"author":1,"featured_media":2041,"comment_status":"closed","ping_status":"open","sticky":false,"template":"","format":"standard","meta":{"site-sidebar-layout":"default","site-content-layout":"default","ast-site-content-layout":"normal-width-container","site-content-style":"boxed","site-sidebar-style":"default","ast-global-header-display":"","ast-banner-title-visibility":"","ast-main-header-display":"","ast-hfb-above-header-display":"","ast-hfb-below-header-display":"","ast-hfb-mobile-header-display":"","site-post-title":"","ast-breadcrumbs-content":"","ast-featured-img":"","footer-sml-layout":"","ast-disable-related-posts":"","theme-transparent-header-meta":"default","adv-header-id-meta":"","stick-header-meta":"","header-above-stick-meta":"","header-main-stick-meta":"","header-below-stick-meta":"","astra-migrate-meta-layouts":"set","ast-page-background-enabled":"default","ast-page-background-meta":{"desktop":{"background-color":"","background-image":"","background-repeat":"repeat","background-position":"center center","background-size":"auto","background-attachment":"scroll","background-type":"","background-media":"","overlay-type":"","overlay-color":"","overlay-opacity":"","overlay-gradient":""},"tablet":{"background-color":"","background-image":"","background-repeat":"repeat","background-position":"center center","background-size":"auto","background-attachment":"scroll","background-type":"","background-media":"","overlay-type":"","overlay-color":"","overlay-opacity":"","overlay-gradient":""},"mobile":{"background-color":"","background-image":"","background-repeat":"repeat","background-position":"center center","background-size":"auto","background-attachment":"scroll","background-type":"","background-media":"","overlay-type":"","overlay-color":"","overlay-opacity":"","overlay-gradient":""}},"ast-content-background-meta":{"desktop":{"background-color":"var(--ast-global-color-5)","background-image":"","background-repeat":"repeat","background-position":"center center","background-size":"auto","background-attachment":"scroll","background-type":"","background-media":"","overlay-type":"","overlay-color":"","overlay-opacity":"","overlay-gradient":""},"tablet":{"background-color":"var(--ast-global-color-5)","background-image":"","background-repeat":"repeat","background-position":"center center","background-size":"auto","background-attachment":"scroll","background-type":"","background-media":"","overlay-type":"","overlay-color":"","overlay-opacity":"","overlay-gradient":""},"mobile":{"background-color":"var(--ast-global-color-5)","background-image":"","background-repeat":"repeat","background-position":"center center","background-size":"auto","background-attachment":"scroll","background-type":"","background-media":"","overlay-type":"","overlay-color":"","overlay-opacity":"","overlay-gradient":""}},"footnotes":""},"categories":[5,6,15,4,13],"tags":[],"class_list":["post-2040","post","type-post","status-publish","format-standard","has-post-thumbnail","hentry","category-5","category-6","category-15","category-destaques","category-eventos"],"yoast_head":"<!-- This site is optimized with the Yoast SEO plugin v27.5 - https:\/\/yoast.com\/product\/yoast-seo-wordpress\/ -->\r\n<title>[X Congresso Internacional de Agroecologia] Agroecologias do Mundo: Unidas para enfrentar as crises globais &#8226; CERNAS - IPV<\/title>\r\n<meta name=\"robots\" content=\"noindex, follow\" \/>\r\n<meta property=\"og:locale\" content=\"en_GB\" \/>\r\n<meta property=\"og:type\" content=\"article\" \/>\r\n<meta property=\"og:title\" content=\"[X Congresso Internacional de Agroecologia] Agroecologias do Mundo: Unidas para enfrentar as crises globais &#8226; CERNAS - IPV\" \/>\r\n<meta property=\"og:description\" content=\"2 &#8211; 6 setembro, 2024 S\u00e3o objetivos: \u2022 Contribuir para a produ\u00e7\u00e3o, consolida\u00e7\u00e3o e partilha de conhecimentos e experi\u00eancias agroecol\u00f3gicas, na promo\u00e7\u00e3o da transi\u00e7\u00e3o para sistemas alimentares sustent\u00e1veis atrav\u00e9s do debate e consenso sobre os elementos comuns entre as agroecologias do mundo. \u2022 Continuar o processo de configura\u00e7\u00e3o de estrat\u00e9gias agroecol\u00f3gicas como respostas integrais (tecnol\u00f3gicas, [&hellip;]\" \/>\r\n<meta property=\"og:url\" content=\"https:\/\/events.ipv.pt\/cernas\/en\/x-congresso-internacional-de-agroecologia\/\" \/>\r\n<meta property=\"og:site_name\" content=\"CERNAS - IPV\" \/>\r\n<meta property=\"article:published_time\" content=\"2023-12-06T08:33:48+00:00\" \/>\r\n<meta property=\"article:modified_time\" content=\"2024-04-09T14:27:57+00:00\" \/>\r\n<meta property=\"og:image\" content=\"https:\/\/events.ipv.pt\/cernas\/wp-content\/uploads\/2023\/07\/xciaEventos.jpg\" \/>\r\n\t<meta property=\"og:image:width\" content=\"500\" \/>\r\n\t<meta property=\"og:image:height\" content=\"300\" \/>\r\n\t<meta property=\"og:image:type\" content=\"image\/jpeg\" \/>\r\n<meta name=\"author\" content=\"cristina\" \/>\r\n<meta name=\"twitter:card\" content=\"summary_large_image\" \/>\r\n<meta name=\"twitter:label1\" content=\"Written by\" \/>\n\t<meta name=\"twitter:data1\" content=\"cristina\" \/>\n\t<meta name=\"twitter:label2\" content=\"Estimated reading time\" \/>\n\t<meta name=\"twitter:data2\" content=\"1 minute\" \/>\r\n<script type=\"application\/ld+json\" class=\"yoast-schema-graph\">{\"@context\":\"https:\\\/\\\/schema.org\",\"@graph\":[{\"@type\":\"Article\",\"@id\":\"https:\\\/\\\/events.ipv.pt\\\/cernas\\\/x-congresso-internacional-de-agroecologia\\\/#article\",\"isPartOf\":{\"@id\":\"https:\\\/\\\/events.ipv.pt\\\/cernas\\\/x-congresso-internacional-de-agroecologia\\\/\"},\"author\":{\"name\":\"cristina\",\"@id\":\"https:\\\/\\\/events.ipv.pt\\\/cernas\\\/pt\\\/#\\\/schema\\\/person\\\/a4f2196b39cc86065f614febd531befb\"},\"headline\":\"[X Congresso Internacional de Agroecologia] Agroecologias do Mundo: Unidas para enfrentar as crises globais\",\"datePublished\":\"2023-12-06T08:33:48+00:00\",\"dateModified\":\"2024-04-09T14:27:57+00:00\",\"mainEntityOfPage\":{\"@id\":\"https:\\\/\\\/events.ipv.pt\\\/cernas\\\/x-congresso-internacional-de-agroecologia\\\/\"},\"wordCount\":115,\"publisher\":{\"@id\":\"https:\\\/\\\/events.ipv.pt\\\/cernas\\\/pt\\\/#organization\"},\"image\":{\"@id\":\"https:\\\/\\\/events.ipv.pt\\\/cernas\\\/x-congresso-internacional-de-agroecologia\\\/#primaryimage\"},\"thumbnailUrl\":\"https:\\\/\\\/events.ipv.pt\\\/cernas\\\/wp-content\\\/uploads\\\/2023\\\/07\\\/xciaEventos.jpg\",\"articleSection\":[\"2019\",\"2020\",\"2022\",\"destaques\",\"eventos\"],\"inLanguage\":\"en-GB\"},{\"@type\":\"WebPage\",\"@id\":\"https:\\\/\\\/events.ipv.pt\\\/cernas\\\/x-congresso-internacional-de-agroecologia\\\/\",\"url\":\"https:\\\/\\\/events.ipv.pt\\\/cernas\\\/x-congresso-internacional-de-agroecologia\\\/\",\"name\":\"[X Congresso Internacional de Agroecologia] Agroecologias do Mundo: Unidas para enfrentar as crises globais &#8226; CERNAS - IPV\",\"isPartOf\":{\"@id\":\"https:\\\/\\\/events.ipv.pt\\\/cernas\\\/pt\\\/#website\"},\"primaryImageOfPage\":{\"@id\":\"https:\\\/\\\/events.ipv.pt\\\/cernas\\\/x-congresso-internacional-de-agroecologia\\\/#primaryimage\"},\"image\":{\"@id\":\"https:\\\/\\\/events.ipv.pt\\\/cernas\\\/x-congresso-internacional-de-agroecologia\\\/#primaryimage\"},\"thumbnailUrl\":\"https:\\\/\\\/events.ipv.pt\\\/cernas\\\/wp-content\\\/uploads\\\/2023\\\/07\\\/xciaEventos.jpg\",\"datePublished\":\"2023-12-06T08:33:48+00:00\",\"dateModified\":\"2024-04-09T14:27:57+00:00\",\"breadcrumb\":{\"@id\":\"https:\\\/\\\/events.ipv.pt\\\/cernas\\\/x-congresso-internacional-de-agroecologia\\\/#breadcrumb\"},\"inLanguage\":\"en-GB\",\"potentialAction\":[{\"@type\":\"ReadAction\",\"target\":[\"https:\\\/\\\/events.ipv.pt\\\/cernas\\\/x-congresso-internacional-de-agroecologia\\\/\"]}]},{\"@type\":\"ImageObject\",\"inLanguage\":\"en-GB\",\"@id\":\"https:\\\/\\\/events.ipv.pt\\\/cernas\\\/x-congresso-internacional-de-agroecologia\\\/#primaryimage\",\"url\":\"https:\\\/\\\/events.ipv.pt\\\/cernas\\\/wp-content\\\/uploads\\\/2023\\\/07\\\/xciaEventos.jpg\",\"contentUrl\":\"https:\\\/\\\/events.ipv.pt\\\/cernas\\\/wp-content\\\/uploads\\\/2023\\\/07\\\/xciaEventos.jpg\",\"width\":500,\"height\":300},{\"@type\":\"BreadcrumbList\",\"@id\":\"https:\\\/\\\/events.ipv.pt\\\/cernas\\\/x-congresso-internacional-de-agroecologia\\\/#breadcrumb\",\"itemListElement\":[{\"@type\":\"ListItem\",\"position\":1,\"name\":\"Home\",\"item\":\"https:\\\/\\\/events.ipv.pt\\\/cernas\\\/\"},{\"@type\":\"ListItem\",\"position\":2,\"name\":\"[X Congresso Internacional de Agroecologia] Agroecologias do Mundo: Unidas para enfrentar as crises globais\"}]},{\"@type\":\"WebSite\",\"@id\":\"https:\\\/\\\/events.ipv.pt\\\/cernas\\\/pt\\\/#website\",\"url\":\"https:\\\/\\\/events.ipv.pt\\\/cernas\\\/pt\\\/\",\"name\":\"CERNAS-IPV | Centro de Estudos de Recursos Naturais, Ambiente e Sociedade\",\"description\":\"\",\"publisher\":{\"@id\":\"https:\\\/\\\/events.ipv.pt\\\/cernas\\\/pt\\\/#organization\"},\"potentialAction\":[{\"@type\":\"SearchAction\",\"target\":{\"@type\":\"EntryPoint\",\"urlTemplate\":\"https:\\\/\\\/events.ipv.pt\\\/cernas\\\/pt\\\/?s={search_term_string}\"},\"query-input\":{\"@type\":\"PropertyValueSpecification\",\"valueRequired\":true,\"valueName\":\"search_term_string\"}}],\"inLanguage\":\"en-GB\"},{\"@type\":\"Organization\",\"@id\":\"https:\\\/\\\/events.ipv.pt\\\/cernas\\\/pt\\\/#organization\",\"name\":\"Instituto Polit\u00e9cnico de Viseu\",\"url\":\"https:\\\/\\\/events.ipv.pt\\\/cernas\\\/pt\\\/\",\"logo\":{\"@type\":\"ImageObject\",\"inLanguage\":\"en-GB\",\"@id\":\"https:\\\/\\\/events.ipv.pt\\\/cernas\\\/pt\\\/#\\\/schema\\\/logo\\\/image\\\/\",\"url\":\"http:\\\/\\\/127.0.0.1\\\/cernas\\\/wp-content\\\/uploads\\\/2021\\\/03\\\/logo_pv.png\",\"contentUrl\":\"http:\\\/\\\/127.0.0.1\\\/cernas\\\/wp-content\\\/uploads\\\/2021\\\/03\\\/logo_pv.png\",\"width\":4205,\"height\":1108,\"caption\":\"Instituto Polit\u00e9cnico de Viseu\"},\"image\":{\"@id\":\"https:\\\/\\\/events.ipv.pt\\\/cernas\\\/pt\\\/#\\\/schema\\\/logo\\\/image\\\/\"}},{\"@type\":\"Person\",\"@id\":\"https:\\\/\\\/events.ipv.pt\\\/cernas\\\/pt\\\/#\\\/schema\\\/person\\\/a4f2196b39cc86065f614febd531befb\",\"name\":\"cristina\",\"image\":{\"@type\":\"ImageObject\",\"inLanguage\":\"en-GB\",\"@id\":\"https:\\\/\\\/secure.gravatar.com\\\/avatar\\\/2195ec5194a145ca5d2c2ad965aa08b0d72d7d4157da345cccfeaa221a984952?s=96&d=mm&r=g\",\"url\":\"https:\\\/\\\/secure.gravatar.com\\\/avatar\\\/2195ec5194a145ca5d2c2ad965aa08b0d72d7d4157da345cccfeaa221a984952?s=96&d=mm&r=g\",\"contentUrl\":\"https:\\\/\\\/secure.gravatar.com\\\/avatar\\\/2195ec5194a145ca5d2c2ad965aa08b0d72d7d4157da345cccfeaa221a984952?s=96&d=mm&r=g\",\"caption\":\"cristina\"},\"sameAs\":[\"http:\\\/\\\/localhost\\\/cernas\"]}]}<\/script>\r\n<!-- \/ Yoast SEO plugin. -->","yoast_head_json":{"title":"[X Congresso Internacional de Agroecologia] Agroecologias do Mundo: Unidas para enfrentar as crises globais &#8226; CERNAS - IPV","robots":{"index":"noindex","follow":"follow"},"og_locale":"en_GB","og_type":"article","og_title":"[X Congresso Internacional de Agroecologia] Agroecologias do Mundo: Unidas para enfrentar as crises globais &#8226; CERNAS - IPV","og_description":"2 &#8211; 6 setembro, 2024 S\u00e3o objetivos: \u2022 Contribuir para a produ\u00e7\u00e3o, consolida\u00e7\u00e3o e partilha de conhecimentos e experi\u00eancias agroecol\u00f3gicas, na promo\u00e7\u00e3o da transi\u00e7\u00e3o para sistemas alimentares sustent\u00e1veis atrav\u00e9s do debate e consenso sobre os elementos comuns entre as agroecologias do mundo. \u2022 Continuar o processo de configura\u00e7\u00e3o de estrat\u00e9gias agroecol\u00f3gicas como respostas integrais (tecnol\u00f3gicas, [&hellip;]","og_url":"https:\/\/events.ipv.pt\/cernas\/en\/x-congresso-internacional-de-agroecologia\/","og_site_name":"CERNAS - IPV","article_published_time":"2023-12-06T08:33:48+00:00","article_modified_time":"2024-04-09T14:27:57+00:00","og_image":[{"width":500,"height":300,"url":"https:\/\/events.ipv.pt\/cernas\/wp-content\/uploads\/2023\/07\/xciaEventos.jpg","type":"image\/jpeg"}],"author":"cristina","twitter_card":"summary_large_image","twitter_misc":{"Written by":"cristina","Estimated reading time":"1 minute"},"schema":{"@context":"https:\/\/schema.org","@graph":[{"@type":"Article","@id":"https:\/\/events.ipv.pt\/cernas\/x-congresso-internacional-de-agroecologia\/#article","isPartOf":{"@id":"https:\/\/events.ipv.pt\/cernas\/x-congresso-internacional-de-agroecologia\/"},"author":{"name":"cristina","@id":"https:\/\/events.ipv.pt\/cernas\/pt\/#\/schema\/person\/a4f2196b39cc86065f614febd531befb"},"headline":"[X Congresso Internacional de Agroecologia] Agroecologias do Mundo: Unidas para enfrentar as crises globais","datePublished":"2023-12-06T08:33:48+00:00","dateModified":"2024-04-09T14:27:57+00:00","mainEntityOfPage":{"@id":"https:\/\/events.ipv.pt\/cernas\/x-congresso-internacional-de-agroecologia\/"},"wordCount":115,"publisher":{"@id":"https:\/\/events.ipv.pt\/cernas\/pt\/#organization"},"image":{"@id":"https:\/\/events.ipv.pt\/cernas\/x-congresso-internacional-de-agroecologia\/#primaryimage"},"thumbnailUrl":"https:\/\/events.ipv.pt\/cernas\/wp-content\/uploads\/2023\/07\/xciaEventos.jpg","articleSection":["2019","2020","2022","destaques","eventos"],"inLanguage":"en-GB"},{"@type":"WebPage","@id":"https:\/\/events.ipv.pt\/cernas\/x-congresso-internacional-de-agroecologia\/","url":"https:\/\/events.ipv.pt\/cernas\/x-congresso-internacional-de-agroecologia\/","name":"[X Congresso Internacional de Agroecologia] Agroecologias do Mundo: Unidas para enfrentar as crises globais &#8226; CERNAS - IPV","isPartOf":{"@id":"https:\/\/events.ipv.pt\/cernas\/pt\/#website"},"primaryImageOfPage":{"@id":"https:\/\/events.ipv.pt\/cernas\/x-congresso-internacional-de-agroecologia\/#primaryimage"},"image":{"@id":"https:\/\/events.ipv.pt\/cernas\/x-congresso-internacional-de-agroecologia\/#primaryimage"},"thumbnailUrl":"https:\/\/events.ipv.pt\/cernas\/wp-content\/uploads\/2023\/07\/xciaEventos.jpg","datePublished":"2023-12-06T08:33:48+00:00","dateModified":"2024-04-09T14:27:57+00:00","breadcrumb":{"@id":"https:\/\/events.ipv.pt\/cernas\/x-congresso-internacional-de-agroecologia\/#breadcrumb"},"inLanguage":"en-GB","potentialAction":[{"@type":"ReadAction","target":["https:\/\/events.ipv.pt\/cernas\/x-congresso-internacional-de-agroecologia\/"]}]},{"@type":"ImageObject","inLanguage":"en-GB","@id":"https:\/\/events.ipv.pt\/cernas\/x-congresso-internacional-de-agroecologia\/#primaryimage","url":"https:\/\/events.ipv.pt\/cernas\/wp-content\/uploads\/2023\/07\/xciaEventos.jpg","contentUrl":"https:\/\/events.ipv.pt\/cernas\/wp-content\/uploads\/2023\/07\/xciaEventos.jpg","width":500,"height":300},{"@type":"BreadcrumbList","@id":"https:\/\/events.ipv.pt\/cernas\/x-congresso-internacional-de-agroecologia\/#breadcrumb","itemListElement":[{"@type":"ListItem","position":1,"name":"Home","item":"https:\/\/events.ipv.pt\/cernas\/"},{"@type":"ListItem","position":2,"name":"[X Congresso Internacional de Agroecologia] Agroecologias do Mundo: Unidas para enfrentar as crises globais"}]},{"@type":"WebSite","@id":"https:\/\/events.ipv.pt\/cernas\/pt\/#website","url":"https:\/\/events.ipv.pt\/cernas\/pt\/","name":"CERNAS-IPV | Centro de Estudos de Recursos Naturais, Ambiente e Sociedade","description":"","publisher":{"@id":"https:\/\/events.ipv.pt\/cernas\/pt\/#organization"},"potentialAction":[{"@type":"SearchAction","target":{"@type":"EntryPoint","urlTemplate":"https:\/\/events.ipv.pt\/cernas\/pt\/?s={search_term_string}"},"query-input":{"@type":"PropertyValueSpecification","valueRequired":true,"valueName":"search_term_string"}}],"inLanguage":"en-GB"},{"@type":"Organization","@id":"https:\/\/events.ipv.pt\/cernas\/pt\/#organization","name":"Instituto Polit\u00e9cnico de Viseu","url":"https:\/\/events.ipv.pt\/cernas\/pt\/","logo":{"@type":"ImageObject","inLanguage":"en-GB","@id":"https:\/\/events.ipv.pt\/cernas\/pt\/#\/schema\/logo\/image\/","url":"http:\/\/127.0.0.1\/cernas\/wp-content\/uploads\/2021\/03\/logo_pv.png","contentUrl":"http:\/\/127.0.0.1\/cernas\/wp-content\/uploads\/2021\/03\/logo_pv.png","width":4205,"height":1108,"caption":"Instituto Polit\u00e9cnico de Viseu"},"image":{"@id":"https:\/\/events.ipv.pt\/cernas\/pt\/#\/schema\/logo\/image\/"}},{"@type":"Person","@id":"https:\/\/events.ipv.pt\/cernas\/pt\/#\/schema\/person\/a4f2196b39cc86065f614febd531befb","name":"cristina","image":{"@type":"ImageObject","inLanguage":"en-GB","@id":"https:\/\/secure.gravatar.com\/avatar\/2195ec5194a145ca5d2c2ad965aa08b0d72d7d4157da345cccfeaa221a984952?s=96&d=mm&r=g","url":"https:\/\/secure.gravatar.com\/avatar\/2195ec5194a145ca5d2c2ad965aa08b0d72d7d4157da345cccfeaa221a984952?s=96&d=mm&r=g","contentUrl":"https:\/\/secure.gravatar.com\/avatar\/2195ec5194a145ca5d2c2ad965aa08b0d72d7d4157da345cccfeaa221a984952?s=96&d=mm&r=g","caption":"cristina"},"sameAs":["http:\/\/localhost\/cernas"]}]}},"_links":{"self":[{"href":"https:\/\/events.ipv.pt\/cernas\/en\/wp-json\/wp\/v2\/posts\/2040","targetHints":{"allow":["GET"]}}],"collection":[{"href":"https:\/\/events.ipv.pt\/cernas\/en\/wp-json\/wp\/v2\/posts"}],"about":[{"href":"https:\/\/events.ipv.pt\/cernas\/en\/wp-json\/wp\/v2\/types\/post"}],"author":[{"embeddable":true,"href":"https:\/\/events.ipv.pt\/cernas\/en\/wp-json\/wp\/v2\/users\/1"}],"replies":[{"embeddable":true,"href":"https:\/\/events.ipv.pt\/cernas\/en\/wp-json\/wp\/v2\/comments?post=2040"}],"version-history":[{"count":8,"href":"https:\/\/events.ipv.pt\/cernas\/en\/wp-json\/wp\/v2\/posts\/2040\/revisions"}],"predecessor-version":[{"id":2861,"href":"https:\/\/events.ipv.pt\/cernas\/en\/wp-json\/wp\/v2\/posts\/2040\/revisions\/2861"}],"wp:featuredmedia":[{"embeddable":true,"href":"https:\/\/events.ipv.pt\/cernas\/en\/wp-json\/wp\/v2\/media\/2041"}],"wp:attachment":[{"href":"https:\/\/events.ipv.pt\/cernas\/en\/wp-json\/wp\/v2\/media?parent=2040"}],"wp:term":[{"taxonomy":"category","embeddable":true,"href":"https:\/\/events.ipv.pt\/cernas\/en\/wp-json\/wp\/v2\/categories?post=2040"},{"taxonomy":"post_tag","embeddable":true,"href":"https:\/\/events.ipv.pt\/cernas\/en\/wp-json\/wp\/v2\/tags?post=2040"}],"curies":[{"name":"wp","href":"https:\/\/api.w.org\/{rel}","templated":true}]}}